{"id":54236,"date":"2023-09-13T10:12:52","date_gmt":"2023-09-13T13:12:52","guid":{"rendered":"https:\/\/www.paranapraia.com.br\/?p=54236"},"modified":"2023-09-13T10:12:53","modified_gmt":"2023-09-13T13:12:53","slug":"matinhos-teve-populacao-flutuante-de-aproximadamente-200-mil-habitantes-neste-feriado","status":"publish","type":"post","link":"https:\/\/www.paranapraia.com.br\/index.php\/2023\/09\/13\/matinhos-teve-populacao-flutuante-de-aproximadamente-200-mil-habitantes-neste-feriado\/","title":{"rendered":"Matinhos teve popula\u00e7\u00e3o flutuante de aproximadamente 200 mil habitantes neste feriado"},"content":{"rendered":"\n<p>Na primeira grande pr\u00e9via do ver\u00e3o que se anuncia, Matinhos teve uma boa mostra, neste feriado de Independ\u00eancia, do que pode ser a temporada 2023\/2024. O feriad\u00e3o de quatro dias, quinta-feira (7) e sexta-feira (8- padroeira de Curitiba), com a cria\u00e7\u00e3o de um calend\u00e1rio especial criado pela Prefeitura, trouxe uma popula\u00e7\u00e3o de turistas que chegou perto de 200 mil pessoas.<\/p>\n\n\n\n<p>De acordo com a secret\u00e1ria de Defesa Social, Elenice Lorencena, o c\u00e1lculo \u00e9 feito atrav\u00e9s do monitoramento atrav\u00e9s das mais de 40 c\u00e2meras instaladas na cidade. Al\u00e9m de garantir seguran\u00e7a em Matinhos, os equipamentos vigiam a entrada e sa\u00edda dos tr\u00eas acessos ao munic\u00edpio.<\/p>\n\n\n\n<p>Na PR-508 (Alexandra\/Matinhos), foi registrada &#8211; nos dias 7 e 8 &#8211; a entrada de 30.100 ve\u00edculos, todos com no m\u00ednimo duas pessoas a bordo, al\u00e9m do motorista e mais um passageiro. O pico foi no dia 7, com 10.511 ve\u00edculos.<\/p>\n\n\n\n<figure class=\"wp-block-image size-large\"><img loading=\"lazy\" decoding=\"async\" width=\"1024\" height=\"576\" src=\"https:\/\/www.paranapraia.com.br\/wp-content\/uploads\/2023\/09\/FB_IMG_1694610682266-1-1024x576.jpg\" alt=\"\" class=\"wp-image-54238\" srcset=\"https:\/\/www.paranapraia.com.br\/wp-content\/uploads\/2023\/09\/FB_IMG_1694610682266-1-1024x576.jpg 1024w, https:\/\/www.paranapraia.com.br\/wp-content\/uploads\/2023\/09\/FB_IMG_1694610682266-1-300x169.jpg 300w, https:\/\/www.paranapraia.com.br\/wp-content\/uploads\/2023\/09\/FB_IMG_1694610682266-1-768x432.jpg 768w, https:\/\/www.paranapraia.com.br\/wp-content\/uploads\/2023\/09\/FB_IMG_1694610682266-1-696x392.jpg 696w, https:\/\/www.paranapraia.com.br\/wp-content\/uploads\/2023\/09\/FB_IMG_1694610682266-1-1068x601.jpg 1068w, https:\/\/www.paranapraia.com.br\/wp-content\/uploads\/2023\/09\/FB_IMG_1694610682266-1-746x420.jpg 746w, https:\/\/www.paranapraia.com.br\/wp-content\/uploads\/2023\/09\/FB_IMG_1694610682266-1.jpg 1080w\" sizes=\"(max-width: 1024px) 100vw, 1024px\" \/><\/figure>\n\n\n\n<p>Na entrada por Mon\u00e7\u00f5es, vindo de Pontal com pico de 34.900 ve\u00edculos na sexta-feira. J\u00e1 na entrada por Caiob\u00e1, 21.350 ve\u00edculos com pico tamb\u00e9m na sexta, foram os turistas que optaram entrar na cidade fazendo uso da balsa.<\/p>\n\n\n\n<p>No total, foram 86.350 ve\u00edculos, nos quatros dias de feriado, de quinta a domingo (10).<\/p>\n\n\n\n<p>Departamento de Comunica\u00e7\u00e3o<br>Prefeitura de Matinhos<\/p>\n\n\n\n<p>Acesse o nosso portal: https:\/\/matinhos.atende.net\/cidadao\/noticia\/matinhos-teve-populacao-aproximada-de-quase-200-mil-habitantes-a-mais-neste-feriado<\/p>\n\n\n\n<h1 class=\"wp-block-heading\">FeriadoMatinhos #MovimentoEmMatinhos #Pr\u00e9Temporada #Ver\u00e3o2024 #PrefeituraDeMatinhos #UmaCidadeParaTodos #Matinhos #LitoralPR<\/h1>\n","protected":false},"excerpt":{"rendered":"<p>Na primeira grande pr\u00e9via do ver\u00e3o que se anuncia, Matinhos teve uma boa mostra, neste feriado de Independ\u00eancia, do que pode ser a temporada 2023\/2024. O feriad\u00e3o de quatro dias, quinta-feira (7) e sexta-feira (8- padroeira de Curitiba), com a cria\u00e7\u00e3o de um calend\u00e1rio especial criado pela Prefeitura, trouxe uma popula\u00e7\u00e3o de turistas que chegou [&hellip;]<\/p>\n","protected":false},"author":2,"featured_media":54237,"comment_status":"open","ping_status":"open","sticky":false,"template":"","format":"standard","meta":{"advanced_seo_description":"","jetpack_seo_html_title":"","jetpack_seo_noindex":false,"_jetpack_memberships_contains_paid_content":false,"footnotes":""},"categories":[88],"tags":[],"class_list":{"0":"post-54236","1":"post","2":"type-post","3":"status-publish","4":"format-standard","5":"has-post-thumbnail","7":"category-matinhos"},"jetpack_featured_media_url":"https:\/\/www.paranapraia.com.br\/wp-content\/uploads\/2023\/09\/FB_IMG_1694610682266.jpg","jetpack_sharing_enabled":true,"_links":{"self":[{"href":"https:\/\/www.paranapraia.com.br\/index.php\/wp-json\/wp\/v2\/posts\/54236"}],"collection":[{"href":"https:\/\/www.paranapraia.com.br\/index.php\/wp-json\/wp\/v2\/posts"}],"about":[{"href":"https:\/\/www.paranapraia.com.br\/index.php\/wp-json\/wp\/v2\/types\/post"}],"author":[{"embeddable":true,"href":"https:\/\/www.paranapraia.com.br\/index.php\/wp-json\/wp\/v2\/users\/2"}],"replies":[{"embeddable":true,"href":"https:\/\/www.paranapraia.com.br\/index.php\/wp-json\/wp\/v2\/comments?post=54236"}],"version-history":[{"count":1,"href":"https:\/\/www.paranapraia.com.br\/index.php\/wp-json\/wp\/v2\/posts\/54236\/revisions"}],"predecessor-version":[{"id":54239,"href":"https:\/\/www.paranapraia.com.br\/index.php\/wp-json\/wp\/v2\/posts\/54236\/revisions\/54239"}],"wp:featuredmedia":[{"embeddable":true,"href":"https:\/\/www.paranapraia.com.br\/index.php\/wp-json\/wp\/v2\/media\/54237"}],"wp:attachment":[{"href":"https:\/\/www.paranapraia.com.br\/index.php\/wp-json\/wp\/v2\/media?parent=54236"}],"wp:term":[{"taxonomy":"category","embeddable":true,"href":"https:\/\/www.paranapraia.com.br\/index.php\/wp-json\/wp\/v2\/categories?post=54236"},{"taxonomy":"post_tag","embeddable":true,"href":"https:\/\/www.paranapraia.com.br\/index.php\/wp-json\/wp\/v2\/tags?post=54236"}],"curies":[{"name":"wp","href":"https:\/\/api.w.org\/{rel}","templated":true}]}}