{"id":52652,"date":"2023-07-24T15:17:45","date_gmt":"2023-07-24T18:17:45","guid":{"rendered":"https:\/\/www.paranapraia.com.br\/?p=52652"},"modified":"2023-07-24T15:17:46","modified_gmt":"2023-07-24T18:17:46","slug":"bloqueio-parcial-de-ponte-de-morretes-para-novas-obras-comeca-nesta-segunda-feira","status":"publish","type":"post","link":"https:\/\/www.paranapraia.com.br\/index.php\/2023\/07\/24\/bloqueio-parcial-de-ponte-de-morretes-para-novas-obras-comeca-nesta-segunda-feira\/","title":{"rendered":"Bloqueio parcial de ponte de Morretes para novas obras come\u00e7a nesta segunda-feira"},"content":{"rendered":"\n<p>O Departamento de Estradas de Rodagem do Paran\u00e1 (DER\/PR), autarquia da Secretaria de Infraestrutura e Log\u00edstica (SEIL), informa que a ponte met\u00e1lica sobre o Rio Nhundiaquara em Porto de Cima, distrito de Morretes, no Litoral, ser\u00e1 bloqueada parcialmente a partir desta segunda-feira (24) para finalizar as obras de reforma e manuten\u00e7\u00e3o em andamento.<\/p>\n\n\n\n<p>A ponte, que fica na rodovia PR-411, j\u00e1 recebeu servi\u00e7os de tratamento e refor\u00e7o das estruturas met\u00e1licas e de concreto nas laterais e abaixo dela, mas para a etapa final, no tabuleiro, ser\u00e1 necess\u00e1rio o bloqueio parcial do tr\u00e1fego de ve\u00edculos. <\/p>\n\n\n\n<p>O investimento na reforma \u00e9 de R$ 1.844.444,43.<\/p>\n\n\n\n<p>Atendendo a solicita\u00e7\u00f5es de lideran\u00e7as, comunidade e com\u00e9rcios locais, os servi\u00e7os ser\u00e3o realizados em intervalos e, principalmente, no per\u00edodo noturno com o objetivo de garantir o acesso de visitantes ao distrito nos dias e hor\u00e1rios de maior movimento, uma vez que o turismo \u00e9 a principal fonte de renda da localidade.<\/p>\n\n\n\n<p>A opera\u00e7\u00e3o pare-e-siga, t\u00edpica em obras desse tipo, n\u00e3o ser\u00e1 poss\u00edvel no caso da ponte sobre o Rio Nhundiaquara, j\u00e1 que ela \u00e9 de pista \u00fanica.<\/p>\n\n\n\n<p>A maior atividade na obra agora ser\u00e1 a demoli\u00e7\u00e3o das placas de concreto do tabuleiro da ponte e sua substitui\u00e7\u00e3o por um novo gradil met\u00e1lico, que vai exercer menos peso sobre o restante da estrutura e garantir uma sobrevida maior. Os servi\u00e7os estavam previstos para a semana passada, mas foram adiados para esta, uma vez que n\u00e3o \u00e9 poss\u00edvel realizar a soldagem do gradil embaixo de chuva.<\/p>\n\n\n\n<p>DESVIO \u2013 Durante os hor\u00e1rios de interdi\u00e7\u00e3o, usu\u00e1rios podem acessar Porto de Cima ou a PR-410 por meio de Morretes, pela PR-408. Pedestres e ciclistas poder\u00e3o fazer a travessia mesmo durante os servi\u00e7os na ponte, por meio de uma passarela tempor\u00e1ria ao lado da estrutura.<\/p>\n\n\n\n<p>CRONOGRAMA \u2013 Os servi\u00e7os na obra ser\u00e3o executados principalmente durante o per\u00edodo noturno, sem bloqueios de tr\u00e1fego nas sextas-feiras e s\u00e1bados, e no domingo somente ap\u00f3s as 22h. Ilumina\u00e7\u00e3o espec\u00edfica para as atividades ser\u00e1 empregada durante os trabalhos, que devem durar 45 dias, at\u00e9 6 de setembro.<\/p>\n\n\n\n<p>Confira o cronograma previsto (a programa\u00e7\u00e3o pode ser alterada devido \u00e0s condi\u00e7\u00f5es clim\u00e1ticas e ao desenvolvimento dos servi\u00e7os previstos):<\/p>\n\n\n\n<p>Julho24 \u2013 Interdi\u00e7\u00e3o a partir das 19h25 \u2013 Interdi\u00e7\u00e3o o dia todo26 \u2013 Interdi\u00e7\u00e3o o dia todo at\u00e9 as 06h do dia seguinte27 \u2013 Interdi\u00e7\u00e3o das 19h \u00e0s 06h28 \u2013 Sem interdi\u00e7\u00e3o29 \u2013 Sem interdi\u00e7\u00e3o30 \u2013 Interdi\u00e7\u00e3o das 22h \u00e0s 06h31 \u2013 Interdi\u00e7\u00e3o a partir das 19h<\/p>\n\n\n\n<p>Agosto1 \u2013 Interdi\u00e7\u00e3o o dia todo2 \u2013 Interdi\u00e7\u00e3o o dia todo at\u00e9 as 06h do dia seguinte3 \u2013 Interdi\u00e7\u00e3o das 19h \u00e0s 06h4 \u2013 Sem interdi\u00e7\u00e3o5 \u2013 Sem interdi\u00e7\u00e3o6 \u2013 Interdi\u00e7\u00e3o das 22h \u00e0s 06h7 \u2013 Interdi\u00e7\u00e3o a partir das 19h8 \u2013 Interdi\u00e7\u00e3o o dia todo9 \u2013 Interdi\u00e7\u00e3o o dia todo at\u00e9 as 06h do dia seguinte10 \u2013 Interdi\u00e7\u00e3o das 19h \u00e0s 06h11 \u2013 Sem interdi\u00e7\u00e3o12 \u2013 Sem interdi\u00e7\u00e3o13 \u2013 Interdi\u00e7\u00e3o das 22h \u00e0s 06h14 \u2013 Interdi\u00e7\u00e3o a partir das 19h15 \u2013 Interdi\u00e7\u00e3o o dia todo16 \u2013 Interdi\u00e7\u00e3o o dia todo at\u00e9 as 06h do dia seguinte17 \u2013 Interdi\u00e7\u00e3o das 19h \u00e0s 06h18 \u2013 Sem interdi\u00e7\u00e3o19 \u2013 Sem interdi\u00e7\u00e3o20 \u2013 Interdi\u00e7\u00e3o das 22h \u00e0s 06h21 \u2013 Interdi\u00e7\u00e3o a partir das 19h22 \u2013 Interdi\u00e7\u00e3o o dia todo23 \u2013 Interdi\u00e7\u00e3o o dia todo at\u00e9 as 06h do dia seguinte24 \u2013 Interdi\u00e7\u00e3o das 19h \u00e0s 06h25 \u2013 Sem interdi\u00e7\u00e3o26 \u2013 Sem interdi\u00e7\u00e3o27 \u2013 Interdi\u00e7\u00e3o das 22h \u00e0s 06h28 \u2013 Interdi\u00e7\u00e3o a partir das 19h29 \u2013 Interdi\u00e7\u00e3o o dia todo30 \u2013 Interdi\u00e7\u00e3o o dia todo at\u00e9 as 06h do dia seguinte31 \u2013 Interdi\u00e7\u00e3o das 19h \u00e0s 06hSetembro1 \u2013 Sem interdi\u00e7\u00e3o2 \u2013 Sem interdi\u00e7\u00e3o3 \u2013 Servi\u00e7os finais sem interdi\u00e7\u00e3o4 \u2013 Servi\u00e7os finais sem interdi\u00e7\u00e3o5 \u2013 Servi\u00e7os finais sem interdi\u00e7\u00e3o6 \u2013 Servi\u00e7os finais sem interdi\u00e7\u00e3o<\/p>\n\n\n\n<p>AEN<\/p>\n","protected":false},"excerpt":{"rendered":"<p>O Departamento de Estradas de Rodagem do Paran\u00e1 (DER\/PR), autarquia da Secretaria de Infraestrutura e Log\u00edstica (SEIL), informa que a ponte met\u00e1lica sobre o Rio Nhundiaquara em Porto de Cima, distrito de Morretes, no Litoral, ser\u00e1 bloqueada parcialmente a partir desta segunda-feira (24) para finalizar as obras de reforma e manuten\u00e7\u00e3o em andamento. A ponte, [&hellip;]<\/p>\n","protected":false},"author":2,"featured_media":52653,"comment_status":"open","ping_status":"open","sticky":false,"template":"","format":"standard","meta":{"advanced_seo_description":"","jetpack_seo_html_title":"","jetpack_seo_noindex":false,"_jetpack_memberships_contains_paid_content":false,"footnotes":""},"categories":[40],"tags":[],"class_list":{"0":"post-52652","1":"post","2":"type-post","3":"status-publish","4":"format-standard","5":"has-post-thumbnail","7":"category-destaques"},"jetpack_featured_media_url":"https:\/\/www.paranapraia.com.br\/wp-content\/uploads\/2023\/07\/z_mapa_indicando_ponte_e_rota_alternativa_0.jpg","jetpack_sharing_enabled":true,"_links":{"self":[{"href":"https:\/\/www.paranapraia.com.br\/index.php\/wp-json\/wp\/v2\/posts\/52652"}],"collection":[{"href":"https:\/\/www.paranapraia.com.br\/index.php\/wp-json\/wp\/v2\/posts"}],"about":[{"href":"https:\/\/www.paranapraia.com.br\/index.php\/wp-json\/wp\/v2\/types\/post"}],"author":[{"embeddable":true,"href":"https:\/\/www.paranapraia.com.br\/index.php\/wp-json\/wp\/v2\/users\/2"}],"replies":[{"embeddable":true,"href":"https:\/\/www.paranapraia.com.br\/index.php\/wp-json\/wp\/v2\/comments?post=52652"}],"version-history":[{"count":1,"href":"https:\/\/www.paranapraia.com.br\/index.php\/wp-json\/wp\/v2\/posts\/52652\/revisions"}],"predecessor-version":[{"id":52654,"href":"https:\/\/www.paranapraia.com.br\/index.php\/wp-json\/wp\/v2\/posts\/52652\/revisions\/52654"}],"wp:featuredmedia":[{"embeddable":true,"href":"https:\/\/www.paranapraia.com.br\/index.php\/wp-json\/wp\/v2\/media\/52653"}],"wp:attachment":[{"href":"https:\/\/www.paranapraia.com.br\/index.php\/wp-json\/wp\/v2\/media?parent=52652"}],"wp:term":[{"taxonomy":"category","embeddable":true,"href":"https:\/\/www.paranapraia.com.br\/index.php\/wp-json\/wp\/v2\/categories?post=52652"},{"taxonomy":"post_tag","embeddable":true,"href":"https:\/\/www.paranapraia.com.br\/index.php\/wp-json\/wp\/v2\/tags?post=52652"}],"curies":[{"name":"wp","href":"https:\/\/api.w.org\/{rel}","templated":true}]}}