{"id":52597,"date":"2023-07-21T11:16:19","date_gmt":"2023-07-21T14:16:19","guid":{"rendered":"https:\/\/www.paranapraia.com.br\/?p=52597"},"modified":"2023-07-21T11:16:20","modified_gmt":"2023-07-21T14:16:20","slug":"2-curso-de-formacao-da-gcm-esta-sendo-realizado-em-pontal-do-parana","status":"publish","type":"post","link":"https:\/\/www.paranapraia.com.br\/index.php\/2023\/07\/21\/2-curso-de-formacao-da-gcm-esta-sendo-realizado-em-pontal-do-parana\/","title":{"rendered":"2\u00b0 curso de forma\u00e7\u00e3o da GCM est\u00e1 sendo realizado em Pontal do Paran\u00e1"},"content":{"rendered":"\n<p>O 2\u00b0 Curso de Forma\u00e7\u00e3o da Guarda Civil Municipal de Pontal do Paran\u00e1 \u00e9 um importante passo para o aprimoramento e capacita\u00e7\u00e3o dos futuros guardas civis municipais.<\/p>\n\n\n\n<p> Sob a supervis\u00e3o da Academia de Forma\u00e7\u00e3o, Ensino e Capacita\u00e7\u00e3o da Guarda Civil Municipal de Paranagu\u00e1, o curso est\u00e1 em seu terceiro m\u00eas de andamento, proporcionando aos alunos uma forma\u00e7\u00e3o s\u00f3lida e abrangente.<\/p>\n\n\n\n<p>As instru\u00e7\u00f5es do curso est\u00e3o sendo ministradas em tr\u00eas locais estrat\u00e9gicos para o aprendizado dos futuros Guardas: a Academia de Forma\u00e7\u00e3o, Ensino e Capacita\u00e7\u00e3o da Guarda Civil Municipal de Paranagu\u00e1, na 2\u00aa Se\u00e7\u00e3o de Bombeiros de Pontal do Paran\u00e1, localizada no balne\u00e1rio Santa Terezinha e tamb\u00e9m na base da Guarda Civil Municipal de Pontal do Paran\u00e1, situada no balne\u00e1rio Shangri-l\u00e1, proporcionando uma experi\u00eancia diversificada e enriquecedora aos participantes.<\/p>\n\n\n\n<p>Hoje (21) os alunos est\u00e3o tendo a oportunidade de aprofundar seus conhecimentos sobre pol\u00edticas p\u00fablicas na seguran\u00e7a p\u00fablica. Essa instru\u00e7\u00e3o \u00e9 de extrema relev\u00e2ncia, pois prepara os futuros guardas para lidar de forma mais eficiente e respons\u00e1vel com as demandas da comunidade e os desafios do servi\u00e7o p\u00fablico na \u00e1rea da seguran\u00e7a.<\/p>\n\n\n\n<p> Com esse embasamento te\u00f3rico, os alunos estar\u00e3o melhor preparados para atuar de forma \u00e9tica, consciente e profissional na prote\u00e7\u00e3o e defesa dos cidad\u00e3os de Pontal do Paran\u00e1.<\/p>\n\n\n\n<p>Assessoria <\/p>\n","protected":false},"excerpt":{"rendered":"<p>O 2\u00b0 Curso de Forma\u00e7\u00e3o da Guarda Civil Municipal de Pontal do Paran\u00e1 \u00e9 um importante passo para o aprimoramento e capacita\u00e7\u00e3o dos futuros guardas civis municipais. Sob a supervis\u00e3o da Academia de Forma\u00e7\u00e3o, Ensino e Capacita\u00e7\u00e3o da Guarda Civil Municipal de Paranagu\u00e1, o curso est\u00e1 em seu terceiro m\u00eas de andamento, proporcionando aos alunos [&hellip;]<\/p>\n","protected":false},"author":2,"featured_media":52598,"comment_status":"open","ping_status":"open","sticky":false,"template":"","format":"standard","meta":{"advanced_seo_description":"","jetpack_seo_html_title":"","jetpack_seo_noindex":false,"_jetpack_memberships_contains_paid_content":false,"footnotes":""},"categories":[65],"tags":[],"class_list":{"0":"post-52597","1":"post","2":"type-post","3":"status-publish","4":"format-standard","5":"has-post-thumbnail","7":"category-pontal-do-parana"},"jetpack_featured_media_url":"https:\/\/www.paranapraia.com.br\/wp-content\/uploads\/2023\/07\/FB_IMG_1689948867416.jpg","jetpack_sharing_enabled":true,"_links":{"self":[{"href":"https:\/\/www.paranapraia.com.br\/index.php\/wp-json\/wp\/v2\/posts\/52597"}],"collection":[{"href":"https:\/\/www.paranapraia.com.br\/index.php\/wp-json\/wp\/v2\/posts"}],"about":[{"href":"https:\/\/www.paranapraia.com.br\/index.php\/wp-json\/wp\/v2\/types\/post"}],"author":[{"embeddable":true,"href":"https:\/\/www.paranapraia.com.br\/index.php\/wp-json\/wp\/v2\/users\/2"}],"replies":[{"embeddable":true,"href":"https:\/\/www.paranapraia.com.br\/index.php\/wp-json\/wp\/v2\/comments?post=52597"}],"version-history":[{"count":1,"href":"https:\/\/www.paranapraia.com.br\/index.php\/wp-json\/wp\/v2\/posts\/52597\/revisions"}],"predecessor-version":[{"id":52599,"href":"https:\/\/www.paranapraia.com.br\/index.php\/wp-json\/wp\/v2\/posts\/52597\/revisions\/52599"}],"wp:featuredmedia":[{"embeddable":true,"href":"https:\/\/www.paranapraia.com.br\/index.php\/wp-json\/wp\/v2\/media\/52598"}],"wp:attachment":[{"href":"https:\/\/www.paranapraia.com.br\/index.php\/wp-json\/wp\/v2\/media?parent=52597"}],"wp:term":[{"taxonomy":"category","embeddable":true,"href":"https:\/\/www.paranapraia.com.br\/index.php\/wp-json\/wp\/v2\/categories?post=52597"},{"taxonomy":"post_tag","embeddable":true,"href":"https:\/\/www.paranapraia.com.br\/index.php\/wp-json\/wp\/v2\/tags?post=52597"}],"curies":[{"name":"wp","href":"https:\/\/api.w.org\/{rel}","templated":true}]}}