{"id":52594,"date":"2023-07-20T18:28:24","date_gmt":"2023-07-20T21:28:24","guid":{"rendered":"https:\/\/www.paranapraia.com.br\/?p=52594"},"modified":"2023-07-20T18:28:24","modified_gmt":"2023-07-20T21:28:24","slug":"comunidade-de-paranagua-lamenta-decisao-de-leiloar-o-estadio-do-rio-branco","status":"publish","type":"post","link":"https:\/\/www.paranapraia.com.br\/index.php\/2023\/07\/20\/comunidade-de-paranagua-lamenta-decisao-de-leiloar-o-estadio-do-rio-branco\/","title":{"rendered":"Comunidade de Paranagu\u00e1 lamenta decis\u00e3o de leiloar o est\u00e1dio do Rio Branco"},"content":{"rendered":"\n<p>O Est\u00e1dio do Rio Branco, Nelson Medrado Dias, na Estradinha, um local t\u00e3o querido e cheio de hist\u00f3rias, est\u00e1 sendo leiloado. <\/p>\n\n\n\n<p>A placa de leil\u00e3o foi colocada recentemente, anunciando o valor inicial de quase 18 milh\u00f5es de reais para a venda dessa \u00e1rea de 2.779 metros quadrados, que abrange toda a estrutura do est\u00e1dio.Esse est\u00e1dio sempre foi uma refer\u00eancia para nossa cidade. <\/p>\n\n\n\n<p>L\u00e1, tantos eventos esportivos e culturais foram realizados, unindo a comunidade em torno do esporte. O Est\u00e1dio do Rio Branco faz parte da nossa hist\u00f3ria, e o fato de v\u00ea-lo sendo leiloado \u00e9 doloroso para todos n\u00f3s.<\/p>\n\n\n\n<p>Temos que lembrar tamb\u00e9m que o primeiro dia do leil\u00e3o est\u00e1 marcado para o dia 11 de setembro. \u00c9 uma data que vai ficar marcada na mem\u00f3ria da nossa cidade.<\/p>\n\n\n\n<p>E caso n\u00e3o haja arrematantes nesse primeiro leil\u00e3o, haver\u00e1 um segundo leil\u00e3o no dia 25 de setembro.A decis\u00e3o de leiloar o est\u00e1dio tem gerado discuss\u00f5es entre os moradores. Muitos est\u00e3o preocupados com o futuro do local, que tem um valor sentimental inestim\u00e1vel para a comunidade.<\/p>\n\n\n\n<p>O Est\u00e1dio do Rio Branco sempre foi um espa\u00e7o de encontro, de paix\u00e3o pelo esporte, de alegria compartilhada.<\/p>\n\n\n\n<p>Ilha do Mel FM<\/p>\n","protected":false},"excerpt":{"rendered":"<p>O Est\u00e1dio do Rio Branco, Nelson Medrado Dias, na Estradinha, um local t\u00e3o querido e cheio de hist\u00f3rias, est\u00e1 sendo leiloado. A placa de leil\u00e3o foi colocada recentemente, anunciando o valor inicial de quase 18 milh\u00f5es de reais para a venda dessa \u00e1rea de 2.779 metros quadrados, que abrange toda a estrutura do est\u00e1dio.Esse est\u00e1dio [&hellip;]<\/p>\n","protected":false},"author":2,"featured_media":52595,"comment_status":"open","ping_status":"open","sticky":false,"template":"","format":"standard","meta":{"advanced_seo_description":"","jetpack_seo_html_title":"","jetpack_seo_noindex":false,"_jetpack_memberships_contains_paid_content":false,"footnotes":""},"categories":[77],"tags":[],"class_list":{"0":"post-52594","1":"post","2":"type-post","3":"status-publish","4":"format-standard","5":"has-post-thumbnail","7":"category-paranagua"},"jetpack_featured_media_url":"https:\/\/www.paranapraia.com.br\/wp-content\/uploads\/2023\/07\/Screenshot_2023-07-20-18-27-55-399-edit_com.facebook.katana.jpg","jetpack_sharing_enabled":true,"_links":{"self":[{"href":"https:\/\/www.paranapraia.com.br\/index.php\/wp-json\/wp\/v2\/posts\/52594"}],"collection":[{"href":"https:\/\/www.paranapraia.com.br\/index.php\/wp-json\/wp\/v2\/posts"}],"about":[{"href":"https:\/\/www.paranapraia.com.br\/index.php\/wp-json\/wp\/v2\/types\/post"}],"author":[{"embeddable":true,"href":"https:\/\/www.paranapraia.com.br\/index.php\/wp-json\/wp\/v2\/users\/2"}],"replies":[{"embeddable":true,"href":"https:\/\/www.paranapraia.com.br\/index.php\/wp-json\/wp\/v2\/comments?post=52594"}],"version-history":[{"count":1,"href":"https:\/\/www.paranapraia.com.br\/index.php\/wp-json\/wp\/v2\/posts\/52594\/revisions"}],"predecessor-version":[{"id":52596,"href":"https:\/\/www.paranapraia.com.br\/index.php\/wp-json\/wp\/v2\/posts\/52594\/revisions\/52596"}],"wp:featuredmedia":[{"embeddable":true,"href":"https:\/\/www.paranapraia.com.br\/index.php\/wp-json\/wp\/v2\/media\/52595"}],"wp:attachment":[{"href":"https:\/\/www.paranapraia.com.br\/index.php\/wp-json\/wp\/v2\/media?parent=52594"}],"wp:term":[{"taxonomy":"category","embeddable":true,"href":"https:\/\/www.paranapraia.com.br\/index.php\/wp-json\/wp\/v2\/categories?post=52594"},{"taxonomy":"post_tag","embeddable":true,"href":"https:\/\/www.paranapraia.com.br\/index.php\/wp-json\/wp\/v2\/tags?post=52594"}],"curies":[{"name":"wp","href":"https:\/\/api.w.org\/{rel}","templated":true}]}}