{"id":52591,"date":"2023-07-20T17:44:45","date_gmt":"2023-07-20T20:44:45","guid":{"rendered":"https:\/\/www.paranapraia.com.br\/?p=52591"},"modified":"2023-07-20T17:44:46","modified_gmt":"2023-07-20T20:44:46","slug":"paranaenses-tem-percepcao-positiva-do-turismo-no-estado-aponta-pesquisa-do-governo","status":"publish","type":"post","link":"https:\/\/www.paranapraia.com.br\/index.php\/2023\/07\/20\/paranaenses-tem-percepcao-positiva-do-turismo-no-estado-aponta-pesquisa-do-governo\/","title":{"rendered":"Paranaenses t\u00eam percep\u00e7\u00e3o positiva do turismo no Estado, aponta pesquisa do Governo"},"content":{"rendered":"\n<p>Pesquisa realizada pelo Governo do Estado, por meio da Secretaria do Turismo (Setu), mostra percep\u00e7\u00e3o positiva da popula\u00e7\u00e3o em rela\u00e7\u00e3o \u00e0 atividade no Paran\u00e1.<\/p>\n\n\n\n<p> O levantamento destaca alguns pontos: a maioria dos 1.880 paranaenses participantes prev\u00ea viajar dentro do pr\u00f3prio Estado nos pr\u00f3ximos meses; acredita que o turismo \u00e9 bom para a economia e a gera\u00e7\u00e3o de renda nos munic\u00edpios e almejam crescimento na visita\u00e7\u00e3o nos pr\u00f3ximos cinco anos.<\/p>\n\n\n\n<p>Apresentados nesta quinta-feira (20), em evento online, os resultados da Pesquisa de Opini\u00e3o sobre H\u00e1bitos de Consumo e Percep\u00e7\u00f5es da Popula\u00e7\u00e3o do Paran\u00e1 sobre o Turismo v\u00e3o contribuir para uma melhor compreens\u00e3o das motiva\u00e7\u00f5es e desafios relacionados \u00e0s pr\u00e1ticas tur\u00edsticas dos paranaenses e, ao mesmo tempo, identificar demandas de melhorias e oportunidades para o setor no Estado.<\/p>\n\n\n\n<p>Os dados e informa\u00e7\u00f5es relativos ao turismo no Paran\u00e1 fornecem insights sobre como a atividade \u00e9 percebida pela popula\u00e7\u00e3o em rela\u00e7\u00e3o aos benef\u00edcios. \u201cAl\u00e9m de fornecer dados demogr\u00e1ficos, as informa\u00e7\u00f5es v\u00e3o contribuir para a estrat\u00e9gia de gest\u00e3o do turismo e no desenvolvimento de pol\u00edticas p\u00fablicas segmentadas, conforme as caracter\u00edsticas dessa popula\u00e7\u00e3o\u201d, afirmou o secret\u00e1rio estadual de Turismo, Marcio Nunes. <\/p>\n\n\n\n<p>De acordo com ele, o objetivo \u00e9 elaborar planejamento com base em dados reais, a fim de dar suporte ao crescimento do setor, sempre com foco nos pilares desta gest\u00e3o do Governo do Estado e da pr\u00f3pria secretaria, que s\u00e3o o desenvolvimento com sustentabilidade e a preserva\u00e7\u00e3o do meio ambiente.<\/p>\n\n\n\n<p>Entre os destaques do trabalho est\u00e3o o perfil do turista paranaense por g\u00eanero, faixa et\u00e1ria, atividade profissional, h\u00e1bitos de consumo e as localidades escolhidas para passeios e viagens. <\/p>\n\n\n\n<p>A pesquisa retrata, ainda, quantas viagens, em m\u00e9dia, o paranaense faz por ano, as motiva\u00e7\u00f5es e como veem as pol\u00edticas e investimentos no turismo em seus munic\u00edpios.A coleta de informa\u00e7\u00f5es ocorreu pela internet, ao longo de 35 dias \u2013 entre 15 de maio e 18 de junho \u2013 nas 19 Regi\u00f5es Tur\u00edsticas do Estado, resultando em 1.880 respostas v\u00e1lidas.<\/p>\n\n\n\n<p> O resultado mostra que 82,2% preveem viajar dentro do Paran\u00e1 neste segundo semestre. Dos 17,8% que n\u00e3o pretendem viajar pelo Estado, 44,2% planejam ir para outras unidades da Federa\u00e7\u00e3o; 30,6% informaram que n\u00e3o t\u00eam condi\u00e7\u00f5es financeiras para turismo; 9,4% n\u00e3o t\u00eam h\u00e1bito de viajar; 8,1% preferem outros pa\u00edses e 7,7% n\u00e3o viajam por quest\u00f5es familiares.<\/p>\n\n\n\n<p>PERCEP\u00c7\u00c3O DO TURISMO \u2013 A pesquisa identificou que a popula\u00e7\u00e3o do Paran\u00e1 tem percep\u00e7\u00e3o positiva sobre o turismo em suas cidades e regi\u00f5es: 36,4% consideram que a atividade beneficia a economia local e 19,8% citaram a cria\u00e7\u00e3o de empregos para a popula\u00e7\u00e3o. O aumento da visita\u00e7\u00e3o tur\u00edstica nos munic\u00edpios do Estado nos pr\u00f3ximos cinco anos \u00e9 almejado pela maioria: 73,5% dos participantes da pesquisa.J\u00e1 em rela\u00e7\u00e3o \u00e0s principais preocupa\u00e7\u00f5es dos paranaenses em rela\u00e7\u00e3o ao setor, a maioria (21,9%) indicou a falta de compreens\u00e3o sobre a \u00e1rea por parte da popula\u00e7\u00e3o.<\/p>\n\n\n\n<p>Potencial dano ao meio ambiente e recursos naturais foi apontado por 19%. O coordenador de Promo\u00e7\u00e3o e Intelig\u00eancia Tur\u00edstica, Yure Lobo, citou o comprometimento da Secretaria do Turismo em disseminar informa\u00e7\u00f5es valiosas e confi\u00e1veis para o setor. \u201cNosso objetivo \u00e9 alcan\u00e7ar o maior p\u00fablico poss\u00edvel e contribuir para o crescimento e aprimoramento das atividades tur\u00edsticas. Desta forma, convidamos as pessoas a acessar e compartilhar o conte\u00fado\u201d, afirmou.<\/p>\n\n\n\n<p>METODOLOGIA &#8211; Pesquisa realizada por meio do m\u00e9todo survey online (abordagem que utiliza formul\u00e1rios digitais para coletar informa\u00e7\u00f5es), com ampla divulga\u00e7\u00e3o por meio de mailings, imprensa e redes sociais. Amostragem aleat\u00f3ria simples. Total de formul\u00e1rios v\u00e1lidos: 1.880. N\u00edvel de confiabilidade da pesquisa de 95%, margem de 2%.D\u00favidas sobre a pesquisa, entrar em contato pelo telefone (41) 3304-7097 ou inteligencia@turismo.pr.gov.br<\/p>\n","protected":false},"excerpt":{"rendered":"<p>Pesquisa realizada pelo Governo do Estado, por meio da Secretaria do Turismo (Setu), mostra percep\u00e7\u00e3o positiva da popula\u00e7\u00e3o em rela\u00e7\u00e3o \u00e0 atividade no Paran\u00e1. O levantamento destaca alguns pontos: a maioria dos 1.880 paranaenses participantes prev\u00ea viajar dentro do pr\u00f3prio Estado nos pr\u00f3ximos meses; acredita que o turismo \u00e9 bom para a economia e a [&hellip;]<\/p>\n","protected":false},"author":2,"featured_media":52592,"comment_status":"open","ping_status":"open","sticky":false,"template":"","format":"standard","meta":{"advanced_seo_description":"","jetpack_seo_html_title":"","jetpack_seo_noindex":false,"_jetpack_memberships_contains_paid_content":false,"footnotes":""},"categories":[40],"tags":[],"class_list":{"0":"post-52591","1":"post","2":"type-post","3":"status-publish","4":"format-standard","5":"has-post-thumbnail","7":"category-destaques"},"jetpack_featured_media_url":"https:\/\/www.paranapraia.com.br\/wp-content\/uploads\/2023\/07\/fozdoiguacucatamaran_037-scaled.jpg","jetpack_sharing_enabled":true,"_links":{"self":[{"href":"https:\/\/www.paranapraia.com.br\/index.php\/wp-json\/wp\/v2\/posts\/52591"}],"collection":[{"href":"https:\/\/www.paranapraia.com.br\/index.php\/wp-json\/wp\/v2\/posts"}],"about":[{"href":"https:\/\/www.paranapraia.com.br\/index.php\/wp-json\/wp\/v2\/types\/post"}],"author":[{"embeddable":true,"href":"https:\/\/www.paranapraia.com.br\/index.php\/wp-json\/wp\/v2\/users\/2"}],"replies":[{"embeddable":true,"href":"https:\/\/www.paranapraia.com.br\/index.php\/wp-json\/wp\/v2\/comments?post=52591"}],"version-history":[{"count":1,"href":"https:\/\/www.paranapraia.com.br\/index.php\/wp-json\/wp\/v2\/posts\/52591\/revisions"}],"predecessor-version":[{"id":52593,"href":"https:\/\/www.paranapraia.com.br\/index.php\/wp-json\/wp\/v2\/posts\/52591\/revisions\/52593"}],"wp:featuredmedia":[{"embeddable":true,"href":"https:\/\/www.paranapraia.com.br\/index.php\/wp-json\/wp\/v2\/media\/52592"}],"wp:attachment":[{"href":"https:\/\/www.paranapraia.com.br\/index.php\/wp-json\/wp\/v2\/media?parent=52591"}],"wp:term":[{"taxonomy":"category","embeddable":true,"href":"https:\/\/www.paranapraia.com.br\/index.php\/wp-json\/wp\/v2\/categories?post=52591"},{"taxonomy":"post_tag","embeddable":true,"href":"https:\/\/www.paranapraia.com.br\/index.php\/wp-json\/wp\/v2\/tags?post=52591"}],"curies":[{"name":"wp","href":"https:\/\/api.w.org\/{rel}","templated":true}]}}