{"id":52588,"date":"2023-07-20T16:55:24","date_gmt":"2023-07-20T19:55:24","guid":{"rendered":"https:\/\/www.paranapraia.com.br\/?p=52588"},"modified":"2023-07-20T16:55:25","modified_gmt":"2023-07-20T19:55:25","slug":"fanfarra-unica-de-antonina-e-umas-das-grandes-campeas-da-copa-interestadual-em-sc","status":"publish","type":"post","link":"https:\/\/www.paranapraia.com.br\/index.php\/2023\/07\/20\/fanfarra-unica-de-antonina-e-umas-das-grandes-campeas-da-copa-interestadual-em-sc\/","title":{"rendered":"Fanfarra \u00danica de Antonina \u00e9 umas das grandes campe\u00e3s da Copa Interestadual em SC"},"content":{"rendered":"\n<p>No \u00faltimo final de semana a Fanfarra \u00danica de Antonina esteve na cidade de Agrol\u00e2ndia &#8211; SC, participando da Copa Alto Vale Interestadual, mais uma das v\u00e1rias competi\u00e7\u00f5es que j\u00e1 participou. <\/p>\n\n\n\n<p>A Copa Alto Vale Interestadual no estado de Santa Catarina, reuniu cerca de 45 bandas e mais de 2,5 mil pessoas prestigiando o campeonato de fanfarras.<\/p>\n\n\n\n<p>A Fanfarra \u00danica um projeto com mais de 20 anos na comunidade da Ponta Pita, representou a cidade de Antonina e trouxe t\u00edtulos e trof\u00e9us para casa. <\/p>\n\n\n\n<p>Segue as conquistas na Copa Alto Vale Interestadual: <\/p>\n\n\n\n<p>Campe\u00e3o Juvenil 2023<\/p>\n\n\n\n<p>Campe\u00e3o Percuss\u00e3o Juvenil <\/p>\n\n\n\n<p>Campe\u00e3o Percuss\u00e3o com lira Juvenil <\/p>\n\n\n\n<p>Campe\u00e3o Corpo Core\u00f3grafo Juvenil <\/p>\n\n\n\n<p>2\u00ba Lugar Mor de Comando Feminino Juvenil <\/p>\n\n\n\n<p>2\u00ba Lugar Baliza Infanto Juvenil <\/p>\n\n\n\n<p>3\u00ba Lugar Mor de Comando Masculino S\u00e9nior <\/p>\n\n\n\n<p>3\u00ba Lugar Baliza Infanto Juvenil <\/p>\n\n\n\n<p>3\u00ba Lugar Pelot\u00e3o Nacional Juvenil <\/p>\n","protected":false},"excerpt":{"rendered":"<p>No \u00faltimo final de semana a Fanfarra \u00danica de Antonina esteve na cidade de Agrol\u00e2ndia &#8211; SC, participando da Copa Alto Vale Interestadual, mais uma das v\u00e1rias competi\u00e7\u00f5es que j\u00e1 participou. A Copa Alto Vale Interestadual no estado de Santa Catarina, reuniu cerca de 45 bandas e mais de 2,5 mil pessoas prestigiando o campeonato [&hellip;]<\/p>\n","protected":false},"author":2,"featured_media":52589,"comment_status":"open","ping_status":"open","sticky":false,"template":"","format":"standard","meta":{"advanced_seo_description":"","jetpack_seo_html_title":"","jetpack_seo_noindex":false,"_jetpack_memberships_contains_paid_content":false,"footnotes":""},"categories":[132],"tags":[],"class_list":{"0":"post-52588","1":"post","2":"type-post","3":"status-publish","4":"format-standard","5":"has-post-thumbnail","7":"category-antonina"},"jetpack_featured_media_url":"https:\/\/www.paranapraia.com.br\/wp-content\/uploads\/2023\/07\/FB_IMG_1689882771906.jpg","jetpack_sharing_enabled":true,"_links":{"self":[{"href":"https:\/\/www.paranapraia.com.br\/index.php\/wp-json\/wp\/v2\/posts\/52588"}],"collection":[{"href":"https:\/\/www.paranapraia.com.br\/index.php\/wp-json\/wp\/v2\/posts"}],"about":[{"href":"https:\/\/www.paranapraia.com.br\/index.php\/wp-json\/wp\/v2\/types\/post"}],"author":[{"embeddable":true,"href":"https:\/\/www.paranapraia.com.br\/index.php\/wp-json\/wp\/v2\/users\/2"}],"replies":[{"embeddable":true,"href":"https:\/\/www.paranapraia.com.br\/index.php\/wp-json\/wp\/v2\/comments?post=52588"}],"version-history":[{"count":1,"href":"https:\/\/www.paranapraia.com.br\/index.php\/wp-json\/wp\/v2\/posts\/52588\/revisions"}],"predecessor-version":[{"id":52590,"href":"https:\/\/www.paranapraia.com.br\/index.php\/wp-json\/wp\/v2\/posts\/52588\/revisions\/52590"}],"wp:featuredmedia":[{"embeddable":true,"href":"https:\/\/www.paranapraia.com.br\/index.php\/wp-json\/wp\/v2\/media\/52589"}],"wp:attachment":[{"href":"https:\/\/www.paranapraia.com.br\/index.php\/wp-json\/wp\/v2\/media?parent=52588"}],"wp:term":[{"taxonomy":"category","embeddable":true,"href":"https:\/\/www.paranapraia.com.br\/index.php\/wp-json\/wp\/v2\/categories?post=52588"},{"taxonomy":"post_tag","embeddable":true,"href":"https:\/\/www.paranapraia.com.br\/index.php\/wp-json\/wp\/v2\/tags?post=52588"}],"curies":[{"name":"wp","href":"https:\/\/api.w.org\/{rel}","templated":true}]}}