{"id":52581,"date":"2023-07-20T16:43:15","date_gmt":"2023-07-20T19:43:15","guid":{"rendered":"https:\/\/www.paranapraia.com.br\/?p=52581"},"modified":"2023-07-20T16:43:16","modified_gmt":"2023-07-20T19:43:16","slug":"paefi-organiza-grupo-de-acolhida-e-orientacao-a-familias-em-situacao-de-risco-em-matinhos","status":"publish","type":"post","link":"https:\/\/www.paranapraia.com.br\/index.php\/2023\/07\/20\/paefi-organiza-grupo-de-acolhida-e-orientacao-a-familias-em-situacao-de-risco-em-matinhos\/","title":{"rendered":"PAEFI organiza Grupo de Acolhida e Orienta\u00e7\u00e3o a fam\u00edlias em situa\u00e7\u00e3o de risco em Matinhos"},"content":{"rendered":"\n<p>Aconteceu nesta quinta-feira (20) no CREAS um Grupo de Acolhida e Orienta\u00e7\u00e3o com fam\u00edlias em situa\u00e7\u00e3o de risco, por viola\u00e7\u00e3o de direitos. Usando a festa julina como tema, o Arrai\u00e1 do CREAS foi organizado pelo PAEFI, o Servi\u00e7o de Prote\u00e7\u00e3o e Atendimento Especializado a Fam\u00edlias e Indiv\u00edduos.<\/p>\n\n\n\n<p>Foi feita uma acolhida as fam\u00edlias que est\u00e3o iniciando o acompanhamento por parte do servi\u00e7o, com objetivo de promover um espa\u00e7o coletivo de escuta e orienta\u00e7\u00e3o. Nela, foram repassadas orienta\u00e7\u00f5es sobre o que \u00e9 o CREAS, qual \u00e9 o objetivo do trabalho realizado, sobre direitos sociais e sobre os demais servi\u00e7os que integram o Sistema \u00danico de Assist\u00eancia Social &#8211; SUAS no munic\u00edpio. Para se promover a integra\u00e7\u00e3o comunit\u00e1ria com essas fam\u00edlias e com a equipe respons\u00e1vel pelo acompanhamento, foi escolhida a tem\u00e1tica de festa julina.<\/p>\n\n\n\n<p>O PAEFI \u00e9 um servi\u00e7o voltado para fam\u00edlias e pessoas que est\u00e3o em situa\u00e7\u00e3o de risco pessoal e social, por direitos violados. O servi\u00e7o oferece apoio, orienta\u00e7\u00e3o e acompanhamento para superar esses quadros, por meio da promo\u00e7\u00e3o de direitos, preserva\u00e7\u00e3o e fortalecimento das rela\u00e7\u00f5es familiares e sociais e articula\u00e7\u00e3o com demais servi\u00e7os que integram o Sistema de Garantia de Direitos. &#8211; SGD.<\/p>\n\n\n\n<p>\u201cO CREAS \u00e9 uma unidade da pol\u00edtica de assist\u00eancia social do Munic\u00edpio. E dentro dessa unidade, tem alguns servi\u00e7os. O PAEFI \u00e9 um desses servi\u00e7os, que possu\u00ed como principal objetivo contribuir para o fortalecimento da fam\u00edlia, da sua fun\u00e7\u00e3o protetiva e para o rompimento de padr\u00f5es violadores de direitos\u201d, disse Larissa Bastos, coordenadora do CREAS.<\/p>\n\n\n\n<figure class=\"wp-block-image size-large\"><img loading=\"lazy\" decoding=\"async\" width=\"1024\" height=\"576\" src=\"https:\/\/www.paranapraia.com.br\/wp-content\/uploads\/2023\/07\/FB_IMG_1689882104129-1024x576.jpg\" alt=\"\" class=\"wp-image-52583\" srcset=\"https:\/\/www.paranapraia.com.br\/wp-content\/uploads\/2023\/07\/FB_IMG_1689882104129-1024x576.jpg 1024w, https:\/\/www.paranapraia.com.br\/wp-content\/uploads\/2023\/07\/FB_IMG_1689882104129-300x169.jpg 300w, https:\/\/www.paranapraia.com.br\/wp-content\/uploads\/2023\/07\/FB_IMG_1689882104129-768x432.jpg 768w, https:\/\/www.paranapraia.com.br\/wp-content\/uploads\/2023\/07\/FB_IMG_1689882104129-696x392.jpg 696w, https:\/\/www.paranapraia.com.br\/wp-content\/uploads\/2023\/07\/FB_IMG_1689882104129-1068x601.jpg 1068w, https:\/\/www.paranapraia.com.br\/wp-content\/uploads\/2023\/07\/FB_IMG_1689882104129-746x420.jpg 746w, https:\/\/www.paranapraia.com.br\/wp-content\/uploads\/2023\/07\/FB_IMG_1689882104129.jpg 1080w\" sizes=\"(max-width: 1024px) 100vw, 1024px\" \/><\/figure>\n\n\n\n<p>Entre o p\u00fablico atendido pelo PAEFI, est\u00e3o pessoas e fam\u00edlias que sofrem viol\u00eancia f\u00edsica e\/ou psicol\u00f3gica, neglig\u00eancia, abandono, viol\u00eancia sexual (abuso e\/ou explora\u00e7\u00e3o sexual), v\u00edtimas de tr\u00e1fico de pessoas, pessoas em situa\u00e7\u00e3o de rua, trabalho infantil, discrimina\u00e7\u00e3o por orienta\u00e7\u00e3o sexual e\/ou ra\u00e7a\/etnia, entre outras.<\/p>\n\n\n\n<p>Departamento de Comunica\u00e7\u00e3o<br>Prefeitura de Matinhos<\/p>\n\n\n\n<p>Acesse o nosso portal: https:\/\/matinhos.atende.net\/cidadao\/noticia\/paefi-organiza-grupo-de-acolhida-e-orientacao-a-familias-em-situacao-de-risco-por-violacao-de-direitos<\/p>\n","protected":false},"excerpt":{"rendered":"<p>Aconteceu nesta quinta-feira (20) no CREAS um Grupo de Acolhida e Orienta\u00e7\u00e3o com fam\u00edlias em situa\u00e7\u00e3o de risco, por viola\u00e7\u00e3o de direitos. Usando a festa julina como tema, o Arrai\u00e1 do CREAS foi organizado pelo PAEFI, o Servi\u00e7o de Prote\u00e7\u00e3o e Atendimento Especializado a Fam\u00edlias e Indiv\u00edduos. Foi feita uma acolhida as fam\u00edlias que est\u00e3o [&hellip;]<\/p>\n","protected":false},"author":2,"featured_media":52582,"comment_status":"open","ping_status":"open","sticky":false,"template":"","format":"standard","meta":{"advanced_seo_description":"","jetpack_seo_html_title":"","jetpack_seo_noindex":false,"_jetpack_memberships_contains_paid_content":false,"footnotes":""},"categories":[88],"tags":[],"class_list":{"0":"post-52581","1":"post","2":"type-post","3":"status-publish","4":"format-standard","5":"has-post-thumbnail","7":"category-matinhos"},"jetpack_featured_media_url":"https:\/\/www.paranapraia.com.br\/wp-content\/uploads\/2023\/07\/FB_IMG_1689882093449.jpg","jetpack_sharing_enabled":true,"_links":{"self":[{"href":"https:\/\/www.paranapraia.com.br\/index.php\/wp-json\/wp\/v2\/posts\/52581"}],"collection":[{"href":"https:\/\/www.paranapraia.com.br\/index.php\/wp-json\/wp\/v2\/posts"}],"about":[{"href":"https:\/\/www.paranapraia.com.br\/index.php\/wp-json\/wp\/v2\/types\/post"}],"author":[{"embeddable":true,"href":"https:\/\/www.paranapraia.com.br\/index.php\/wp-json\/wp\/v2\/users\/2"}],"replies":[{"embeddable":true,"href":"https:\/\/www.paranapraia.com.br\/index.php\/wp-json\/wp\/v2\/comments?post=52581"}],"version-history":[{"count":1,"href":"https:\/\/www.paranapraia.com.br\/index.php\/wp-json\/wp\/v2\/posts\/52581\/revisions"}],"predecessor-version":[{"id":52584,"href":"https:\/\/www.paranapraia.com.br\/index.php\/wp-json\/wp\/v2\/posts\/52581\/revisions\/52584"}],"wp:featuredmedia":[{"embeddable":true,"href":"https:\/\/www.paranapraia.com.br\/index.php\/wp-json\/wp\/v2\/media\/52582"}],"wp:attachment":[{"href":"https:\/\/www.paranapraia.com.br\/index.php\/wp-json\/wp\/v2\/media?parent=52581"}],"wp:term":[{"taxonomy":"category","embeddable":true,"href":"https:\/\/www.paranapraia.com.br\/index.php\/wp-json\/wp\/v2\/categories?post=52581"},{"taxonomy":"post_tag","embeddable":true,"href":"https:\/\/www.paranapraia.com.br\/index.php\/wp-json\/wp\/v2\/tags?post=52581"}],"curies":[{"name":"wp","href":"https:\/\/api.w.org\/{rel}","templated":true}]}}