{"id":52578,"date":"2023-07-20T16:36:36","date_gmt":"2023-07-20T19:36:36","guid":{"rendered":"https:\/\/www.paranapraia.com.br\/?p=52578"},"modified":"2023-07-20T16:36:37","modified_gmt":"2023-07-20T19:36:37","slug":"com-reajuste-no-custeio-parana-tera-samu-ainda-mais-fortalecido","status":"publish","type":"post","link":"https:\/\/www.paranapraia.com.br\/index.php\/2023\/07\/20\/com-reajuste-no-custeio-parana-tera-samu-ainda-mais-fortalecido\/","title":{"rendered":"Com reajuste no custeio, Paran\u00e1 ter\u00e1 Samu ainda mais fortalecido"},"content":{"rendered":"\n<p>O Servi\u00e7o&nbsp;M\u00f3vel de Urg\u00eancia (Samu) do Paran\u00e1 ter\u00e1 um reajuste de 30% no valor do custeio repassado ao servi\u00e7o pelo governo federal. Com a corre\u00e7\u00e3o, o valor anual pago pela Uni\u00e3o deve ser de pouco mais de R$ 100 milh\u00f5es ao ano, equiparando o montante que j\u00e1 \u00e9 repassado pelo Governo do Estado.<\/p>\n\n\n\n<p>O custeio do Samu ocorre de forma tripartite, ou seja, recebe recursos dos governos federal, estadual e municipal. O valor pago pela Uni\u00e3o para cada ambul\u00e2ncia Alfa (equipada com recursos m\u00e9dicos essenciais para fornecer atendimento pr\u00e9-hospitalar avan\u00e7ado e de pacientes em estado cr\u00edtico)&nbsp;\u00e9 de R$ 48,2 mil, e com o reajuste este valor passa a ser de R$ 62,6 mil.<\/p>\n\n\n\n<p>J\u00e1 o Governo do Paran\u00e1 realiza o aporte de R$ 72,3 mil para cada ambul\u00e2ncia desta modalidade, somando cerca de R$ 50,3 milh\u00f5es ao ano. Al\u00e9m disso, s\u00e3o mais R$ 12 milh\u00f5es ao Batalh\u00e3o de Pol\u00edcia Militar de Opera\u00e7\u00f5es A\u00e9reas (BPMOA), R$ 8 milh\u00f5es para custeio das aeronaves e outros R$ 30 milh\u00f5es direcionados para as Centrais de Regula\u00e7\u00e3o de Urg\u00eancia e ambul\u00e2ncias n\u00e3o habilitadas pelo Minist\u00e9rio da Sa\u00fade.<\/p>\n\n\n\n<p>\u201cAtualmente o Paran\u00e1 realiza um custeio de quase o dobro do valor por ambul\u00e2ncia Alfa justamente por entender que este servi\u00e7o ajuda a salvar milhares de vidas. Est\u00e1 recomposi\u00e7\u00e3o ir\u00e1 ajudar a fortalecer ainda mais o servi\u00e7o prestado a popula\u00e7\u00e3o paranaense\u201d, disse o secret\u00e1rio de Estado de Sa\u00fade, Beto Preto.<\/p>\n\n\n\n<p>Al\u00e9m do an\u00fancio sobre o reajuste no custeio, o Minist\u00e9rio da Sa\u00fade tamb\u00e9m vai disponibilizar ao Paran\u00e1 15 novos ve\u00edculos para renova\u00e7\u00e3o e recomposi\u00e7\u00e3o da frota.<\/p>\n\n\n\n<p>Atualmente o Samu do Paran\u00e1 conta 12 Centrais de Regula\u00e7\u00e3o de Urg\u00eancia que mobilizam 175 ambul\u00e2ncias de suporte b\u00e1sico e outras 58 de suporte avan\u00e7ado, al\u00e9m de duas motol\u00e2ncias e cinco helic\u00f3pteros para atendimento e remo\u00e7\u00e3o em locais de dif\u00edcil acesso.<\/p>\n\n\n\n<p>CAPACITA\u00c7\u00c3O \u2013 Al\u00e9m de recursos para manuten\u00e7\u00e3o e renova\u00e7\u00e3o da frota, o Estado tamb\u00e9m investe na especializa\u00e7\u00e3o das equipes que atuam na urg\u00eancia e emerg\u00eancia de todo o Estado. Desde o m\u00eas de abril, mil profissionais m\u00e9dicos e enfermeiros da linha de frente do Samu e Unidades de Pronto Atendimento (UPAs) est\u00e3o recebendo capacita\u00e7\u00e3o com protocolos internacionais e certifica\u00e7\u00e3o da Advanced Medical Life Support (AMLS). Ser\u00e3o 32 encontros at\u00e9 outubro. A qualifica\u00e7\u00e3o j\u00e1 aconteceu em Foz do Igua\u00e7u, Umuarama, Ponta Grossa, Cascavel e Curitiba, e segue agora para Dois Vizinhos, Maring\u00e1 e Londrina. Ao todo, o Governo investiu R$ 4,5 milh\u00f5es no treinamento desses profissionais.<\/p>\n\n\n\n<p>AEN<\/p>\n\n\n\n<p><\/p>\n","protected":false},"excerpt":{"rendered":"<p>O Servi\u00e7o&nbsp;M\u00f3vel de Urg\u00eancia (Samu) do Paran\u00e1 ter\u00e1 um reajuste de 30% no valor do custeio repassado ao servi\u00e7o pelo governo federal. Com a corre\u00e7\u00e3o, o valor anual pago pela Uni\u00e3o deve ser de pouco mais de R$ 100 milh\u00f5es ao ano, equiparando o montante que j\u00e1 \u00e9 repassado pelo Governo do Estado. O custeio [&hellip;]<\/p>\n","protected":false},"author":2,"featured_media":52579,"comment_status":"open","ping_status":"open","sticky":false,"template":"","format":"standard","meta":{"advanced_seo_description":"","jetpack_seo_html_title":"","jetpack_seo_noindex":false,"_jetpack_memberships_contains_paid_content":false,"footnotes":""},"categories":[50],"tags":[],"class_list":{"0":"post-52578","1":"post","2":"type-post","3":"status-publish","4":"format-standard","5":"has-post-thumbnail","7":"category-saude"},"jetpack_featured_media_url":"https:\/\/www.paranapraia.com.br\/wp-content\/uploads\/2023\/07\/82e57cbc-2871-42ce-8a05-428856094dec.jpg","jetpack_sharing_enabled":true,"_links":{"self":[{"href":"https:\/\/www.paranapraia.com.br\/index.php\/wp-json\/wp\/v2\/posts\/52578"}],"collection":[{"href":"https:\/\/www.paranapraia.com.br\/index.php\/wp-json\/wp\/v2\/posts"}],"about":[{"href":"https:\/\/www.paranapraia.com.br\/index.php\/wp-json\/wp\/v2\/types\/post"}],"author":[{"embeddable":true,"href":"https:\/\/www.paranapraia.com.br\/index.php\/wp-json\/wp\/v2\/users\/2"}],"replies":[{"embeddable":true,"href":"https:\/\/www.paranapraia.com.br\/index.php\/wp-json\/wp\/v2\/comments?post=52578"}],"version-history":[{"count":1,"href":"https:\/\/www.paranapraia.com.br\/index.php\/wp-json\/wp\/v2\/posts\/52578\/revisions"}],"predecessor-version":[{"id":52580,"href":"https:\/\/www.paranapraia.com.br\/index.php\/wp-json\/wp\/v2\/posts\/52578\/revisions\/52580"}],"wp:featuredmedia":[{"embeddable":true,"href":"https:\/\/www.paranapraia.com.br\/index.php\/wp-json\/wp\/v2\/media\/52579"}],"wp:attachment":[{"href":"https:\/\/www.paranapraia.com.br\/index.php\/wp-json\/wp\/v2\/media?parent=52578"}],"wp:term":[{"taxonomy":"category","embeddable":true,"href":"https:\/\/www.paranapraia.com.br\/index.php\/wp-json\/wp\/v2\/categories?post=52578"},{"taxonomy":"post_tag","embeddable":true,"href":"https:\/\/www.paranapraia.com.br\/index.php\/wp-json\/wp\/v2\/tags?post=52578"}],"curies":[{"name":"wp","href":"https:\/\/api.w.org\/{rel}","templated":true}]}}