{"id":52560,"date":"2023-07-20T15:36:52","date_gmt":"2023-07-20T18:36:52","guid":{"rendered":"https:\/\/www.paranapraia.com.br\/?p=52560"},"modified":"2023-07-20T15:37:35","modified_gmt":"2023-07-20T18:37:35","slug":"iat-concede-licenca-ambiental-para-uma-nova-unidade-da-frisia-em-ponta-grossa","status":"publish","type":"post","link":"https:\/\/www.paranapraia.com.br\/index.php\/2023\/07\/20\/iat-concede-licenca-ambiental-para-uma-nova-unidade-da-frisia-em-ponta-grossa\/","title":{"rendered":"IAT concede licen\u00e7a ambiental para uma nova unidade da Fr\u00edsia em Ponta Grossa"},"content":{"rendered":"\n<p>O Instituto \u00c1gua e Terra (IAT) concedeu neste m\u00eas a Licen\u00e7a Ambiental de Opera\u00e7\u00e3o que permite o in\u00edcio da constru\u00e7\u00e3o de uma nova sede da Fr\u00edsia Cooperativa Agroindustrial em Ponta Grossa, nos Campos Gerais. A empresa vai instalar um barrac\u00e3o climatizado (c\u00e2mara fria) de 4,1 mil metros quadrados em uma \u00e1rea no km 495 da BR-376, pr\u00f3ximo \u00e0 atual planta empresarial. <\/p>\n\n\n\n<p>O investimento \u00e9 de aproximadamente R$ 20 milh\u00f5es, com previs\u00e3o de finaliza\u00e7\u00e3o da estrutura para julho de 2024. N\u00e3o h\u00e1 estimativa de quantos postos de trabalho ser\u00e3o gerados.<\/p>\n\n\n\n<p>Quando entrar em funcionamento, o complexo vai aumentar a capacidade de produ\u00e7\u00e3o e de estocagem de sementes em cerca de 30%, garantindo ainda maior qualidade e seguran\u00e7a por meio da climatiza\u00e7\u00e3o.A Fr\u00edsia, por meio da Sementes Batavo, \u00e9 parceira das principais detentoras de gen\u00e9tica de soja e trigo do Brasil e tem uma capacidade de produ\u00e7\u00e3o que chega a 800 mil sacas por ano.<\/p>\n\n\n\n<p>Com quase um s\u00e9culo de hist\u00f3ria, a Cooperativa Agroindustrial \u00e9 a mais antiga do Estado e a segunda do Brasil, com unidades no Paran\u00e1 e Tocantins. Em 2022, produziu 313 milh\u00f5es de litros de leite, 1,1 milh\u00e3o de toneladas de gr\u00e3os, 75,7 mil toneladas de madeira e mais de 30 mil toneladas de carne su\u00edna, resultado do trabalho de 1.046 cooperados e 1.190 colaboradores.<\/p>\n\n\n\n<p>POTENCIAL REGIONAL \u2013 Por causa do trabalho de cooperativas como a Fr\u00edsia, o Paran\u00e1 se tornou o segundo maior produtor de leite do Brasil, atr\u00e1s apenas de Minas Gerais, de acordo com levantamento mais recentes do Instituto Brasileiro de Geografia e Estat\u00edstica (IBGE). <\/p>\n\n\n\n<p>Produz aproximadamente 4,4 bilh\u00f5es de litros por ano. Segundo dados do Departamento de Economia Rural (Deral), da Secretaria de Estado da Agricultura e do Abastecimento (Seab), apenas em 2021, a produ\u00e7\u00e3o de leite gerou R$ 9 bilh\u00f5es para o Estado.<\/p>\n\n\n\n<p>A regi\u00e3o dos Campos Gerais \u00e9 uma das maiores bacias leiteiras do Brasil. Os munic\u00edpios com maior produ\u00e7\u00e3o na regi\u00e3o s\u00e3o Carambe\u00ed, Castro e Arapoti, com sistema produtivo predominantemente via cooperativas. Entre as condi\u00e7\u00f5es que favorecem o setor est\u00e3o a efici\u00eancia dos produtores, base s\u00f3lida, alta ader\u00eancia em tecnologia e qualidade gen\u00e9tica, al\u00e9m de suporte t\u00e9cnico especializado.<\/p>\n\n\n\n<p>AEN<\/p>\n","protected":false},"excerpt":{"rendered":"<p>O Instituto \u00c1gua e Terra (IAT) concedeu neste m\u00eas a Licen\u00e7a Ambiental de Opera\u00e7\u00e3o que permite o in\u00edcio da constru\u00e7\u00e3o de uma nova sede da Fr\u00edsia Cooperativa Agroindustrial em Ponta Grossa, nos Campos Gerais. A empresa vai instalar um barrac\u00e3o climatizado (c\u00e2mara fria) de 4,1 mil metros quadrados em uma \u00e1rea no km 495 da [&hellip;]<\/p>\n","protected":false},"author":2,"featured_media":52561,"comment_status":"open","ping_status":"open","sticky":false,"template":"","format":"standard","meta":{"advanced_seo_description":"","jetpack_seo_html_title":"","jetpack_seo_noindex":false,"_jetpack_memberships_contains_paid_content":false,"footnotes":""},"categories":[42],"tags":[],"class_list":{"0":"post-52560","1":"post","2":"type-post","3":"status-publish","4":"format-standard","5":"has-post-thumbnail","7":"category-cidades"},"jetpack_featured_media_url":"https:\/\/www.paranapraia.com.br\/wp-content\/uploads\/2023\/07\/frisia_4_divulgacao.jpg","jetpack_sharing_enabled":true,"_links":{"self":[{"href":"https:\/\/www.paranapraia.com.br\/index.php\/wp-json\/wp\/v2\/posts\/52560"}],"collection":[{"href":"https:\/\/www.paranapraia.com.br\/index.php\/wp-json\/wp\/v2\/posts"}],"about":[{"href":"https:\/\/www.paranapraia.com.br\/index.php\/wp-json\/wp\/v2\/types\/post"}],"author":[{"embeddable":true,"href":"https:\/\/www.paranapraia.com.br\/index.php\/wp-json\/wp\/v2\/users\/2"}],"replies":[{"embeddable":true,"href":"https:\/\/www.paranapraia.com.br\/index.php\/wp-json\/wp\/v2\/comments?post=52560"}],"version-history":[{"count":1,"href":"https:\/\/www.paranapraia.com.br\/index.php\/wp-json\/wp\/v2\/posts\/52560\/revisions"}],"predecessor-version":[{"id":52562,"href":"https:\/\/www.paranapraia.com.br\/index.php\/wp-json\/wp\/v2\/posts\/52560\/revisions\/52562"}],"wp:featuredmedia":[{"embeddable":true,"href":"https:\/\/www.paranapraia.com.br\/index.php\/wp-json\/wp\/v2\/media\/52561"}],"wp:attachment":[{"href":"https:\/\/www.paranapraia.com.br\/index.php\/wp-json\/wp\/v2\/media?parent=52560"}],"wp:term":[{"taxonomy":"category","embeddable":true,"href":"https:\/\/www.paranapraia.com.br\/index.php\/wp-json\/wp\/v2\/categories?post=52560"},{"taxonomy":"post_tag","embeddable":true,"href":"https:\/\/www.paranapraia.com.br\/index.php\/wp-json\/wp\/v2\/tags?post=52560"}],"curies":[{"name":"wp","href":"https:\/\/api.w.org\/{rel}","templated":true}]}}