{"id":52550,"date":"2023-07-20T15:10:12","date_gmt":"2023-07-20T18:10:12","guid":{"rendered":"https:\/\/www.paranapraia.com.br\/?p=52550"},"modified":"2023-07-20T15:10:12","modified_gmt":"2023-07-20T18:10:12","slug":"guaratuba-apresenta-experiencia-na-18a-mostra-brasil-aqui-tem-sus","status":"publish","type":"post","link":"https:\/\/www.paranapraia.com.br\/index.php\/2023\/07\/20\/guaratuba-apresenta-experiencia-na-18a-mostra-brasil-aqui-tem-sus\/","title":{"rendered":"Guaratuba apresenta experi\u00eancia na 18\u00aa Mostra Brasil, Aqui Tem SUS"},"content":{"rendered":"\n<p>No domingo (16) aconteceu a 18\u00aa Mostra Brasil, aqui tem SUS do Congresso do Conasems realizada no Centro de Conven\u00e7\u00f5es em Goi\u00e2nia.<\/p>\n\n\n\n<p><br>O Congresso em sua 37\u00aa edi\u00e7\u00e3o reuniu gestores, trabalhadores e profissionais do SUS de todos os estados do pa\u00eds com o objetivo de tratar temas importantes para a gest\u00e3o municipal do SUS.<\/p>\n\n\n\n<p><br>No total, 5.280 trabalhos foram inscritos nas mostras estaduais, evidenciando o Sistema \u00danico de Sa\u00fade (SUS) como um organismo vivo, que se ramifica e se expressa em sua singularidade em cada territ\u00f3rio do pa\u00eds.<br>O secret\u00e1rio da Sa\u00fade Gabriel Modesto participou do evento e ministrou uma palestra sobre o tema \u201cTerritorializa\u00e7\u00e3o na Reestrutura\u00e7\u00e3o da Aten\u00e7\u00e3o Prim\u00e1ria P\u00f3s-pandemia\u201d onde apresentou a cidade e os trabalhos desenvolvidos pelos Agentes Comunit\u00e1rios de Sa\u00fade e Agentes de Endemias, destacando os avan\u00e7os que o munic\u00edpio teve na \u00e1rea da sa\u00fade, como a eleva\u00e7\u00e3o do ISF do Previne Brasil que saiu de 2,59, para 6,17 em 2022 e 8,17 em 2023, ocupando o 1\u00ba lugar no ranking da Aten\u00e7\u00e3o Prim\u00e1ria no Litoral do Paran\u00e1.<\/p>\n\n\n\n<p><br>\u201cA gest\u00e3o baseada em dados da popula\u00e7\u00e3o, a integra\u00e7\u00e3o da Vigil\u00e2ncia em sa\u00fade e o planejamento participativo com a\u00e7\u00f5es e metas exequ\u00edveis, permitiram a colheita de resultados extremamente positivos para a popula\u00e7\u00e3o guaratubana\u201d, afirmou o secret\u00e1rio, Gabriel Modesto.<\/p>\n\n\n\n<p>Assessoria<\/p>\n","protected":false},"excerpt":{"rendered":"<p>No domingo (16) aconteceu a 18\u00aa Mostra Brasil, aqui tem SUS do Congresso do Conasems realizada no Centro de Conven\u00e7\u00f5es em Goi\u00e2nia. O Congresso em sua 37\u00aa edi\u00e7\u00e3o reuniu gestores, trabalhadores e profissionais do SUS de todos os estados do pa\u00eds com o objetivo de tratar temas importantes para a gest\u00e3o municipal do SUS. No [&hellip;]<\/p>\n","protected":false},"author":2,"featured_media":52551,"comment_status":"open","ping_status":"open","sticky":false,"template":"","format":"standard","meta":{"advanced_seo_description":"","jetpack_seo_html_title":"","jetpack_seo_noindex":false,"_jetpack_memberships_contains_paid_content":false,"footnotes":""},"categories":[99],"tags":[],"class_list":{"0":"post-52550","1":"post","2":"type-post","3":"status-publish","4":"format-standard","5":"has-post-thumbnail","7":"category-guaratuba"},"jetpack_featured_media_url":"https:\/\/www.paranapraia.com.br\/wp-content\/uploads\/2023\/07\/FB_IMG_1689876549847.jpg","jetpack_sharing_enabled":true,"_links":{"self":[{"href":"https:\/\/www.paranapraia.com.br\/index.php\/wp-json\/wp\/v2\/posts\/52550"}],"collection":[{"href":"https:\/\/www.paranapraia.com.br\/index.php\/wp-json\/wp\/v2\/posts"}],"about":[{"href":"https:\/\/www.paranapraia.com.br\/index.php\/wp-json\/wp\/v2\/types\/post"}],"author":[{"embeddable":true,"href":"https:\/\/www.paranapraia.com.br\/index.php\/wp-json\/wp\/v2\/users\/2"}],"replies":[{"embeddable":true,"href":"https:\/\/www.paranapraia.com.br\/index.php\/wp-json\/wp\/v2\/comments?post=52550"}],"version-history":[{"count":1,"href":"https:\/\/www.paranapraia.com.br\/index.php\/wp-json\/wp\/v2\/posts\/52550\/revisions"}],"predecessor-version":[{"id":52552,"href":"https:\/\/www.paranapraia.com.br\/index.php\/wp-json\/wp\/v2\/posts\/52550\/revisions\/52552"}],"wp:featuredmedia":[{"embeddable":true,"href":"https:\/\/www.paranapraia.com.br\/index.php\/wp-json\/wp\/v2\/media\/52551"}],"wp:attachment":[{"href":"https:\/\/www.paranapraia.com.br\/index.php\/wp-json\/wp\/v2\/media?parent=52550"}],"wp:term":[{"taxonomy":"category","embeddable":true,"href":"https:\/\/www.paranapraia.com.br\/index.php\/wp-json\/wp\/v2\/categories?post=52550"},{"taxonomy":"post_tag","embeddable":true,"href":"https:\/\/www.paranapraia.com.br\/index.php\/wp-json\/wp\/v2\/tags?post=52550"}],"curies":[{"name":"wp","href":"https:\/\/api.w.org\/{rel}","templated":true}]}}