{"id":52547,"date":"2023-07-20T15:07:55","date_gmt":"2023-07-20T18:07:55","guid":{"rendered":"https:\/\/www.paranapraia.com.br\/?p=52547"},"modified":"2023-07-20T15:07:56","modified_gmt":"2023-07-20T18:07:56","slug":"vegetacao-de-restinga-em-matinhos-esta-recebendo-reforco-de-600-mil-mudas-nativas","status":"publish","type":"post","link":"https:\/\/www.paranapraia.com.br\/index.php\/2023\/07\/20\/vegetacao-de-restinga-em-matinhos-esta-recebendo-reforco-de-600-mil-mudas-nativas\/","title":{"rendered":"Vegeta\u00e7\u00e3o de restinga em Matinhos est\u00e1 recebendo refor\u00e7o de 600 mil mudas nativas"},"content":{"rendered":"\n<p>Dos atuais 2,5 hectares vai passar para mais de 5 hectares de \u00e1rea total. O processo est\u00e1 em andamento e faz parte do projeto de revitaliza\u00e7\u00e3o e engorda da orla de Matinhos. A conclus\u00e3o total da obra segue a programa\u00e7\u00e3o inicial prevista para ser entregue no segundo semestre de 2024.<\/p>\n\n\n\n<p>At\u00e9 o momento, o Instituto \u00c1gua e Terra (IAT), em parceria com o cons\u00f3rcio Sambaqui, grupo de empresas respons\u00e1vel pelo projeto ap\u00f3s licita\u00e7\u00e3o p\u00fablica, plantou 287.736 mudas de diferentes esp\u00e9cies (48%) ao longo dos 6,3 quil\u00f4metros de faixa de areia, entre o Morro do Boi e o Balne\u00e1rio Fl\u00f3rida.<\/p>\n\n\n\n<p>Por decis\u00e3o judicial, parte dessas a\u00e7\u00f5es foi embargada ap\u00f3s pedido do Instituto Brasileiro do Meio Ambiente e dos Recursos Naturais Renov\u00e1veis (Ibama). O Governo do Paran\u00e1, por meio da Procuradoria-Geral do Estado (PGE), est\u00e1 recorrendo da decis\u00e3o.<\/p>\n\n\n\n<p>O investimento na recupera\u00e7\u00e3o e amplia\u00e7\u00e3o da flora na regi\u00e3o \u00e9 de R$ 268 mil, dentro do pacote completo de moderniza\u00e7\u00e3o da Orla de Matinhos, cujo or\u00e7amento \u00e9 de R$ 314,9 milh\u00f5es.<\/p>\n\n\n\n<p>\u201cA nova vegeta\u00e7\u00e3o da restinga aumenta a vida \u00fatil da orla, ajuda a conter a eros\u00e3o e\u00f3lica nas \u00e1reas do entorno e tamb\u00e9m incrementam a biodiversidade do local, algo essencial para combater a presen\u00e7a de esp\u00e9cies ex\u00f3ticas invasoras, que inibem o desenvolvimento das esp\u00e9cies nativas\u201d, afirmou o diretor de Saneamento Ambiental e Recursos H\u00eddricos do IAT, Jos\u00e9 Luiz Scroccaro.<\/p>\n\n\n\n<p>Com informa\u00e7\u00f5es e imagens da Ag\u00eancia Estadual de Noticias<\/p>\n\n\n\n<p>Departamento de Comunica\u00e7\u00e3o<br>Prefeitura de Matinhos<\/p>\n\n\n\n<p>Acesse nosso portal: https:\/\/matinhos.atende.net\/cidadao\/noticia\/vegetacao-de-restinga-em-matinhos-esta-recebendo-reforco-de-600-mil-mudas-nativas-com-o-projeto-de-revitalizacao-da-orla<\/p>\n","protected":false},"excerpt":{"rendered":"<p>Dos atuais 2,5 hectares vai passar para mais de 5 hectares de \u00e1rea total. O processo est\u00e1 em andamento e faz parte do projeto de revitaliza\u00e7\u00e3o e engorda da orla de Matinhos. A conclus\u00e3o total da obra segue a programa\u00e7\u00e3o inicial prevista para ser entregue no segundo semestre de 2024. At\u00e9 o momento, o Instituto [&hellip;]<\/p>\n","protected":false},"author":2,"featured_media":52548,"comment_status":"open","ping_status":"open","sticky":false,"template":"","format":"standard","meta":{"advanced_seo_description":"","jetpack_seo_html_title":"","jetpack_seo_noindex":false,"_jetpack_memberships_contains_paid_content":false,"footnotes":""},"categories":[88],"tags":[],"class_list":{"0":"post-52547","1":"post","2":"type-post","3":"status-publish","4":"format-standard","5":"has-post-thumbnail","7":"category-matinhos"},"jetpack_featured_media_url":"https:\/\/www.paranapraia.com.br\/wp-content\/uploads\/2023\/07\/FB_IMG_1689876367297.jpg","jetpack_sharing_enabled":true,"_links":{"self":[{"href":"https:\/\/www.paranapraia.com.br\/index.php\/wp-json\/wp\/v2\/posts\/52547"}],"collection":[{"href":"https:\/\/www.paranapraia.com.br\/index.php\/wp-json\/wp\/v2\/posts"}],"about":[{"href":"https:\/\/www.paranapraia.com.br\/index.php\/wp-json\/wp\/v2\/types\/post"}],"author":[{"embeddable":true,"href":"https:\/\/www.paranapraia.com.br\/index.php\/wp-json\/wp\/v2\/users\/2"}],"replies":[{"embeddable":true,"href":"https:\/\/www.paranapraia.com.br\/index.php\/wp-json\/wp\/v2\/comments?post=52547"}],"version-history":[{"count":1,"href":"https:\/\/www.paranapraia.com.br\/index.php\/wp-json\/wp\/v2\/posts\/52547\/revisions"}],"predecessor-version":[{"id":52549,"href":"https:\/\/www.paranapraia.com.br\/index.php\/wp-json\/wp\/v2\/posts\/52547\/revisions\/52549"}],"wp:featuredmedia":[{"embeddable":true,"href":"https:\/\/www.paranapraia.com.br\/index.php\/wp-json\/wp\/v2\/media\/52548"}],"wp:attachment":[{"href":"https:\/\/www.paranapraia.com.br\/index.php\/wp-json\/wp\/v2\/media?parent=52547"}],"wp:term":[{"taxonomy":"category","embeddable":true,"href":"https:\/\/www.paranapraia.com.br\/index.php\/wp-json\/wp\/v2\/categories?post=52547"},{"taxonomy":"post_tag","embeddable":true,"href":"https:\/\/www.paranapraia.com.br\/index.php\/wp-json\/wp\/v2\/tags?post=52547"}],"curies":[{"name":"wp","href":"https:\/\/api.w.org\/{rel}","templated":true}]}}