{"id":52541,"date":"2023-07-20T15:04:08","date_gmt":"2023-07-20T18:04:08","guid":{"rendered":"https:\/\/www.paranapraia.com.br\/?p=52541"},"modified":"2023-07-20T15:04:09","modified_gmt":"2023-07-20T18:04:09","slug":"trilha-empreendedora-discute-politicas-publicas-para-as-mulheres-em-pontal-do-parana","status":"publish","type":"post","link":"https:\/\/www.paranapraia.com.br\/index.php\/2023\/07\/20\/trilha-empreendedora-discute-politicas-publicas-para-as-mulheres-em-pontal-do-parana\/","title":{"rendered":"Trilha Empreendedora discute Pol\u00edticas P\u00fablicas para as Mulheres em Pontal do Paran\u00e1"},"content":{"rendered":"\n<p>Aconteceu ontem (19) mais uma edi\u00e7\u00e3o da \u201cTrilha Empreendedora\u201d, um evento coordenado pela Coordenadoria de Pol\u00edticas P\u00fablicas para as Mulheres de Pontal do Paran\u00e1.<\/p>\n\n\n\n<p>A iniciativa, que j\u00e1 se tornou tradicional, busca incentivar e fortalecer o empreendedorismo feminino, proporcionando um ambiente prop\u00edcio para a troca de conhecimentos, experi\u00eancias e networking entre mulheres empreendedoras.<\/p>\n\n\n\n<p>A Trilha Empreendedora \u00e9 uma oportunidade \u00fanica para que as mulheres de Pontal do Paran\u00e1 possam se conectar e impulsionar seus neg\u00f3cios, compartilhando suas hist\u00f3rias de sucesso, desafios superados e estrat\u00e9gias inovadoras.<\/p>\n\n\n\n<p> Al\u00e9m disso, o evento oferece palestras e workshops ministrados por especialistas nas mais diversas \u00e1reas do empreendedorismo, proporcionando um aprendizado enriquecedor e aplic\u00e1vel para as participantes.<\/p>\n\n\n\n<p>Dessa vez o tema da palestra foi: \u201cSou feirante, Sou artes\u00e3, como melhor atender meu cliente\u201d.<\/p>\n\n\n\n<p>Atrav\u00e9s dessa iniciativa, a comunidade empreendedora local recebe um valioso apoio institucional, que busca eliminar barreiras, fomentar a igualdade de oportunidades e incentivar a participa\u00e7\u00e3o ativa das mulheres no mercado de trabalho e nos neg\u00f3cios.<\/p>\n\n\n\n<p> <\/p>\n\n\n\n<figure class=\"wp-block-image size-large\"><img loading=\"lazy\" decoding=\"async\" width=\"1024\" height=\"768\" src=\"https:\/\/www.paranapraia.com.br\/wp-content\/uploads\/2023\/07\/FB_IMG_1689875895607-1024x768.jpg\" alt=\"\" class=\"wp-image-52543\" srcset=\"https:\/\/www.paranapraia.com.br\/wp-content\/uploads\/2023\/07\/FB_IMG_1689875895607-1024x768.jpg 1024w, https:\/\/www.paranapraia.com.br\/wp-content\/uploads\/2023\/07\/FB_IMG_1689875895607-300x225.jpg 300w, https:\/\/www.paranapraia.com.br\/wp-content\/uploads\/2023\/07\/FB_IMG_1689875895607-768x576.jpg 768w, https:\/\/www.paranapraia.com.br\/wp-content\/uploads\/2023\/07\/FB_IMG_1689875895607-80x60.jpg 80w, https:\/\/www.paranapraia.com.br\/wp-content\/uploads\/2023\/07\/FB_IMG_1689875895607-265x198.jpg 265w, https:\/\/www.paranapraia.com.br\/wp-content\/uploads\/2023\/07\/FB_IMG_1689875895607-696x522.jpg 696w, https:\/\/www.paranapraia.com.br\/wp-content\/uploads\/2023\/07\/FB_IMG_1689875895607-1068x801.jpg 1068w, https:\/\/www.paranapraia.com.br\/wp-content\/uploads\/2023\/07\/FB_IMG_1689875895607-560x420.jpg 560w, https:\/\/www.paranapraia.com.br\/wp-content\/uploads\/2023\/07\/FB_IMG_1689875895607.jpg 1080w\" sizes=\"(max-width: 1024px) 100vw, 1024px\" \/><\/figure>\n\n\n\n<p>A Trilha Empreendedora \u00e9 um s\u00edmbolo do comprometimento com a causa feminina e da import\u00e2ncia de criar espa\u00e7os inclusivos e prop\u00edcios para o crescimento e desenvolvimento das mulheres empreendedoras de Pontal do Paran\u00e1.<\/p>\n\n\n\n<p>Assessoria<\/p>\n","protected":false},"excerpt":{"rendered":"<p>Aconteceu ontem (19) mais uma edi\u00e7\u00e3o da \u201cTrilha Empreendedora\u201d, um evento coordenado pela Coordenadoria de Pol\u00edticas P\u00fablicas para as Mulheres de Pontal do Paran\u00e1. A iniciativa, que j\u00e1 se tornou tradicional, busca incentivar e fortalecer o empreendedorismo feminino, proporcionando um ambiente prop\u00edcio para a troca de conhecimentos, experi\u00eancias e networking entre mulheres empreendedoras. A Trilha [&hellip;]<\/p>\n","protected":false},"author":2,"featured_media":52542,"comment_status":"open","ping_status":"open","sticky":false,"template":"","format":"standard","meta":{"advanced_seo_description":"","jetpack_seo_html_title":"","jetpack_seo_noindex":false,"_jetpack_memberships_contains_paid_content":false,"footnotes":""},"categories":[65],"tags":[],"class_list":{"0":"post-52541","1":"post","2":"type-post","3":"status-publish","4":"format-standard","5":"has-post-thumbnail","7":"category-pontal-do-parana"},"jetpack_featured_media_url":"https:\/\/www.paranapraia.com.br\/wp-content\/uploads\/2023\/07\/FB_IMG_1689875906190.jpg","jetpack_sharing_enabled":true,"_links":{"self":[{"href":"https:\/\/www.paranapraia.com.br\/index.php\/wp-json\/wp\/v2\/posts\/52541"}],"collection":[{"href":"https:\/\/www.paranapraia.com.br\/index.php\/wp-json\/wp\/v2\/posts"}],"about":[{"href":"https:\/\/www.paranapraia.com.br\/index.php\/wp-json\/wp\/v2\/types\/post"}],"author":[{"embeddable":true,"href":"https:\/\/www.paranapraia.com.br\/index.php\/wp-json\/wp\/v2\/users\/2"}],"replies":[{"embeddable":true,"href":"https:\/\/www.paranapraia.com.br\/index.php\/wp-json\/wp\/v2\/comments?post=52541"}],"version-history":[{"count":1,"href":"https:\/\/www.paranapraia.com.br\/index.php\/wp-json\/wp\/v2\/posts\/52541\/revisions"}],"predecessor-version":[{"id":52545,"href":"https:\/\/www.paranapraia.com.br\/index.php\/wp-json\/wp\/v2\/posts\/52541\/revisions\/52545"}],"wp:featuredmedia":[{"embeddable":true,"href":"https:\/\/www.paranapraia.com.br\/index.php\/wp-json\/wp\/v2\/media\/52542"}],"wp:attachment":[{"href":"https:\/\/www.paranapraia.com.br\/index.php\/wp-json\/wp\/v2\/media?parent=52541"}],"wp:term":[{"taxonomy":"category","embeddable":true,"href":"https:\/\/www.paranapraia.com.br\/index.php\/wp-json\/wp\/v2\/categories?post=52541"},{"taxonomy":"post_tag","embeddable":true,"href":"https:\/\/www.paranapraia.com.br\/index.php\/wp-json\/wp\/v2\/tags?post=52541"}],"curies":[{"name":"wp","href":"https:\/\/api.w.org\/{rel}","templated":true}]}}