{"id":52523,"date":"2023-07-20T12:12:30","date_gmt":"2023-07-20T15:12:30","guid":{"rendered":"https:\/\/www.paranapraia.com.br\/?p=52523"},"modified":"2023-07-20T12:12:31","modified_gmt":"2023-07-20T15:12:31","slug":"com-limpeza-da-pista-estrada-da-graciosa-e-liberada-para-trafego","status":"publish","type":"post","link":"https:\/\/www.paranapraia.com.br\/index.php\/2023\/07\/20\/com-limpeza-da-pista-estrada-da-graciosa-e-liberada-para-trafego\/","title":{"rendered":"Com limpeza da pista, Estrada da Graciosa \u00e9 liberada para tr\u00e1fego"},"content":{"rendered":"\n<p>O Departamento de Estradas de Rodagem do Paran\u00e1 (DER\/PR) liberou o tr\u00e1fego de ve\u00edculos na Estrada da Graciosa (PR-410) no final da tarde desta quarta-feira (19), ap\u00f3s de nova avalia\u00e7\u00e3o das condi\u00e7\u00f5es do trecho.<\/p>\n\n\n\n<p>Depois da redu\u00e7\u00e3o dos n\u00edveis pluviom\u00e9tricos na serra, e constata\u00e7\u00e3o de estabilidade nos demais pontos em obras, o tr\u00e1fego voltou a circular na rodovia, assim que foram conclu\u00eddos os servi\u00e7os de limpeza da pista, atingida por escorregamento de lama e vegeta\u00e7\u00e3o na altura do km 11+200 na quarta-feira (19).<\/p>\n\n\n\n<p>Com o avan\u00e7o das obras emergenciais de recupera\u00e7\u00e3o das encostas da estrada, os pontos em obras j\u00e1 apresentam maior resist\u00eancia a danos causados pela a\u00e7\u00e3o do clima. A perspectiva \u00e9 que a entrega dos segmentos prontos inicie no m\u00eas que vem, caso as chuvas n\u00e3o atrapalhem o andamento dos servi\u00e7os.<\/p>\n\n\n\n<p>A previs\u00e3o inicial era de manter o bloqueio at\u00e9 esta quinta-feira (20), mas as restri\u00e7\u00f5es se mostraram n\u00e3o mais necess\u00e1rias j\u00e1 na quarta-feira. <\/p>\n\n\n\n<p>O tr\u00e1fego de ve\u00edculos permanece em opera\u00e7\u00e3o pare-e-siga no km 7 ao km 8 e no km 11 ao km 12.<\/p>\n\n\n\n<p>AEN<\/p>\n","protected":false},"excerpt":{"rendered":"<p>O Departamento de Estradas de Rodagem do Paran\u00e1 (DER\/PR) liberou o tr\u00e1fego de ve\u00edculos na Estrada da Graciosa (PR-410) no final da tarde desta quarta-feira (19), ap\u00f3s de nova avalia\u00e7\u00e3o das condi\u00e7\u00f5es do trecho. Depois da redu\u00e7\u00e3o dos n\u00edveis pluviom\u00e9tricos na serra, e constata\u00e7\u00e3o de estabilidade nos demais pontos em obras, o tr\u00e1fego voltou a [&hellip;]<\/p>\n","protected":false},"author":2,"featured_media":52524,"comment_status":"open","ping_status":"open","sticky":false,"template":"","format":"standard","meta":{"advanced_seo_description":"","jetpack_seo_html_title":"","jetpack_seo_noindex":false,"_jetpack_memberships_contains_paid_content":false,"footnotes":""},"categories":[40],"tags":[],"class_list":{"0":"post-52523","1":"post","2":"type-post","3":"status-publish","4":"format-standard","5":"has-post-thumbnail","7":"category-destaques"},"jetpack_featured_media_url":"https:\/\/www.paranapraia.com.br\/wp-content\/uploads\/2023\/07\/graciosa_19.07.23_reparos_e_limpeza_concluindo_02-scaled.jpg","jetpack_sharing_enabled":true,"_links":{"self":[{"href":"https:\/\/www.paranapraia.com.br\/index.php\/wp-json\/wp\/v2\/posts\/52523"}],"collection":[{"href":"https:\/\/www.paranapraia.com.br\/index.php\/wp-json\/wp\/v2\/posts"}],"about":[{"href":"https:\/\/www.paranapraia.com.br\/index.php\/wp-json\/wp\/v2\/types\/post"}],"author":[{"embeddable":true,"href":"https:\/\/www.paranapraia.com.br\/index.php\/wp-json\/wp\/v2\/users\/2"}],"replies":[{"embeddable":true,"href":"https:\/\/www.paranapraia.com.br\/index.php\/wp-json\/wp\/v2\/comments?post=52523"}],"version-history":[{"count":1,"href":"https:\/\/www.paranapraia.com.br\/index.php\/wp-json\/wp\/v2\/posts\/52523\/revisions"}],"predecessor-version":[{"id":52525,"href":"https:\/\/www.paranapraia.com.br\/index.php\/wp-json\/wp\/v2\/posts\/52523\/revisions\/52525"}],"wp:featuredmedia":[{"embeddable":true,"href":"https:\/\/www.paranapraia.com.br\/index.php\/wp-json\/wp\/v2\/media\/52524"}],"wp:attachment":[{"href":"https:\/\/www.paranapraia.com.br\/index.php\/wp-json\/wp\/v2\/media?parent=52523"}],"wp:term":[{"taxonomy":"category","embeddable":true,"href":"https:\/\/www.paranapraia.com.br\/index.php\/wp-json\/wp\/v2\/categories?post=52523"},{"taxonomy":"post_tag","embeddable":true,"href":"https:\/\/www.paranapraia.com.br\/index.php\/wp-json\/wp\/v2\/tags?post=52523"}],"curies":[{"name":"wp","href":"https:\/\/api.w.org\/{rel}","templated":true}]}}