{"id":52518,"date":"2023-07-20T11:30:59","date_gmt":"2023-07-20T14:30:59","guid":{"rendered":"https:\/\/www.paranapraia.com.br\/?p=52518"},"modified":"2023-07-20T11:30:59","modified_gmt":"2023-07-20T14:30:59","slug":"semana-pedagogica-da-rede-municipal-comeca-em-matinhos","status":"publish","type":"post","link":"https:\/\/www.paranapraia.com.br\/index.php\/2023\/07\/20\/semana-pedagogica-da-rede-municipal-comeca-em-matinhos\/","title":{"rendered":"Semana pedag\u00f3gica da rede municipal come\u00e7a em Matinhos"},"content":{"rendered":"\n<p>Teve in\u00edcio nesta quinta-feira (20) a Semana Pedag\u00f3gica para professoras da rede municipal de ensino. As atividades acontecem at\u00e9 esta sexta-feira (21), no SESC Caiob\u00e1 e nas escolas municipais de Matinhos.<\/p>\n\n\n\n<p>De acordo com o cronograma elaborado pela Secretaria de Educa\u00e7\u00e3o, nesta quinta, as professoras da Educa\u00e7\u00e3o Infantil est\u00e3o em forma\u00e7\u00e3o no SESC. J\u00e1 as do Ensino Fundamental-I est\u00e3o em suas escolas com atividades, conforme organiza\u00e7\u00e3o da gest\u00e3o e coordena\u00e7\u00e3o de cada unidade.<\/p>\n\n\n\n<figure class=\"wp-block-gallery has-nested-images columns-1 is-cropped wp-block-gallery-1 is-layout-flex wp-block-gallery-is-layout-flex\">\n<figure class=\"wp-block-image size-large\"><img loading=\"lazy\" decoding=\"async\" width=\"1024\" height=\"576\" data-id=\"52520\" src=\"https:\/\/www.paranapraia.com.br\/wp-content\/uploads\/2023\/07\/FB_IMG_1689863368425-1024x576.jpg\" alt=\"\" class=\"wp-image-52520\" srcset=\"https:\/\/www.paranapraia.com.br\/wp-content\/uploads\/2023\/07\/FB_IMG_1689863368425-1024x576.jpg 1024w, https:\/\/www.paranapraia.com.br\/wp-content\/uploads\/2023\/07\/FB_IMG_1689863368425-300x169.jpg 300w, https:\/\/www.paranapraia.com.br\/wp-content\/uploads\/2023\/07\/FB_IMG_1689863368425-768x432.jpg 768w, https:\/\/www.paranapraia.com.br\/wp-content\/uploads\/2023\/07\/FB_IMG_1689863368425-696x392.jpg 696w, https:\/\/www.paranapraia.com.br\/wp-content\/uploads\/2023\/07\/FB_IMG_1689863368425-1068x601.jpg 1068w, https:\/\/www.paranapraia.com.br\/wp-content\/uploads\/2023\/07\/FB_IMG_1689863368425-746x420.jpg 746w, https:\/\/www.paranapraia.com.br\/wp-content\/uploads\/2023\/07\/FB_IMG_1689863368425.jpg 1080w\" sizes=\"(max-width: 1024px) 100vw, 1024px\" \/><\/figure>\n\n\n\n<figure class=\"wp-block-image size-large\"><img loading=\"lazy\" decoding=\"async\" width=\"1024\" height=\"576\" data-id=\"52521\" src=\"https:\/\/www.paranapraia.com.br\/wp-content\/uploads\/2023\/07\/FB_IMG_1689863370698-1024x576.jpg\" alt=\"\" class=\"wp-image-52521\" srcset=\"https:\/\/www.paranapraia.com.br\/wp-content\/uploads\/2023\/07\/FB_IMG_1689863370698-1024x576.jpg 1024w, https:\/\/www.paranapraia.com.br\/wp-content\/uploads\/2023\/07\/FB_IMG_1689863370698-300x169.jpg 300w, https:\/\/www.paranapraia.com.br\/wp-content\/uploads\/2023\/07\/FB_IMG_1689863370698-768x432.jpg 768w, https:\/\/www.paranapraia.com.br\/wp-content\/uploads\/2023\/07\/FB_IMG_1689863370698-696x392.jpg 696w, https:\/\/www.paranapraia.com.br\/wp-content\/uploads\/2023\/07\/FB_IMG_1689863370698-1068x601.jpg 1068w, https:\/\/www.paranapraia.com.br\/wp-content\/uploads\/2023\/07\/FB_IMG_1689863370698-746x420.jpg 746w, https:\/\/www.paranapraia.com.br\/wp-content\/uploads\/2023\/07\/FB_IMG_1689863370698.jpg 1080w\" sizes=\"(max-width: 1024px) 100vw, 1024px\" \/><\/figure>\n<\/figure>\n\n\n\n<p>E nesta sexta, as docentes do Ensino Fundamental-I estar\u00e3o em forma\u00e7\u00e3o no SESC e no Complexo Educacional Francisco dos Santos Junior. E as da Educa\u00e7\u00e3o Infantil estar\u00e3o em seus respectivos CMEI\u2019s, com atividades organizadas pela gest\u00e3o e coordena\u00e7\u00e3o das unidades de ensino.<\/p>\n\n\n\n<p>Departamento de Comunica\u00e7\u00e3o<br>Prefeitura de Matinhos<\/p>\n\n\n\n<p>Acesse o nosso portal: https:\/\/matinhos.atende.net\/cidadao\/noticia\/semana-pedagogica-da-rede-municipal-comeca-em-matinhos<\/p>\n","protected":false},"excerpt":{"rendered":"<p>Teve in\u00edcio nesta quinta-feira (20) a Semana Pedag\u00f3gica para professoras da rede municipal de ensino. As atividades acontecem at\u00e9 esta sexta-feira (21), no SESC Caiob\u00e1 e nas escolas municipais de Matinhos. De acordo com o cronograma elaborado pela Secretaria de Educa\u00e7\u00e3o, nesta quinta, as professoras da Educa\u00e7\u00e3o Infantil est\u00e3o em forma\u00e7\u00e3o no SESC. J\u00e1 as [&hellip;]<\/p>\n","protected":false},"author":2,"featured_media":52519,"comment_status":"open","ping_status":"open","sticky":false,"template":"","format":"standard","meta":{"advanced_seo_description":"","jetpack_seo_html_title":"","jetpack_seo_noindex":false,"_jetpack_memberships_contains_paid_content":false,"footnotes":""},"categories":[88],"tags":[],"class_list":{"0":"post-52518","1":"post","2":"type-post","3":"status-publish","4":"format-standard","5":"has-post-thumbnail","7":"category-matinhos"},"jetpack_featured_media_url":"https:\/\/www.paranapraia.com.br\/wp-content\/uploads\/2023\/07\/FB_IMG_1689863373608.jpg","jetpack_sharing_enabled":true,"_links":{"self":[{"href":"https:\/\/www.paranapraia.com.br\/index.php\/wp-json\/wp\/v2\/posts\/52518"}],"collection":[{"href":"https:\/\/www.paranapraia.com.br\/index.php\/wp-json\/wp\/v2\/posts"}],"about":[{"href":"https:\/\/www.paranapraia.com.br\/index.php\/wp-json\/wp\/v2\/types\/post"}],"author":[{"embeddable":true,"href":"https:\/\/www.paranapraia.com.br\/index.php\/wp-json\/wp\/v2\/users\/2"}],"replies":[{"embeddable":true,"href":"https:\/\/www.paranapraia.com.br\/index.php\/wp-json\/wp\/v2\/comments?post=52518"}],"version-history":[{"count":1,"href":"https:\/\/www.paranapraia.com.br\/index.php\/wp-json\/wp\/v2\/posts\/52518\/revisions"}],"predecessor-version":[{"id":52522,"href":"https:\/\/www.paranapraia.com.br\/index.php\/wp-json\/wp\/v2\/posts\/52518\/revisions\/52522"}],"wp:featuredmedia":[{"embeddable":true,"href":"https:\/\/www.paranapraia.com.br\/index.php\/wp-json\/wp\/v2\/media\/52519"}],"wp:attachment":[{"href":"https:\/\/www.paranapraia.com.br\/index.php\/wp-json\/wp\/v2\/media?parent=52518"}],"wp:term":[{"taxonomy":"category","embeddable":true,"href":"https:\/\/www.paranapraia.com.br\/index.php\/wp-json\/wp\/v2\/categories?post=52518"},{"taxonomy":"post_tag","embeddable":true,"href":"https:\/\/www.paranapraia.com.br\/index.php\/wp-json\/wp\/v2\/tags?post=52518"}],"curies":[{"name":"wp","href":"https:\/\/api.w.org\/{rel}","templated":true}]}}