{"id":52512,"date":"2023-07-20T10:57:57","date_gmt":"2023-07-20T13:57:57","guid":{"rendered":"https:\/\/www.paranapraia.com.br\/?p=52512"},"modified":"2023-07-20T10:57:58","modified_gmt":"2023-07-20T13:57:58","slug":"presidente-da-sbd-pr-faz-alerta-para-riscos-em-procedimentos-esteticos-feitos-com-profissionais-nao-habilitados","status":"publish","type":"post","link":"https:\/\/www.paranapraia.com.br\/index.php\/2023\/07\/20\/presidente-da-sbd-pr-faz-alerta-para-riscos-em-procedimentos-esteticos-feitos-com-profissionais-nao-habilitados\/","title":{"rendered":"Presidente da SBD-PR faz alerta para riscos em procedimentos est\u00e9ticos feitos com profissionais n\u00e3o habilitados"},"content":{"rendered":"\n<p>\u00c9 durante o inverno que muitos pacientes procuram as cl\u00ednicas dermatol\u00f3gicas para a realiza\u00e7\u00e3o de procedimentos est\u00e9ticos. E essa busca tem uma explica\u00e7\u00e3o: nesta \u00e9poca do ano, a exposi\u00e7\u00e3o direta \u00e0 radia\u00e7\u00e3o solar \u00e9 menor e alguns tratamentos que exigem per\u00edodo de recupera\u00e7\u00e3o com restri\u00e7\u00f5es \u00e0 exposi\u00e7\u00e3o solar podem ser mais tolerados.<\/p>\n\n\n\n<p>E devido \u00e0 grande procura, \u00e9 importante que os pacientes fiquem atentos na hora de buscar por um profissional para cuidar da pele, evitando, assim, riscos e complica\u00e7\u00f5es.Annia Cordeiro, m\u00e9dica dermatologista e presidente da Sociedade Brasileira de Dermatologia &#8211; Regional Paran\u00e1 (SBD-PR), refor\u00e7a que a seguran\u00e7a do paciente vem em primeiro lugar e ressalta a import\u00e2ncia de saber escolher um profissional habilitado.<\/p>\n\n\n\n<p>&#8220;Infelizmente temos visto com certa frequ\u00eancia a oferta de tratamentos e procedimentos dermatol\u00f3gicos invasivos e cosmi\u00e1tricos feitos por profissionais n\u00e3o m\u00e9dicos. \u00c9 fundamental que os procedimentos sejam realizados por m\u00e9dicos, em especial os dermatologistas, que conhecem sobre anatomia e fisiologia e pele, al\u00e9m de estarem preparados para agir em caso de urg\u00eancia ou emerg\u00eancia&#8221;, completou Annia.<\/p>\n\n\n\n<p>Aten\u00e7\u00e3o para lasers e injet\u00e1veis<\/p>\n\n\n\n<p>Os procedimentos da cosmiatria (subespecialidade da dermatologia que estuda a beleza de forma \u00e9tica e respons\u00e1vel) n\u00e3o s\u00e3o isentos de riscos e podem causar complica\u00e7\u00f5es, conforme explica a presidente da SBD-PR.&#8221;A cosmiatria aposta, principalmente, em procedimentos menos invasivos como aplica\u00e7\u00e3o de injet\u00e1veis, laser e peeling. E nesses procedimentos tamb\u00e9m podem acontecer efeitos adversos, tais como alergias, intoxica\u00e7\u00f5es anest\u00e9sicas, anafilaxia, manchas, infec\u00e7\u00f5es, cicatrizes permanentes e hematomas&#8221;.<\/p>\n\n\n\n<p>Para evitar exposi\u00e7\u00e3o a estes problemas, a SBD orienta a popula\u00e7\u00e3o que a indica\u00e7\u00e3o e a realiza\u00e7\u00e3o de procedimentos dermatol\u00f3gicos ou cosmi\u00e1tricos invasivos sejam conduzidas apenas por m\u00e9dico, de prefer\u00eancia dermatologista ou cirurgi\u00e3o pl\u00e1stico com t\u00edtulo de especialista reconhecido e registrado junto ao Conselho Regional de Medicina (CRM).<\/p>\n\n\n\n<p>Como escolher um m\u00e9dico dermatologista<\/p>\n\n\n\n<p>O m\u00e9dico dermatologista \u00e9 o m\u00e9dico especialista em pele, cabelos e unhas. Antes de realizar um tratamento est\u00e9tico, \u00e9 importante certificar-se de que o profissional que ir\u00e1 cuidar da sua pele est\u00e1 habilitado para esse fim.Para saber se o m\u00e9dico \u00e9, de fato, especialista, a orienta\u00e7\u00e3o \u00e9 acessar o site da Sociedade Brasileira de Dermatologia e procurar um especialista, ou at\u00e9 mesmo no site do CRM e verificar se ele tem o Registro de Qualifica\u00e7\u00e3o de Especialidade (RQE).<\/p>\n\n\n\n<p>&#8220;O RQE assegura, junto ao Conselho Regional de Medicina do estado, a forma\u00e7\u00e3o do m\u00e9dico em determinada especialidade m\u00e9dica, reduzindo assim as chances de efeitos adversos&#8221;, explicou Annia.<\/p>\n\n\n\n<p>Por que o dermatologista deve ser certificado pela SBD?A Sociedade Brasileira de Dermatologia (SBD) \u00e9 o \u00f3rg\u00e3o regulamentado pela Associa\u00e7\u00e3o M\u00e9dica Brasileira (AMB) e pelo Conselho Federal de Medicina (CFM) para promover a forma\u00e7\u00e3o de novos residentes e especialistas, al\u00e9m de fomentar a ci\u00eancia associada \u00e0 \u00e9tica.&#8221;S\u00e3o quase 10 anos de estudos, entre a gradua\u00e7\u00e3o e a resid\u00eancia, al\u00e9m de atualiza\u00e7\u00f5es e participa\u00e7\u00e3o em congressos ao longo de toda a trajet\u00f3ria profissional. <\/p>\n\n\n\n<p>Portanto, procurar um m\u00e9dico certificado vai evitar que voc\u00ea caia na m\u00e3o de um falso especialista ou em um profissional que n\u00e3o tenha licen\u00e7a para exercer a profiss\u00e3o. Erros e neglig\u00eancia durante a realiza\u00e7\u00e3o de um procedimento podem colocar a vida do paciente em risco&#8221;, finalizou Annia.<\/p>\n\n\n\n<p>Sobre a Sociedade Brasileira de DermatologiaA Sociedade Brasileira de Dermatologia \u2013 Regional do Paran\u00e1 (SBD-PR) \u00e9 uma associa\u00e7\u00e3o m\u00e9dica sem fins lucrativos, que trabalha a favor da valoriza\u00e7\u00e3o profissional do m\u00e9dico dermatologista. A SBD-PR conta com forte estrutura de Educa\u00e7\u00e3o Continuada (em EAD) e comunica\u00e7\u00e3o digital com os mais de 260 dermatologistas associados no estado.<\/p>\n\n\n\n<p>Sobre Annia Cordeiro<\/p>\n\n\n\n<p>Annia Cordeiro (CRM 15085-PR | RQE 9989) \u00e9 m\u00e9dica dermatologista formada pela Universidade Federal do Paran\u00e1, com resid\u00eancia em Dermatologia na Santa Casa de Curitiba. <\/p>\n\n\n\n<p>Membro titular da Sociedade Brasileira de Dermatologia e da Sociedade Brasileira de Cirurgia Dermatol\u00f3gica (SBCD). Presidente da SBD-PR Bi\u00eanio 2023\/2024.<\/p>\n\n\n\n<p>Assessoria<\/p>\n","protected":false},"excerpt":{"rendered":"<p>\u00c9 durante o inverno que muitos pacientes procuram as cl\u00ednicas dermatol\u00f3gicas para a realiza\u00e7\u00e3o de procedimentos est\u00e9ticos. E essa busca tem uma explica\u00e7\u00e3o: nesta \u00e9poca do ano, a exposi\u00e7\u00e3o direta \u00e0 radia\u00e7\u00e3o solar \u00e9 menor e alguns tratamentos que exigem per\u00edodo de recupera\u00e7\u00e3o com restri\u00e7\u00f5es \u00e0 exposi\u00e7\u00e3o solar podem ser mais tolerados. E devido \u00e0 [&hellip;]<\/p>\n","protected":false},"author":2,"featured_media":52513,"comment_status":"open","ping_status":"open","sticky":false,"template":"","format":"standard","meta":{"advanced_seo_description":"","jetpack_seo_html_title":"","jetpack_seo_noindex":false,"_jetpack_memberships_contains_paid_content":false,"footnotes":""},"categories":[50],"tags":[],"class_list":{"0":"post-52512","1":"post","2":"type-post","3":"status-publish","4":"format-standard","5":"has-post-thumbnail","7":"category-saude"},"jetpack_featured_media_url":"https:\/\/www.paranapraia.com.br\/wp-content\/uploads\/2023\/07\/proc-estetico-inverno-alerta-SBDPR-scaled.jpg","jetpack_sharing_enabled":true,"_links":{"self":[{"href":"https:\/\/www.paranapraia.com.br\/index.php\/wp-json\/wp\/v2\/posts\/52512"}],"collection":[{"href":"https:\/\/www.paranapraia.com.br\/index.php\/wp-json\/wp\/v2\/posts"}],"about":[{"href":"https:\/\/www.paranapraia.com.br\/index.php\/wp-json\/wp\/v2\/types\/post"}],"author":[{"embeddable":true,"href":"https:\/\/www.paranapraia.com.br\/index.php\/wp-json\/wp\/v2\/users\/2"}],"replies":[{"embeddable":true,"href":"https:\/\/www.paranapraia.com.br\/index.php\/wp-json\/wp\/v2\/comments?post=52512"}],"version-history":[{"count":1,"href":"https:\/\/www.paranapraia.com.br\/index.php\/wp-json\/wp\/v2\/posts\/52512\/revisions"}],"predecessor-version":[{"id":52514,"href":"https:\/\/www.paranapraia.com.br\/index.php\/wp-json\/wp\/v2\/posts\/52512\/revisions\/52514"}],"wp:featuredmedia":[{"embeddable":true,"href":"https:\/\/www.paranapraia.com.br\/index.php\/wp-json\/wp\/v2\/media\/52513"}],"wp:attachment":[{"href":"https:\/\/www.paranapraia.com.br\/index.php\/wp-json\/wp\/v2\/media?parent=52512"}],"wp:term":[{"taxonomy":"category","embeddable":true,"href":"https:\/\/www.paranapraia.com.br\/index.php\/wp-json\/wp\/v2\/categories?post=52512"},{"taxonomy":"post_tag","embeddable":true,"href":"https:\/\/www.paranapraia.com.br\/index.php\/wp-json\/wp\/v2\/tags?post=52512"}],"curies":[{"name":"wp","href":"https:\/\/api.w.org\/{rel}","templated":true}]}}