{"id":52509,"date":"2023-07-20T10:53:12","date_gmt":"2023-07-20T13:53:12","guid":{"rendered":"https:\/\/www.paranapraia.com.br\/?p=52509"},"modified":"2023-07-20T10:53:13","modified_gmt":"2023-07-20T13:53:13","slug":"arraia-em-paranagua-tera-atividades-culturais-gratuitas-comidas-tipicas-e-projecao-mapeada-nas-paredes-da-catedral-diocesana","status":"publish","type":"post","link":"https:\/\/www.paranapraia.com.br\/index.php\/2023\/07\/20\/arraia-em-paranagua-tera-atividades-culturais-gratuitas-comidas-tipicas-e-projecao-mapeada-nas-paredes-da-catedral-diocesana\/","title":{"rendered":"&#8220;Arrai\u00e1 em Paranagu\u00e1&#8221; ter\u00e1 atividades culturais gratuitas, comidas t\u00edpicas e proje\u00e7\u00e3o mapeada nas paredes da Catedral Diocesana"},"content":{"rendered":"\n<p>De 21 a 23 de julho, a hist\u00f3rica rua Conselheiro Sinimb\u00fa e a Catedral Diocesana de Paranagu\u00e1 &#8211; Igreja Matriz de Nossa Senhora do Ros\u00e1rio ser\u00e3o os cen\u00e1rios do &#8220;Arrai\u00e1 em Paranagu\u00e1&#8221;, uma festa julina t\u00edpica, com dezenas de atra\u00e7\u00f5es, apresenta\u00e7\u00f5es culturais, brincadeiras e a exibi\u00e7\u00e3o de um espet\u00e1culo tem\u00e1tico, por meio de proje\u00e7\u00e3o mapeada, nas paredes da primeira edifica\u00e7\u00e3o religiosa constru\u00edda no Paran\u00e1.<\/p>\n\n\n\n<p>O evento, que tem dura\u00e7\u00e3o de tr\u00eas dias, das 15hn \u00e0s 22h, pretende resgatar o clima cultural de quermesse pelas ruas hist\u00f3ricas da primeira cidade do Paran\u00e1. Na programa\u00e7\u00e3o gratuita, apresenta\u00e7\u00f5es de Fandango e do Boi de Mam\u00e3o com a Associa\u00e7\u00e3o Mandicuera, barracas de comidas t\u00edpicas e de brincadeiras, pocket shows de humor, missas na Catedral Diocesana, al\u00e9m da atra\u00e7\u00e3o principal, com o espet\u00e1culo &#8220;Desventuras Juninas&#8221;, em proje\u00e7\u00e3o mapeada.<\/p>\n\n\n\n<p>A pe\u00e7a, uma com\u00e9dia da Cia K\u00e0 de Teatro, de Curitiba, utiliza como caracter\u00edsticas o teatro de rua, m\u00e1scaras, o teatro f\u00edsico e a musicaliza\u00e7\u00e3o, por meio da proje\u00e7\u00e3o, como tamb\u00e9m com palco e cenografia. Na hist\u00f3ria, tr\u00eas \u00f3rf\u00e3os (Violeta, Claus e Sol) acabam sendo adotados por um ator com intenc\u0327o\u0303es infelizes. Com uma meca\u0302nica de metateatro, os personagens sa\u0303o obrigados a produzir a cla\u0301ssica quadrilha junina, pore\u0301m, o que na\u0303o imaginam e\u0301 que tudo na\u0303o passa de um plano, para que seu novo tutor fuja com a fortuna da fami\u0301lia. <\/p>\n\n\n\n<p>A trama utiliza de mu\u0301sicas tradicionais e populares que auxiliam a narrativa de forma dina\u0302mica e que aproxima o pu\u0301blico do enredo. A obra e\u0301 inspirada na se\u0301rie de livros &#8220;Desventuras em Se\u0301rie&#8221;, incorporando a literatura como partido para promover um projeto que relacione a cultura parnanguara com outras diversas.<\/p>\n\n\n\n<p>&#8220;A ideia do Arrai\u00e1 em Paranagu\u00e1 \u00e9 resgatar a hist\u00f3ria e a tradi\u00e7\u00e3o das quermesses na cidade, junto de dois dos maiores pontos tur\u00edsticos, a Catedral de Nossa Senhora do Ros\u00e1rio e os casarios da Rua Conselheiro Sinimb\u00fa. Nos tempos da Vila de Nossa Senhora do Ros\u00e1rio, era nesse espa\u00e7o que ocorriam as festan\u00e7as juninas, as quermesses da igreja e o local de encontro da popula\u00e7\u00e3o parnanguara&#8221;, explica Leandro Knopfholz, diretor da Parnaxx, empresa produtora respons\u00e1vel pelo projeto. <\/p>\n\n\n\n<p>O projeto cultural resgata a hist\u00f3ria e valoriza a arquitetura da Igreja Matriz, que est\u00e1 passando por revitaliza\u00e7\u00e3o de sua fachada.<\/p>\n\n\n\n<p>O &#8220;Arrai\u00e1 em Paranagu\u00e1&#8221; \u00e9 apresentado pela Cattalini Terminais Mar\u00edtimos e pela Fertipar, com patroc\u00ednio da Pasa &#8211; Paran\u00e1 Opera\u00e7\u00f5es &#8211; e da Rocha Terminais Portu\u00e1rios e Log\u00edstica, com o apoio da Prefeitura Municipal de Paranagu\u00e1.<\/p>\n\n\n\n<p>Confira a programa\u00e7\u00e3o completa:<\/p>\n\n\n\n<p>21 de Julho &#8211; Sexta-Feira &#8211; 19h \u00e0s 22h19h &#8211; 22h | Barracas de Comidas T\u00edpicas<\/p>\n\n\n\n<p>19h &#8211; 20h | Missa<\/p>\n\n\n\n<p>20h30 &#8211; 21h | Cerim\u00f4nia de Abertura da Festa<\/p>\n\n\n\n<p>21h &#8211; 21h45 | Espet\u00e1culo Desventuras Juninas com Proje\u00e7\u00e3o Mapeada na Igreja Matriz. <\/p>\n\n\n\n<p>22 de Julho &#8211; S\u00e1bado &#8211; 15h \u00e0s 22h<\/p>\n\n\n\n<p>15h &#8211; 19h | Barracas de Brincadeiras<\/p>\n\n\n\n<p>15h &#8211; 22h | Barracas de Comidas T\u00edpicas<\/p>\n\n\n\n<p>15h30 &#8211; 17h | Apresenta\u00e7\u00e3o de Fandango com Associa\u00e7\u00e3o Mandicuera<\/p>\n\n\n\n<p>18h &#8211; 18h15 | Pocket Show de humor com Brow Malaquias<\/p>\n\n\n\n<p>19h &#8211; 20h | Missa<\/p>\n\n\n\n<p>20h15 &#8211; 20h30 | Pocket Show de humor com Brow Malaquias<\/p>\n\n\n\n<p>20h30 &#8211; 21h15 | Espet\u00e1culo Desventuras Juninas com Proje\u00e7\u00e3o Mapeada na Igreja Matriz<\/p>\n\n\n\n<p>23 de Julho &#8211; Domingo &#8211; 15h \u00e0s 22h<\/p>\n\n\n\n<p>15h &#8211; 19h | Barraca de Brincadeiras<\/p>\n\n\n\n<p>15 &#8211; 22h | Barracas de Comidas T\u00edpicas<\/p>\n\n\n\n<p>15h30 &#8211; 17h | Apresenta\u00e7\u00e3o do Boi de Mam\u00e3o com Associa\u00e7\u00e3o Mandicuera<\/p>\n\n\n\n<p>18h &#8211; 18h15 | Pocket Show de humor com Brow Malaquias<\/p>\n\n\n\n<p>19h &#8211; 20h | Missa<\/p>\n\n\n\n<p>20h15 &#8211; 20h30 | Pocket Show de humor com Brow Malaquias<\/p>\n\n\n\n<p>20h30 &#8211; 21h15 | Espet\u00e1culo Desventuras Juninas com Proje\u00e7\u00e3o Mapeada na Igreja Matriz<\/p>\n\n\n\n<p>Servi\u00e7o:<\/p>\n\n\n\n<p>Arrai\u00e1 em Paranagu\u00e1<\/p>\n\n\n\n<p>De 21 at\u00e9 23 de Julho<\/p>\n\n\n\n<p>Entrada Gratuita<\/p>\n\n\n\n<p>Espet\u00e1culo de Proje\u00e7\u00e3o Mapeada nas paredes da Catedral Diocesana de Paranagu\u00e1<\/p>\n\n\n\n<p>Local: Rua Professor Cleto, 26 &#8211; Centro Hist\u00f3rico<\/p>\n\n\n\n<p>Apresenta\u00e7\u00e3o: Cattalini Terminais Mar\u00edtimos e Fertipar<\/p>\n\n\n\n<p>Patroc\u00ednio: Pasa &#8211; Paran\u00e1 Opera\u00e7\u00f5es e Rocha Terminais Portu\u00e1rios e Log\u00edstica<\/p>\n\n\n\n<p>Apoio: Prefeitura Municipal de Paranagu\u00e1<\/p>\n","protected":false},"excerpt":{"rendered":"<p>De 21 a 23 de julho, a hist\u00f3rica rua Conselheiro Sinimb\u00fa e a Catedral Diocesana de Paranagu\u00e1 &#8211; Igreja Matriz de Nossa Senhora do Ros\u00e1rio ser\u00e3o os cen\u00e1rios do &#8220;Arrai\u00e1 em Paranagu\u00e1&#8221;, uma festa julina t\u00edpica, com dezenas de atra\u00e7\u00f5es, apresenta\u00e7\u00f5es culturais, brincadeiras e a exibi\u00e7\u00e3o de um espet\u00e1culo tem\u00e1tico, por meio de proje\u00e7\u00e3o mapeada, [&hellip;]<\/p>\n","protected":false},"author":2,"featured_media":52510,"comment_status":"open","ping_status":"open","sticky":false,"template":"","format":"standard","meta":{"advanced_seo_description":"","jetpack_seo_html_title":"","jetpack_seo_noindex":false,"_jetpack_memberships_contains_paid_content":false,"footnotes":""},"categories":[40],"tags":[],"class_list":{"0":"post-52509","1":"post","2":"type-post","3":"status-publish","4":"format-standard","5":"has-post-thumbnail","7":"category-destaques"},"jetpack_featured_media_url":"https:\/\/www.paranapraia.com.br\/wp-content\/uploads\/2023\/07\/Arraia-em-Paranagua-recorda-a-tradicao-das-festas-na-Rua-Conselheiro-Sinimbu-em-frente-a-Catedral-Diocesana.-Cred.-Ass.-Madicuera-scaled.jpg","jetpack_sharing_enabled":true,"_links":{"self":[{"href":"https:\/\/www.paranapraia.com.br\/index.php\/wp-json\/wp\/v2\/posts\/52509"}],"collection":[{"href":"https:\/\/www.paranapraia.com.br\/index.php\/wp-json\/wp\/v2\/posts"}],"about":[{"href":"https:\/\/www.paranapraia.com.br\/index.php\/wp-json\/wp\/v2\/types\/post"}],"author":[{"embeddable":true,"href":"https:\/\/www.paranapraia.com.br\/index.php\/wp-json\/wp\/v2\/users\/2"}],"replies":[{"embeddable":true,"href":"https:\/\/www.paranapraia.com.br\/index.php\/wp-json\/wp\/v2\/comments?post=52509"}],"version-history":[{"count":1,"href":"https:\/\/www.paranapraia.com.br\/index.php\/wp-json\/wp\/v2\/posts\/52509\/revisions"}],"predecessor-version":[{"id":52511,"href":"https:\/\/www.paranapraia.com.br\/index.php\/wp-json\/wp\/v2\/posts\/52509\/revisions\/52511"}],"wp:featuredmedia":[{"embeddable":true,"href":"https:\/\/www.paranapraia.com.br\/index.php\/wp-json\/wp\/v2\/media\/52510"}],"wp:attachment":[{"href":"https:\/\/www.paranapraia.com.br\/index.php\/wp-json\/wp\/v2\/media?parent=52509"}],"wp:term":[{"taxonomy":"category","embeddable":true,"href":"https:\/\/www.paranapraia.com.br\/index.php\/wp-json\/wp\/v2\/categories?post=52509"},{"taxonomy":"post_tag","embeddable":true,"href":"https:\/\/www.paranapraia.com.br\/index.php\/wp-json\/wp\/v2\/tags?post=52509"}],"curies":[{"name":"wp","href":"https:\/\/api.w.org\/{rel}","templated":true}]}}