{"id":52483,"date":"2023-07-19T20:51:28","date_gmt":"2023-07-19T23:51:28","guid":{"rendered":"https:\/\/www.paranapraia.com.br\/?p=52483"},"modified":"2023-07-19T20:51:28","modified_gmt":"2023-07-19T23:51:28","slug":"conferencia-municipal-sobre-seguranca-alimentar-e-nutricional-e-realizada-em-matinhos","status":"publish","type":"post","link":"https:\/\/www.paranapraia.com.br\/index.php\/2023\/07\/19\/conferencia-municipal-sobre-seguranca-alimentar-e-nutricional-e-realizada-em-matinhos\/","title":{"rendered":"Confer\u00eancia municipal sobre seguran\u00e7a alimentar e nutricional \u00e9 realizada em Matinhos"},"content":{"rendered":"\n<p>Aconteceu nesta quarta-feira (19) a Confer\u00eancia Municipal de Seguran\u00e7a Alimentar e Nutricional. Realizado no Complexo Educacional Francisco dos Santos J\u00fanior, que fica no Tabuleiro, o evento foi organizado pela Prefeitura de Matinhos, por meio da Secretaria de Assist\u00eancia Social, com o apoio do CONSEA Paran\u00e1 e do Instituto do Desenvolvimento Rural do Estado.<\/p>\n\n\n\n<p>A Confer\u00eancia foi acompanhada por representantes do poder p\u00fablico e da sociedade civil. Ap\u00f3s a leitura e aprova\u00e7\u00e3o do regimento interno, aconteceu a palestra sobre seguran\u00e7a alimentar. Com o tema \u201cComida de Verdade: erradicar a fome e garantir direitos\u201d, a apresenta\u00e7\u00e3o foi feita pelo secret\u00e1rio da C\u00e2mara T\u00e9cnica de Seguran\u00e7a Alimentar, Valdenir Veloso Neto.<\/p>\n\n\n\n<figure class=\"wp-block-gallery has-nested-images columns-1 is-cropped wp-block-gallery-1 is-layout-flex wp-block-gallery-is-layout-flex\">\n<figure class=\"wp-block-image size-large\"><img loading=\"lazy\" decoding=\"async\" width=\"1024\" height=\"576\" data-id=\"52485\" src=\"https:\/\/www.paranapraia.com.br\/wp-content\/uploads\/2023\/07\/FB_IMG_1689810601009-1024x576.jpg\" alt=\"\" class=\"wp-image-52485\" srcset=\"https:\/\/www.paranapraia.com.br\/wp-content\/uploads\/2023\/07\/FB_IMG_1689810601009-1024x576.jpg 1024w, https:\/\/www.paranapraia.com.br\/wp-content\/uploads\/2023\/07\/FB_IMG_1689810601009-300x169.jpg 300w, https:\/\/www.paranapraia.com.br\/wp-content\/uploads\/2023\/07\/FB_IMG_1689810601009-768x432.jpg 768w, https:\/\/www.paranapraia.com.br\/wp-content\/uploads\/2023\/07\/FB_IMG_1689810601009-696x392.jpg 696w, https:\/\/www.paranapraia.com.br\/wp-content\/uploads\/2023\/07\/FB_IMG_1689810601009-1068x601.jpg 1068w, https:\/\/www.paranapraia.com.br\/wp-content\/uploads\/2023\/07\/FB_IMG_1689810601009-746x420.jpg 746w, https:\/\/www.paranapraia.com.br\/wp-content\/uploads\/2023\/07\/FB_IMG_1689810601009.jpg 1080w\" sizes=\"(max-width: 1024px) 100vw, 1024px\" \/><\/figure>\n\n\n\n<figure class=\"wp-block-image size-large\"><img loading=\"lazy\" decoding=\"async\" width=\"1024\" height=\"576\" data-id=\"52487\" src=\"https:\/\/www.paranapraia.com.br\/wp-content\/uploads\/2023\/07\/FB_IMG_1689810596599-1024x576.jpg\" alt=\"\" class=\"wp-image-52487\" srcset=\"https:\/\/www.paranapraia.com.br\/wp-content\/uploads\/2023\/07\/FB_IMG_1689810596599-1024x576.jpg 1024w, https:\/\/www.paranapraia.com.br\/wp-content\/uploads\/2023\/07\/FB_IMG_1689810596599-300x169.jpg 300w, https:\/\/www.paranapraia.com.br\/wp-content\/uploads\/2023\/07\/FB_IMG_1689810596599-768x432.jpg 768w, https:\/\/www.paranapraia.com.br\/wp-content\/uploads\/2023\/07\/FB_IMG_1689810596599-696x392.jpg 696w, https:\/\/www.paranapraia.com.br\/wp-content\/uploads\/2023\/07\/FB_IMG_1689810596599-1068x601.jpg 1068w, https:\/\/www.paranapraia.com.br\/wp-content\/uploads\/2023\/07\/FB_IMG_1689810596599-746x420.jpg 746w, https:\/\/www.paranapraia.com.br\/wp-content\/uploads\/2023\/07\/FB_IMG_1689810596599.jpg 1080w\" sizes=\"(max-width: 1024px) 100vw, 1024px\" \/><\/figure>\n\n\n\n<figure class=\"wp-block-image size-large\"><img loading=\"lazy\" decoding=\"async\" width=\"1024\" height=\"576\" data-id=\"52486\" src=\"https:\/\/www.paranapraia.com.br\/wp-content\/uploads\/2023\/07\/FB_IMG_1689810588415-1024x576.jpg\" alt=\"\" class=\"wp-image-52486\" srcset=\"https:\/\/www.paranapraia.com.br\/wp-content\/uploads\/2023\/07\/FB_IMG_1689810588415-1024x576.jpg 1024w, https:\/\/www.paranapraia.com.br\/wp-content\/uploads\/2023\/07\/FB_IMG_1689810588415-300x169.jpg 300w, https:\/\/www.paranapraia.com.br\/wp-content\/uploads\/2023\/07\/FB_IMG_1689810588415-768x432.jpg 768w, https:\/\/www.paranapraia.com.br\/wp-content\/uploads\/2023\/07\/FB_IMG_1689810588415-696x392.jpg 696w, https:\/\/www.paranapraia.com.br\/wp-content\/uploads\/2023\/07\/FB_IMG_1689810588415-1068x601.jpg 1068w, https:\/\/www.paranapraia.com.br\/wp-content\/uploads\/2023\/07\/FB_IMG_1689810588415-746x420.jpg 746w, https:\/\/www.paranapraia.com.br\/wp-content\/uploads\/2023\/07\/FB_IMG_1689810588415.jpg 1080w\" sizes=\"(max-width: 1024px) 100vw, 1024px\" \/><\/figure>\n<\/figure>\n\n\n\n<p>Compuseram a mesa do evento o secret\u00e1rio de Administra\u00e7\u00e3o, Joilson Vaz da Silva, representando o prefeito Z\u00e9 da Ecler; a secret\u00e1ria de Assist\u00eancia Social, Enelida Ramos de Lima; o secret\u00e1rio do Meio Ambiente, S\u00e9rgio Cioli; a vereadora N\u00edvea Gurski (PSD), representando o Poder Legislativo; a presidente da comiss\u00e3o organizadora da Confer\u00eancia, Regiane Maria de Lima e Silva; e o chefe do N\u00facleo Regional da Secretaria Estadual de Agricultura e Abastecimento, Maur\u00edcio Lunardon.<\/p>\n\n\n\n<p>Tamb\u00e9m estiveram presentes o secret\u00e1rio de Finan\u00e7as, Roberto Pires; e o chefe de Gabinete da C\u00e2mara Municipal, James Ribeiro.<\/p>\n\n\n\n<p>Departamento de Comunica\u00e7\u00e3o<br>Prefeitura de Matinhos<\/p>\n\n\n\n<p>Acesse o nosso portal: https:\/\/matinhos.atende.net\/cidadao\/noticia\/conferencia-municipal-sobre-seguranca-alimentar-e-nutricional-e-realizada-em-matinhos<\/p>\n","protected":false},"excerpt":{"rendered":"<p>Aconteceu nesta quarta-feira (19) a Confer\u00eancia Municipal de Seguran\u00e7a Alimentar e Nutricional. Realizado no Complexo Educacional Francisco dos Santos J\u00fanior, que fica no Tabuleiro, o evento foi organizado pela Prefeitura de Matinhos, por meio da Secretaria de Assist\u00eancia Social, com o apoio do CONSEA Paran\u00e1 e do Instituto do Desenvolvimento Rural do Estado. A Confer\u00eancia [&hellip;]<\/p>\n","protected":false},"author":2,"featured_media":52484,"comment_status":"open","ping_status":"open","sticky":false,"template":"","format":"standard","meta":{"advanced_seo_description":"","jetpack_seo_html_title":"","jetpack_seo_noindex":false,"_jetpack_memberships_contains_paid_content":false,"footnotes":""},"categories":[40],"tags":[],"class_list":{"0":"post-52483","1":"post","2":"type-post","3":"status-publish","4":"format-standard","5":"has-post-thumbnail","7":"category-destaques"},"jetpack_featured_media_url":"https:\/\/www.paranapraia.com.br\/wp-content\/uploads\/2023\/07\/FB_IMG_1689810582395.jpg","jetpack_sharing_enabled":true,"_links":{"self":[{"href":"https:\/\/www.paranapraia.com.br\/index.php\/wp-json\/wp\/v2\/posts\/52483"}],"collection":[{"href":"https:\/\/www.paranapraia.com.br\/index.php\/wp-json\/wp\/v2\/posts"}],"about":[{"href":"https:\/\/www.paranapraia.com.br\/index.php\/wp-json\/wp\/v2\/types\/post"}],"author":[{"embeddable":true,"href":"https:\/\/www.paranapraia.com.br\/index.php\/wp-json\/wp\/v2\/users\/2"}],"replies":[{"embeddable":true,"href":"https:\/\/www.paranapraia.com.br\/index.php\/wp-json\/wp\/v2\/comments?post=52483"}],"version-history":[{"count":1,"href":"https:\/\/www.paranapraia.com.br\/index.php\/wp-json\/wp\/v2\/posts\/52483\/revisions"}],"predecessor-version":[{"id":52488,"href":"https:\/\/www.paranapraia.com.br\/index.php\/wp-json\/wp\/v2\/posts\/52483\/revisions\/52488"}],"wp:featuredmedia":[{"embeddable":true,"href":"https:\/\/www.paranapraia.com.br\/index.php\/wp-json\/wp\/v2\/media\/52484"}],"wp:attachment":[{"href":"https:\/\/www.paranapraia.com.br\/index.php\/wp-json\/wp\/v2\/media?parent=52483"}],"wp:term":[{"taxonomy":"category","embeddable":true,"href":"https:\/\/www.paranapraia.com.br\/index.php\/wp-json\/wp\/v2\/categories?post=52483"},{"taxonomy":"post_tag","embeddable":true,"href":"https:\/\/www.paranapraia.com.br\/index.php\/wp-json\/wp\/v2\/tags?post=52483"}],"curies":[{"name":"wp","href":"https:\/\/api.w.org\/{rel}","templated":true}]}}