{"id":52471,"date":"2023-07-19T15:07:58","date_gmt":"2023-07-19T18:07:58","guid":{"rendered":"https:\/\/www.paranapraia.com.br\/?p=52471"},"modified":"2023-07-19T15:07:59","modified_gmt":"2023-07-19T18:07:59","slug":"inscricoes-para-o-3-concurso-literario-e-fotografico-de-pontal-do-parana-foram-prorrogadas-ate-dia-31","status":"publish","type":"post","link":"https:\/\/www.paranapraia.com.br\/index.php\/2023\/07\/19\/inscricoes-para-o-3-concurso-literario-e-fotografico-de-pontal-do-parana-foram-prorrogadas-ate-dia-31\/","title":{"rendered":"Inscri\u00e7\u00f5es para o 3\u00b0 Concurso Liter\u00e1rio e Fotogr\u00e1fico de Pontal do Paran\u00e1 foram prorrogadas at\u00e9 dia 31"},"content":{"rendered":"\n<p>A prefeitura Municipal de Pontal do Paran\u00e1 atrav\u00e9s da Secretaria Municipal de Esportes, Cultura, Lazer e Juventude tem o enorme prazer de anunciar a 3\u00ba Edi\u00e7\u00e3o do Concurso Liter\u00e1rio e Fotogr\u00e1fico \u2013 Litoral com Arte 2023, que objetiva promover o desenvolvimento da produ\u00e7\u00e3o liter\u00e1ria e fotogr\u00e1fica do litoral paranaense.<\/p>\n\n\n\n<p>Mantendo o mesmo formato do ano passado, o concurso visa selecionar obras liter\u00e1rias in\u00e9ditas nas categorias CONTO, CR\u00d4NICA e POESIA, escritas em l\u00edngua portuguesa, al\u00e9m de obras visuais do g\u00eanero FOTOGRAFIA com o tema: &#8220;Fauna e Flora Comp\u00f5e uma Bela Fotografia&#8221;, que ir\u00e3o concorrer para compor a Antologia Litoral com Arte \u2013 3\u00aa edi\u00e7\u00e3o que ser\u00e1 publicada em 2023.<\/p>\n\n\n\n<p>As inscri\u00e7\u00f5es foram prorrogadas at\u00e9 o dia 31 de julho de 2023, atrav\u00e9s de formul\u00e1rio online que estar\u00e1 dispon\u00edvel no Edital do concurso onde o participante poder\u00e1 se inscrever-se com 01 (um) texto em cada um dos g\u00eaneros liter\u00e1rios e tamb\u00e9m com 01 (uma) fotografia se caso desejar.<\/p>\n\n\n\n<p>Quem pode participar?<\/p>\n\n\n\n<p>Autores(as) brasileiros(as), maiores de 16 anos, residentes em uma das 07 cidades do litoral paranaense: Antonina, Guaraque\u00e7aba, Guaratuba, Matinhos, Morretes, Paranagu\u00e1 e Pontal do Paran\u00e1.<\/p>\n\n\n\n<p>Para se inscrever acesse o link:<\/p>\n\n\n\n<p><a href=\"https:\/\/docs.google.com\/forms\/d\/e\/1FAIpQLSeUfJrfqP9ztoD4FQuXZx9Of94JqyPsaAehD2VoXJnaCL-jvQ\/viewform?fbclid=IwAR0FReuln9KcX_1q_0-jTJH1F-8MqopQtofKi-xv6ZLzO2KkEukvAmhxtr4\">https:\/\/docs.google.com\/forms\/d\/e\/1FAIpQLSeUfJrfqP9ztoD4FQuXZx9Of94JqyPsaAehD2VoXJnaCL-jvQ\/viewform?fbclid=IwAR0FReuln9KcX_1q_0-jTJH1F-8MqopQtofKi-xv6ZLzO2KkEukvAmhxtr4<\/a><\/p>\n\n\n\n<p>Link do regulamento do concurso:<\/p>\n\n\n\n<p><a href=\"https:\/\/docs.google.com\/document\/d\/11AhNsfjvuQU482psjltFVtsoBlaeLr5x\/edit?fbclid=IwAR2QE_3qgT6oY1I4Ebb1iH5vOF01Xpw7xyrjk__vCVFRIdCppm-JrEU1xAw\">https:\/\/docs.google.com\/document\/d\/11AhNsfjvuQU482psjltFVtsoBlaeLr5x\/edit?fbclid=IwAR2QE_3qgT6oY1I4Ebb1iH5vOF01Xpw7xyrjk__vCVFRIdCppm-JrEU1xAw<\/a><\/p>\n\n\n\n<p>Assessoria <\/p>\n","protected":false},"excerpt":{"rendered":"<p>A prefeitura Municipal de Pontal do Paran\u00e1 atrav\u00e9s da Secretaria Municipal de Esportes, Cultura, Lazer e Juventude tem o enorme prazer de anunciar a 3\u00ba Edi\u00e7\u00e3o do Concurso Liter\u00e1rio e Fotogr\u00e1fico \u2013 Litoral com Arte 2023, que objetiva promover o desenvolvimento da produ\u00e7\u00e3o liter\u00e1ria e fotogr\u00e1fica do litoral paranaense. Mantendo o mesmo formato do ano [&hellip;]<\/p>\n","protected":false},"author":2,"featured_media":52472,"comment_status":"open","ping_status":"open","sticky":false,"template":"","format":"standard","meta":{"advanced_seo_description":"","jetpack_seo_html_title":"","jetpack_seo_noindex":false,"_jetpack_memberships_contains_paid_content":false,"footnotes":""},"categories":[65],"tags":[],"class_list":{"0":"post-52471","1":"post","2":"type-post","3":"status-publish","4":"format-standard","5":"has-post-thumbnail","7":"category-pontal-do-parana"},"jetpack_featured_media_url":"https:\/\/www.paranapraia.com.br\/wp-content\/uploads\/2023\/07\/FB_IMG_1689789872338.jpg","jetpack_sharing_enabled":true,"_links":{"self":[{"href":"https:\/\/www.paranapraia.com.br\/index.php\/wp-json\/wp\/v2\/posts\/52471"}],"collection":[{"href":"https:\/\/www.paranapraia.com.br\/index.php\/wp-json\/wp\/v2\/posts"}],"about":[{"href":"https:\/\/www.paranapraia.com.br\/index.php\/wp-json\/wp\/v2\/types\/post"}],"author":[{"embeddable":true,"href":"https:\/\/www.paranapraia.com.br\/index.php\/wp-json\/wp\/v2\/users\/2"}],"replies":[{"embeddable":true,"href":"https:\/\/www.paranapraia.com.br\/index.php\/wp-json\/wp\/v2\/comments?post=52471"}],"version-history":[{"count":1,"href":"https:\/\/www.paranapraia.com.br\/index.php\/wp-json\/wp\/v2\/posts\/52471\/revisions"}],"predecessor-version":[{"id":52473,"href":"https:\/\/www.paranapraia.com.br\/index.php\/wp-json\/wp\/v2\/posts\/52471\/revisions\/52473"}],"wp:featuredmedia":[{"embeddable":true,"href":"https:\/\/www.paranapraia.com.br\/index.php\/wp-json\/wp\/v2\/media\/52472"}],"wp:attachment":[{"href":"https:\/\/www.paranapraia.com.br\/index.php\/wp-json\/wp\/v2\/media?parent=52471"}],"wp:term":[{"taxonomy":"category","embeddable":true,"href":"https:\/\/www.paranapraia.com.br\/index.php\/wp-json\/wp\/v2\/categories?post=52471"},{"taxonomy":"post_tag","embeddable":true,"href":"https:\/\/www.paranapraia.com.br\/index.php\/wp-json\/wp\/v2\/tags?post=52471"}],"curies":[{"name":"wp","href":"https:\/\/api.w.org\/{rel}","templated":true}]}}