{"id":51906,"date":"2023-07-13T12:13:37","date_gmt":"2023-07-13T15:13:37","guid":{"rendered":"https:\/\/www.paranapraia.com.br\/?p=51906"},"modified":"2023-07-13T12:13:38","modified_gmt":"2023-07-13T15:13:38","slug":"um-barco-afundou-na-manha-de-hoje-na-baia-de-guaratuba","status":"publish","type":"post","link":"https:\/\/www.paranapraia.com.br\/index.php\/2023\/07\/13\/um-barco-afundou-na-manha-de-hoje-na-baia-de-guaratuba\/","title":{"rendered":"Um barco afundou na manh\u00e3 de hoje na ba\u00eda de\u00a0Guaratuba"},"content":{"rendered":"\n<p>O acidente aconteceu na manh\u00e3 desta quinta-feira (13). At\u00e9 a publica\u00e7\u00e3o desta reportagem, n\u00e3o havia detalhes sobre o acidente.<\/p>\n\n\n\n<p>Desde quarta-feira (12), o litoral do Paran\u00e1 \u00e9 uma das regi\u00f5es atingidas pelas fortes rajadas de ventos causadas pela\u00a0passagem de um ciclone extratropical no sul do pa\u00eds.<\/p>\n\n\n\n<p>At\u00e9 o momento, n\u00e3o h\u00e1 informa\u00e7\u00f5es de quem pertencia a embarca\u00e7\u00e3o e nem se pessoas estavam no barco no momento do acidente.<\/p>\n\n\n\n<p>Estamos no aguardo do retorno da Empresa Internacional Mar\u00edtima, que tem a concess\u00e3o do ferry-boat de Guaratuba.<\/p>\n\n\n\n<p>G1PR<\/p>\n","protected":false},"excerpt":{"rendered":"<p>O acidente aconteceu na manh\u00e3 desta quinta-feira (13). At\u00e9 a publica\u00e7\u00e3o desta reportagem, n\u00e3o havia detalhes sobre o acidente. Desde quarta-feira (12), o litoral do Paran\u00e1 \u00e9 uma das regi\u00f5es atingidas pelas fortes rajadas de ventos causadas pela\u00a0passagem de um ciclone extratropical no sul do pa\u00eds. At\u00e9 o momento, n\u00e3o h\u00e1 informa\u00e7\u00f5es de quem pertencia [&hellip;]<\/p>\n","protected":false},"author":2,"featured_media":51907,"comment_status":"open","ping_status":"open","sticky":false,"template":"","format":"standard","meta":{"advanced_seo_description":"","jetpack_seo_html_title":"","jetpack_seo_noindex":false,"_jetpack_memberships_contains_paid_content":false,"footnotes":""},"categories":[99],"tags":[],"class_list":{"0":"post-51906","1":"post","2":"type-post","3":"status-publish","4":"format-standard","5":"has-post-thumbnail","7":"category-guaratuba"},"jetpack_featured_media_url":"https:\/\/www.paranapraia.com.br\/wp-content\/uploads\/2023\/07\/whatsapp-image-2023-07-13-at-11.35.36.jpeg","jetpack_sharing_enabled":true,"_links":{"self":[{"href":"https:\/\/www.paranapraia.com.br\/index.php\/wp-json\/wp\/v2\/posts\/51906"}],"collection":[{"href":"https:\/\/www.paranapraia.com.br\/index.php\/wp-json\/wp\/v2\/posts"}],"about":[{"href":"https:\/\/www.paranapraia.com.br\/index.php\/wp-json\/wp\/v2\/types\/post"}],"author":[{"embeddable":true,"href":"https:\/\/www.paranapraia.com.br\/index.php\/wp-json\/wp\/v2\/users\/2"}],"replies":[{"embeddable":true,"href":"https:\/\/www.paranapraia.com.br\/index.php\/wp-json\/wp\/v2\/comments?post=51906"}],"version-history":[{"count":1,"href":"https:\/\/www.paranapraia.com.br\/index.php\/wp-json\/wp\/v2\/posts\/51906\/revisions"}],"predecessor-version":[{"id":51908,"href":"https:\/\/www.paranapraia.com.br\/index.php\/wp-json\/wp\/v2\/posts\/51906\/revisions\/51908"}],"wp:featuredmedia":[{"embeddable":true,"href":"https:\/\/www.paranapraia.com.br\/index.php\/wp-json\/wp\/v2\/media\/51907"}],"wp:attachment":[{"href":"https:\/\/www.paranapraia.com.br\/index.php\/wp-json\/wp\/v2\/media?parent=51906"}],"wp:term":[{"taxonomy":"category","embeddable":true,"href":"https:\/\/www.paranapraia.com.br\/index.php\/wp-json\/wp\/v2\/categories?post=51906"},{"taxonomy":"post_tag","embeddable":true,"href":"https:\/\/www.paranapraia.com.br\/index.php\/wp-json\/wp\/v2\/tags?post=51906"}],"curies":[{"name":"wp","href":"https:\/\/api.w.org\/{rel}","templated":true}]}}