{"id":51903,"date":"2023-07-13T11:21:45","date_gmt":"2023-07-13T14:21:45","guid":{"rendered":"https:\/\/www.paranapraia.com.br\/?p=51903"},"modified":"2023-07-13T11:21:45","modified_gmt":"2023-07-13T14:21:45","slug":"em-6-meses-unidades-de-conservacao-ja-receberam-86-do-total-de-visitantes-de-2022","status":"publish","type":"post","link":"https:\/\/www.paranapraia.com.br\/index.php\/2023\/07\/13\/em-6-meses-unidades-de-conservacao-ja-receberam-86-do-total-de-visitantes-de-2022\/","title":{"rendered":"Em 6 meses, Unidades de Conserva\u00e7\u00e3o j\u00e1 receberam 86% do total de visitantes de 2022"},"content":{"rendered":"\n<p>As 29 Unidades de Conserva\u00e7\u00e3o (UCs) do Paran\u00e1 abertas ao p\u00fablico receberam nos primeiros seis meses de 2023 quase o mesmo n\u00famero de visitantes do ano passado inteiro.<\/p>\n\n\n\n<p> Levantamento do Instituto \u00c1gua e Terra (IAT), \u00f3rg\u00e3o respons\u00e1vel pela organiza\u00e7\u00e3o e manuten\u00e7\u00e3o dos complexos ambientais, mostrou que 284.899 pessoas passaram por parques como a Ilha do Mel e Serra da Baitaca no \u00faltimo semestre, 40.136 apenas em junho. <\/p>\n\n\n\n<p>O montante equivale a 86% do p\u00fablico total que frequentou as UCs ao longo de 2022 (331.206 pessoas).Quando se comparam apenas os semestres iniciais dos dois anos, o incremento \u00e9 de 92% \u2013 o semestre inicial de 2022 fechou com 148.420 visitantes. <\/p>\n\n\n\n<p>A m\u00e9dia mensal de frequentadores tamb\u00e9m deu um salto consider\u00e1vel, subindo de 27.600 no ano passado para 47.483 em 2023 (72%). Mantendo o desempenho, o Paran\u00e1 vai ultrapassar pela primeira vez na hist\u00f3ria a marca de mais de meio milh\u00e3o de visitantes em uma temporada de 12 meses.<\/p>\n\n\n\n<p>\u201cPodemos observar a prefer\u00eancia das pessoas por atividades do turismo de natureza para melhorar o humor e a vitalidade, especialmente ap\u00f3s o fim das medidas sanit\u00e1rias impostas pela pandemia. Devemos considerar tamb\u00e9m que a oferta de produtos e servi\u00e7os ligados \u00e0 natureza tamb\u00e9m aumentou, hoje temos diversas pr\u00e1ticas do turismo de aventura\u201d, destacou o diretor de Patrim\u00f4nio Natural do IAT, Rafael Andreguetto.<\/p>\n\n\n\n<p>O recorte deste primeiro seis meses revelou que o Parque Estadual Ilha do Mel, em Paranagu\u00e1, foi a UC mais procurada, com 89.420 visitantes. Na sequ\u00eancia aparecem o Parque Estadual do Monge, na Lapa (43.734), o Parque Estadual de Vila Velha, em Ponta Grossa (42.127), Parque Estadual da Serra da Baitaca, em Quatro Barras (36.648) e o Parque Estadual do Guartel\u00e1, em Tibagi (12.273).Para Andreguetto, a consolida\u00e7\u00e3o do projeto Parques Paran\u00e1, implementado pelo Governo do Estado em 2019, ajuda a explicar a relev\u00e2ncia que passaram a ter os atrativos naturais do Estado.<\/p>\n\n\n\n<p> De acordo com ele, a proposta visa estimular o uso p\u00fablico e tur\u00edstico nas UCs, com foco no desenvolvimento socioecon\u00f4mico, sob bases sustent\u00e1veis, e na pr\u00e1tica do ecoturismo consciente. &#8220;O projeto propicia a qualifica\u00e7\u00e3o e a promo\u00e7\u00e3o das Unidades de Conserva\u00e7\u00e3o abertas \u00e0 visita\u00e7\u00e3o no Paran\u00e1, al\u00e9m da ampla divulga\u00e7\u00e3o destes destinos\u201d, afirmou.<\/p>\n\n\n\n<p>UNIDADES DE CONSERVA\u00c7\u00c3O \u2013 O Governo do Paran\u00e1 administra atualmente 72 Unidades de Conserva\u00e7\u00e3o catalogadas pelo IAT, das quais 29 est\u00e3o abertas para visita\u00e7\u00e3o. Esse montante compreende 26.250,42 km\u00b2 de \u00e1reas protegidas por legisla\u00e7\u00e3o, formadas por ecossistemas livres que n\u00e3o podem sofrer interfer\u00eancia humana ou \u00e0quelas com o uso sustent\u00e1vel de parte dos seus recursos naturais, como os parques abertos \u00e0 visita\u00e7\u00e3o p\u00fablica.<\/p>\n\n\n\n<p>Essas \u00e1reas de prote\u00e7\u00e3o s\u00e3o divididas em UCs estaduais de Uso Sustent\u00e1vel, com 10.470,74 km\u00b2; UCs estaduais de Prote\u00e7\u00e3o Integral (756,44 km\u00b2), \u00c1reas Especiais de Uso Regulamentado (Aresur), 152,25 km\u00b2, e \u00c1reas Especiais e Interesse Tur\u00edstico (AEIT), com 670,35 km\u00b2, todas com administra\u00e7\u00e3o do Governo do Estado.<\/p>\n\n\n\n<p>O cen\u00e1rio se completa com as Reservas Particulares do Patrim\u00f4nio Natural, as chamadas RPPNs, que somam atualmente 553,83 km\u00b2; terras ind\u00edgenas, com 846,87 km\u00b2; e Unidades Federais, de 8.840,39 km\u00b2, sendo o Parque Nacional do Igua\u00e7u, em Foz do Igua\u00e7u, a \u00e1rea mais simb\u00f3lica; e Unidades Municipais (3.959,55 km\u00b2), como o Parque Barigui, em Curitiba.<\/p>\n\n\n\n<p>\u201cO Paran\u00e1 tem exercido um papel fundamental para a\u00e7\u00f5es de sustentabilidade e boas pr\u00e1ticas nas propriedades paranaenses, sejam elas p\u00fablicas ou privadas. \u00c9 uma pol\u00edtica de Estado apoiar as RPPNs ou as demais Unidades de Conserva\u00e7\u00e3o. Assim, fazemos com que o patrim\u00f4nio natural do Paran\u00e1 fique congelado nessas \u00e1reas para que n\u00e3o haja possibilidade de se mexer com a biodiversidade\u201d, afirma o diretor-presidente do IAT, Everton Souza.<\/p>\n\n\n\n<p>NOVAS UCs \u2013 A rede de prote\u00e7\u00e3o ao patrim\u00f4nio natural do Estado vai ganhar ainda mais quatro novas unidades de conserva\u00e7\u00e3o em 2023: Esta\u00e7\u00e3o Ecol\u00f3gica Tia Chica, em Reserva do Igua\u00e7u; Esta\u00e7\u00e3o Ecol\u00f3gica Reserva de Bituruna, em Bituruna; \u00c1rea de Prote\u00e7\u00e3o Ambiental (APA) do Miringuava, em S\u00e3o Jos\u00e9 dos Pinhais; e o Ref\u00fagio da Vida Silvestre das Ilhas dos Guar\u00e1s, em Guaratuba. As futuras Unidades de Conserva\u00e7\u00e3o possuem, juntas, uma \u00e1rea total de 5.393,24 hectares.<\/p>\n\n\n\n<p>AEN<\/p>\n","protected":false},"excerpt":{"rendered":"<p>As 29 Unidades de Conserva\u00e7\u00e3o (UCs) do Paran\u00e1 abertas ao p\u00fablico receberam nos primeiros seis meses de 2023 quase o mesmo n\u00famero de visitantes do ano passado inteiro. Levantamento do Instituto \u00c1gua e Terra (IAT), \u00f3rg\u00e3o respons\u00e1vel pela organiza\u00e7\u00e3o e manuten\u00e7\u00e3o dos complexos ambientais, mostrou que 284.899 pessoas passaram por parques como a Ilha do [&hellip;]<\/p>\n","protected":false},"author":2,"featured_media":51904,"comment_status":"open","ping_status":"open","sticky":false,"template":"","format":"standard","meta":{"advanced_seo_description":"","jetpack_seo_html_title":"","jetpack_seo_noindex":false,"_jetpack_memberships_contains_paid_content":false,"footnotes":""},"categories":[40],"tags":[],"class_list":{"0":"post-51903","1":"post","2":"type-post","3":"status-publish","4":"format-standard","5":"has-post-thumbnail","7":"category-destaques"},"jetpack_featured_media_url":"https:\/\/www.paranapraia.com.br\/wp-content\/uploads\/2023\/07\/ilha_do_mel_6-scaled.jpg","jetpack_sharing_enabled":true,"_links":{"self":[{"href":"https:\/\/www.paranapraia.com.br\/index.php\/wp-json\/wp\/v2\/posts\/51903"}],"collection":[{"href":"https:\/\/www.paranapraia.com.br\/index.php\/wp-json\/wp\/v2\/posts"}],"about":[{"href":"https:\/\/www.paranapraia.com.br\/index.php\/wp-json\/wp\/v2\/types\/post"}],"author":[{"embeddable":true,"href":"https:\/\/www.paranapraia.com.br\/index.php\/wp-json\/wp\/v2\/users\/2"}],"replies":[{"embeddable":true,"href":"https:\/\/www.paranapraia.com.br\/index.php\/wp-json\/wp\/v2\/comments?post=51903"}],"version-history":[{"count":1,"href":"https:\/\/www.paranapraia.com.br\/index.php\/wp-json\/wp\/v2\/posts\/51903\/revisions"}],"predecessor-version":[{"id":51905,"href":"https:\/\/www.paranapraia.com.br\/index.php\/wp-json\/wp\/v2\/posts\/51903\/revisions\/51905"}],"wp:featuredmedia":[{"embeddable":true,"href":"https:\/\/www.paranapraia.com.br\/index.php\/wp-json\/wp\/v2\/media\/51904"}],"wp:attachment":[{"href":"https:\/\/www.paranapraia.com.br\/index.php\/wp-json\/wp\/v2\/media?parent=51903"}],"wp:term":[{"taxonomy":"category","embeddable":true,"href":"https:\/\/www.paranapraia.com.br\/index.php\/wp-json\/wp\/v2\/categories?post=51903"},{"taxonomy":"post_tag","embeddable":true,"href":"https:\/\/www.paranapraia.com.br\/index.php\/wp-json\/wp\/v2\/tags?post=51903"}],"curies":[{"name":"wp","href":"https:\/\/api.w.org\/{rel}","templated":true}]}}