{"id":51900,"date":"2023-07-13T10:17:37","date_gmt":"2023-07-13T13:17:37","guid":{"rendered":"https:\/\/www.paranapraia.com.br\/?p=51900"},"modified":"2023-07-13T10:17:44","modified_gmt":"2023-07-13T13:17:44","slug":"secretaria-da-saude-alerta-para-os-riscos-da-obesidade-em-criancas-e-adolescentes","status":"publish","type":"post","link":"https:\/\/www.paranapraia.com.br\/index.php\/2023\/07\/13\/secretaria-da-saude-alerta-para-os-riscos-da-obesidade-em-criancas-e-adolescentes\/","title":{"rendered":"Secretaria da Sa\u00fade alerta para os riscos da obesidade em crian\u00e7as e adolescentes"},"content":{"rendered":"\n<p>A Secretaria de Estado da Sa\u00fade (Sesa) promove diversas a\u00e7\u00f5es no sentido de fortalecer a preven\u00e7\u00e3o da obesidade em crian\u00e7as e adolescentes e refor\u00e7ar a import\u00e2ncia do cuidado no Paran\u00e1. Uma das principais iniciativas \u00e9 a amplia\u00e7\u00e3o junto aos munic\u00edpios da vigil\u00e2ncia alimentar e nutricional. O objetivo \u00e9 manter o monitoramento cont\u00ednuo e a identifica\u00e7\u00e3o precoce de altera\u00e7\u00f5es no peso. Neste per\u00edodo de f\u00e9rias escolares, a Sesa ressalta a import\u00e2ncia de uma alimenta\u00e7\u00e3o equilibrada.<\/p>\n\n\n\n<p>De acordo com os dados do&nbsp;Sistema de Vigil\u00e2ncia Alimentar e Nutricional&nbsp;(Sisvan), somente em&nbsp;2022 foram avaliadas 639.515 crian\u00e7as menores de dez anos e 326.912 adolescentes, correspondendo a 42,6% e 17,0% da popula\u00e7\u00e3o paranaense nessas faixas et\u00e1rias, respectivamente. O excesso de peso foi identificado em 37,6% dos adolescentes e 23,7% das crian\u00e7as.<\/p>\n\n\n\n<p>\u201c\u00c9 importante que os bons h\u00e1bitos alimentares sejam iniciados desde cedo com os pequenos. Uma alimenta\u00e7\u00e3o saud\u00e1vel pode fazer toda a diferen\u00e7a no crescimento e desenvolvimento da crian\u00e7a\u201d, disse o secret\u00e1rio de Estado da Sa\u00fade, Beto Preto. \u201cNo per\u00edodo de f\u00e9rias escolares a tend\u00eancia \u00e9 descontrair mais e sair um pouco da rotina, mas pais e respons\u00e1veis devem ficar atentos\u201d.<\/p>\n\n\n\n<p>Para a nutricionista Cristina Klobukoski, da Divis\u00e3o de Promo\u00e7\u00e3o da Alimenta\u00e7\u00e3o Saud\u00e1vel e Atividade F\u00edsica da Sesa, a obesidade em crian\u00e7as e adolescentes \u00e9 resultado de uma s\u00e9rie complexa de fatores gen\u00e9ticos, individuais e comportamentais. \u201cO contexto familiar, escolar, comunit\u00e1rio, social e pol\u00edticos interferem nessa realidade. As escolhas alimentares n\u00e3o saud\u00e1veis n\u00e3o s\u00e3o isoladas\u201d, ressaltou. &nbsp;<\/p>\n\n\n\n<p>\u201cOutros fatores como a aus\u00eancia ou curta dura\u00e7\u00e3o do aleitamento materno, o consumo excessivo de alimentos ultraprocessados, a inatividade f\u00edsica, bem como o sono inadequado fazem parte dessa lista\u201d, acrescentou.<\/p>\n\n\n\n<p><strong>DEMAIS A\u00c7\u00d5ES<\/strong>&nbsp;\u2013 Al\u00e9m do monitoramento realizado nos atendimentos das Unidades B\u00e1sicas, o Estado tamb\u00e9m promove a forma\u00e7\u00e3o de tutores da Estrat\u00e9gia Amamenta e Alimenta Brasil (EAAB) que visa capacitar os profissionais da Aten\u00e7\u00e3o Prim\u00e1ria \u00e0 Sa\u00fade para a correta orienta\u00e7\u00e3o quanto ao aleitamento materno e alimenta\u00e7\u00e3o complementar saud\u00e1vel. Desde 2021, j\u00e1 foram indicados 322 profissionais para a forma\u00e7\u00e3o de tutor e, destes, 162 j\u00e1 a conclu\u00edram e est\u00e3o aptos a implementar a EAAB nos munic\u00edpios paranaenses.<\/p>\n\n\n\n<p>As equipes da Sesa tamb\u00e9m trabalham na implementa\u00e7\u00e3o junto aos munic\u00edpios do Programa Sa\u00fade na Escola (PSE). O programa, em parceria com a Secretaria de Estado da Educa\u00e7\u00e3o visa, dentre outras a\u00e7\u00f5es, incentivar a alimenta\u00e7\u00e3o adequada e saud\u00e1vel e a pr\u00e1tica de atividades f\u00edsicas para alunos da educa\u00e7\u00e3o b\u00e1sica. Em 2022, foram desenvolvidas 8.862 atividades coletivas de promo\u00e7\u00e3o da alimenta\u00e7\u00e3o saud\u00e1vel e 1.923 atividades coletivas de promo\u00e7\u00e3o da atividade f\u00edsica nas escolas pactuadas no PSE.<\/p>\n\n\n\n<p>O trabalho entre as secretarias resultou ainda em webin\u00e1rios destinados \u00e0 educa\u00e7\u00e3o permanente dos professores da Rede Estadual de Ensino, de forma a possibilitar a inclus\u00e3o de temas relacionados \u00e0 sa\u00fade nas aulas ministradas por esses professores aos adolescentes matriculados na rede p\u00fablica. Dentre os temas que j\u00e1 abordados est\u00e3o a \u201cPromo\u00e7\u00e3o de Pr\u00e1ticas Corporais e Atividade F\u00edsica no Ambiente Escolar\u201d e \u201cPromo\u00e7\u00e3o da Alimenta\u00e7\u00e3o Adequada e Saud\u00e1vel\u201d.<\/p>\n\n\n\n<p><strong>OBESIDADE INFANTIL<\/strong>\u00a0\u2013 A obesidade infantil est\u00e1 associada a uma maior chance de morte prematura, trazendo preju\u00edzos j\u00e1 na inf\u00e2ncia e adolesc\u00eancia com dificuldades respirat\u00f3rias, aumento do risco de fraturas, hipertens\u00e3o arterial sist\u00eamica, marcadores precoces de doen\u00e7as cardiovasculares, resist\u00eancia \u00e0 insulina, c\u00e2ncer e efeitos psicol\u00f3gicos como baixa autoestima, isolamento social e transtornos alimentares.<\/p>\n\n\n\n<p>AEN<\/p>\n","protected":false},"excerpt":{"rendered":"<p>A Secretaria de Estado da Sa\u00fade (Sesa) promove diversas a\u00e7\u00f5es no sentido de fortalecer a preven\u00e7\u00e3o da obesidade em crian\u00e7as e adolescentes e refor\u00e7ar a import\u00e2ncia do cuidado no Paran\u00e1. Uma das principais iniciativas \u00e9 a amplia\u00e7\u00e3o junto aos munic\u00edpios da vigil\u00e2ncia alimentar e nutricional. O objetivo \u00e9 manter o monitoramento cont\u00ednuo e a identifica\u00e7\u00e3o [&hellip;]<\/p>\n","protected":false},"author":2,"featured_media":51901,"comment_status":"open","ping_status":"open","sticky":false,"template":"","format":"standard","meta":{"advanced_seo_description":"","jetpack_seo_html_title":"","jetpack_seo_noindex":false,"_jetpack_memberships_contains_paid_content":false,"footnotes":""},"categories":[50],"tags":[],"class_list":{"0":"post-51900","1":"post","2":"type-post","3":"status-publish","4":"format-standard","5":"has-post-thumbnail","7":"category-saude"},"jetpack_featured_media_url":"https:\/\/www.paranapraia.com.br\/wp-content\/uploads\/2023\/07\/image00013_0-scaled.jpg","jetpack_sharing_enabled":true,"_links":{"self":[{"href":"https:\/\/www.paranapraia.com.br\/index.php\/wp-json\/wp\/v2\/posts\/51900"}],"collection":[{"href":"https:\/\/www.paranapraia.com.br\/index.php\/wp-json\/wp\/v2\/posts"}],"about":[{"href":"https:\/\/www.paranapraia.com.br\/index.php\/wp-json\/wp\/v2\/types\/post"}],"author":[{"embeddable":true,"href":"https:\/\/www.paranapraia.com.br\/index.php\/wp-json\/wp\/v2\/users\/2"}],"replies":[{"embeddable":true,"href":"https:\/\/www.paranapraia.com.br\/index.php\/wp-json\/wp\/v2\/comments?post=51900"}],"version-history":[{"count":1,"href":"https:\/\/www.paranapraia.com.br\/index.php\/wp-json\/wp\/v2\/posts\/51900\/revisions"}],"predecessor-version":[{"id":51902,"href":"https:\/\/www.paranapraia.com.br\/index.php\/wp-json\/wp\/v2\/posts\/51900\/revisions\/51902"}],"wp:featuredmedia":[{"embeddable":true,"href":"https:\/\/www.paranapraia.com.br\/index.php\/wp-json\/wp\/v2\/media\/51901"}],"wp:attachment":[{"href":"https:\/\/www.paranapraia.com.br\/index.php\/wp-json\/wp\/v2\/media?parent=51900"}],"wp:term":[{"taxonomy":"category","embeddable":true,"href":"https:\/\/www.paranapraia.com.br\/index.php\/wp-json\/wp\/v2\/categories?post=51900"},{"taxonomy":"post_tag","embeddable":true,"href":"https:\/\/www.paranapraia.com.br\/index.php\/wp-json\/wp\/v2\/tags?post=51900"}],"curies":[{"name":"wp","href":"https:\/\/api.w.org\/{rel}","templated":true}]}}