{"id":51889,"date":"2023-07-13T09:52:49","date_gmt":"2023-07-13T12:52:49","guid":{"rendered":"https:\/\/www.paranapraia.com.br\/?p=51889"},"modified":"2023-07-13T09:52:49","modified_gmt":"2023-07-13T12:52:49","slug":"portos-do-parana-apresenta-projeto-de-revitalizacao-do-barao-do-teffe-em-antonina","status":"publish","type":"post","link":"https:\/\/www.paranapraia.com.br\/index.php\/2023\/07\/13\/portos-do-parana-apresenta-projeto-de-revitalizacao-do-barao-do-teffe-em-antonina\/","title":{"rendered":"Portos do Paran\u00e1 apresenta projeto de revitaliza\u00e7\u00e3o do Bar\u00e3o do Teff\u00e9 em Antonina"},"content":{"rendered":"\n<p>A Portos do Paran\u00e1 realizou uma audi\u00eancia p\u00fablica nesta quarta-feira (12), no porto p\u00fablico Bar\u00e3o do Teff\u00e9, em Antonina, para dar in\u00edcio ao processo de cess\u00e3o onerosa de \u00e1rea n\u00e3o operacional localizado no terminal. A ideia \u00e9 que seja constru\u00eddo um complexo tur\u00edstico com marina no local.&nbsp;A proposta \u00e9 decorrente de estudos desenvolvidos pela Invest Paran\u00e1, que destacou o potencial tur\u00edstico e n\u00e1utico do local. A ideia \u00e9 que a cess\u00e3o seja por 20 anos, ap\u00f3s processo licitat\u00f3rio.<\/p>\n\n\n\n<p>A \u00e1rea de 250 mil metros quadrados, denominada ANOP 01, n\u00e3o \u00e9 operacional para o transporte de cargas e est\u00e1 ociosa.&nbsp;As atividades portu\u00e1rias no terminal p\u00fablico de Antonina foram encerradas em 2008, por restri\u00e7\u00f5es \u00e0 navegabilidade. Esse fechamento&nbsp;impactou significativamente a economia&nbsp;do munic\u00edpio e, com isso, o entorno do Bar\u00e3o de Teff\u00e9 n\u00e3o registra atividade comercial relevante. A atividade portu\u00e1ria j\u00e1 foi o principal motor econ\u00f4mico do munic\u00edpio e, apesar de continuar relevante, atualmente ocorre apenas na \u00e1rea arrendada do Porto Ponta do F\u00e9lix.<\/p>\n\n\n\n<p>A \u00e1rea onde se pretende instalar o empreendimento \u00e9 passagem para pontos tur\u00edsticos importantes do munic\u00edpio como a Ponta da Pita e o rec\u00e9m-inaugurado Trapiche, constru\u00eddo pela Portos do Paran\u00e1.&nbsp;A cess\u00e3o onerosa dessa \u00e1rea representar\u00e1 uma grande oportunidade para o munic\u00edpio, tendo em vista a atra\u00e7\u00e3o de novos investimentos e revitaliza\u00e7\u00e3o dessa \u00e1rea. Ela \u00e9 inspirada nos modelos de revitaliza\u00e7\u00e3o do Cais do Valongo, em Santos, e do Porto Maravilha, no Rio de Janeiro.<\/p>\n\n\n\n<p>A marina pode abrigar embarca\u00e7\u00f5es de diferentes tamanhos, com vagas secas e molhadas.&nbsp;Al\u00e9m de espa\u00e7o para os diferentes tipos de barcos, o empreendimento poder\u00e1 contar com \u00e1rea de estacionamento, equipamentos de transporte e manuten\u00e7\u00e3o, posto de combust\u00edvel n\u00e1utico, equipe de profissionais especializados, loja de conveni\u00eancia, entre outros.&nbsp;No local tamb\u00e9m poderiam ser desenvolvidas atividades de lazer, cultura, esporte, com\u00e9rcio, servi\u00e7os, da ind\u00fastria n\u00e1utica, dentre outras, com o objetivo de promover integra\u00e7\u00e3o entre porto e cidade.<\/p>\n\n\n\n<p>\u201cGostar\u00edamos que essa \u00e1rea passasse a integrar e interagir de forma mais harmoniosa com a cidade de Antonina\u201d, comenta o diretor de Meio Ambiente da Portos do Paran\u00e1, Jo\u00e3o Paulo Ribeiro Santana, tamb\u00e9m presidente da comiss\u00e3o respons\u00e1vel pelo processo.&nbsp;\u201c\u00c9 uma \u00e1rea que tem um enorme potencial de se desenvolver e mudar a matriz econ\u00f4mica da regi\u00e3o, que entraria fortemente na presta\u00e7\u00e3o de servi\u00e7os\u201d.<\/p>\n\n\n\n<p>O prefeito de Antonina, Jos\u00e9 Paulo Vieira Azim, disse que a revitaliza\u00e7\u00e3o da \u00e1rea \u00e9 de extrema import\u00e2ncia par ao munic\u00edpio. \u201cO empreendimento viria para oportunizar \u00e0 nossa comunidade uma nova fonte de desenvolvimento, de renda, dentro do que a gente quer para a cidade\u201d, comenta. \u201cVer o nosso Bar\u00e3o do Teff\u00e9 reativado, com um complexo tur\u00edstico bonito, que atenda nossos visitantes e os moradores, mexeria com o humor e a alma dos antoninenses\u201d.<\/p>\n\n\n\n<p><strong>AUDI\u00caNCIA\u00a0<\/strong>\u2013 A sess\u00e3o foi h\u00edbrida, ou seja, ocorreu presencialmente e foi transmitida tamb\u00e9m pelo canal da empresa no YouTube. Teve in\u00edcio \u00e0s 14h e foi encerrada por volta das 15h20. Entre presentes e pessoas que acompanharam online, a audi\u00eancia p\u00fablica atendeu o seu prop\u00f3sito, contando com representantes da \u00e1rea portu\u00e1ria, poder p\u00fablico e sociedade, que se manifestaram com suas opini\u00f5es e contribui\u00e7\u00f5es. Todos questionamentos presenciais e online foram respondidos na respectiva audi\u00eancia.<\/p>\n\n\n\n<p>AEN<\/p>\n","protected":false},"excerpt":{"rendered":"<p>A Portos do Paran\u00e1 realizou uma audi\u00eancia p\u00fablica nesta quarta-feira (12), no porto p\u00fablico Bar\u00e3o do Teff\u00e9, em Antonina, para dar in\u00edcio ao processo de cess\u00e3o onerosa de \u00e1rea n\u00e3o operacional localizado no terminal. A ideia \u00e9 que seja constru\u00eddo um complexo tur\u00edstico com marina no local.&nbsp;A proposta \u00e9 decorrente de estudos desenvolvidos pela Invest [&hellip;]<\/p>\n","protected":false},"author":2,"featured_media":51890,"comment_status":"open","ping_status":"open","sticky":false,"template":"","format":"standard","meta":{"advanced_seo_description":"","jetpack_seo_html_title":"","jetpack_seo_noindex":false,"_jetpack_memberships_contains_paid_content":false,"footnotes":""},"categories":[40],"tags":[],"class_list":{"0":"post-51889","1":"post","2":"type-post","3":"status-publish","4":"format-standard","5":"has-post-thumbnail","7":"category-destaques"},"jetpack_featured_media_url":"https:\/\/www.paranapraia.com.br\/wp-content\/uploads\/2023\/07\/whatsapp_image_2023-07-12_at_09.32.48.jpg","jetpack_sharing_enabled":true,"_links":{"self":[{"href":"https:\/\/www.paranapraia.com.br\/index.php\/wp-json\/wp\/v2\/posts\/51889"}],"collection":[{"href":"https:\/\/www.paranapraia.com.br\/index.php\/wp-json\/wp\/v2\/posts"}],"about":[{"href":"https:\/\/www.paranapraia.com.br\/index.php\/wp-json\/wp\/v2\/types\/post"}],"author":[{"embeddable":true,"href":"https:\/\/www.paranapraia.com.br\/index.php\/wp-json\/wp\/v2\/users\/2"}],"replies":[{"embeddable":true,"href":"https:\/\/www.paranapraia.com.br\/index.php\/wp-json\/wp\/v2\/comments?post=51889"}],"version-history":[{"count":1,"href":"https:\/\/www.paranapraia.com.br\/index.php\/wp-json\/wp\/v2\/posts\/51889\/revisions"}],"predecessor-version":[{"id":51891,"href":"https:\/\/www.paranapraia.com.br\/index.php\/wp-json\/wp\/v2\/posts\/51889\/revisions\/51891"}],"wp:featuredmedia":[{"embeddable":true,"href":"https:\/\/www.paranapraia.com.br\/index.php\/wp-json\/wp\/v2\/media\/51890"}],"wp:attachment":[{"href":"https:\/\/www.paranapraia.com.br\/index.php\/wp-json\/wp\/v2\/media?parent=51889"}],"wp:term":[{"taxonomy":"category","embeddable":true,"href":"https:\/\/www.paranapraia.com.br\/index.php\/wp-json\/wp\/v2\/categories?post=51889"},{"taxonomy":"post_tag","embeddable":true,"href":"https:\/\/www.paranapraia.com.br\/index.php\/wp-json\/wp\/v2\/tags?post=51889"}],"curies":[{"name":"wp","href":"https:\/\/api.w.org\/{rel}","templated":true}]}}