{"id":51886,"date":"2023-07-13T09:49:30","date_gmt":"2023-07-13T12:49:30","guid":{"rendered":"https:\/\/www.paranapraia.com.br\/?p=51886"},"modified":"2023-07-13T09:49:31","modified_gmt":"2023-07-13T12:49:31","slug":"apos-temporais-centenas-de-profissionais-da-copel-trabalham-para-restabelecer-energia","status":"publish","type":"post","link":"https:\/\/www.paranapraia.com.br\/index.php\/2023\/07\/13\/apos-temporais-centenas-de-profissionais-da-copel-trabalham-para-restabelecer-energia\/","title":{"rendered":"Ap\u00f3s temporais, centenas de profissionais da Copel trabalham para restabelecer energia"},"content":{"rendered":"\n<p>Centenas de profissionais da Copel trabalharam durante a noite de quarta-feira (12) e a madrugada desta quinta-feira (13) para restabelecer o fornecimento de energia em todas as regi\u00f5es do Paran\u00e1 que foram atingidas por um temporal de grandes propor\u00e7\u00f5es. No momento, 173 mil consumidores est\u00e3o com o fornecimento de energia interrompido no Estado.<\/p>\n\n\n\n<p>A regi\u00e3o mais afetada \u00e9 o Leste do Estado (Curitiba, Regi\u00e3o Metropolitana e Litoral), com 95,4 mil unidades consumidoras desligadas e 1.050 servi\u00e7os emergenciais em andamento. At\u00e9 agora, 4,1 mil servi\u00e7os emergenciais precisam ser atendidos pelas equipes de eletricistas em todo Paran\u00e1.<\/p>\n\n\n\n<p>De acordo com o Simepar, foram registrados ventos de mais de 90 km\/h em algumas localidades, al\u00e9m de muitas descargas atmosf\u00e9ricas, o que provocou a queda de \u00e1rvores sobre a rede, al\u00e9m da quebra de postes. Devido \u00e0 gravidade da situa\u00e7\u00e3o, trechos da rede de energia chagaram a ser destru\u00eddos.<\/p>\n\n\n\n<p>No Paran\u00e1, a tempestade come\u00e7ou na tarde de ontem no Oeste e Sudoeste e, no pior momento, 86 mil unidades consumidoras ficaram sem energia nestas \u00e1reas. Na noite de ontem e madrugada desta quinta atingiu as demais regi\u00f5es do Paran\u00e1. Al\u00e9m do Leste, s\u00e3o&nbsp;33.200 unidades consumidoras sem energia e 765 servi\u00e7os emergenciais no Centro-Sul,&nbsp;32.340 unidades consumidoras sem energia e 1.370 servi\u00e7os emergenciais no&nbsp;Oeste e Sudoeste,&nbsp;6.800 unidades consumidoras sem energia e 450 servi\u00e7os emergenciais no Noroeste e 4.700 unidades consumidoras sem energia e 425 servi\u00e7os emergenciais no Norte.<\/p>\n\n\n\n<p>A Copel orienta a popula\u00e7\u00e3o a manter dist\u00e2ncia de locais que tenham postes quebrados e fios ca\u00eddos. A falta de luz pode ser informada por meio do aplicativo para celulares ou pelo site&nbsp;<a href=\"https:\/\/www.copel.com\/site\/\" target=\"_blank\" rel=\"noreferrer noopener\">www.copel.com<\/a>, e tamb\u00e9m pelo n\u00famero de WhatsApp 41 3013-8973. Sem internet, \u00e9 poss\u00edvel enviar um SMS para o n\u00famero 28593, com as letras \u201cSL\u201d, de \u201csem luz\u201d, e o n\u00famero da unidade consumidora, destacada em amarelo no cabe\u00e7alho da conta da Copel. Ainda, situa\u00e7\u00f5es de risco e de falta de energia podem ser comunicadas por meio do 0800 51 00 116.<\/p>\n\n\n\n<p><strong>SANEPAR<\/strong>&nbsp;\u2013&nbsp;As fortes chuvas tamb\u00e9m afetaram as unidades de produ\u00e7\u00e3o e distribui\u00e7\u00e3o de \u00e1gua em cidades e distritos da regi\u00e3o Oeste do Estado. No Oeste, as cidades de Catanduvas, Boa Vista da Aparecida, Terra Roxa e o distrito de Alto Alegre do Igua\u00e7u, no munic\u00edpio de Capit\u00e3o Le\u00f4nidas Marques, permanecem com os sistemas paralisados em raz\u00e3o da falta de energia. A Sanepar est\u00e1 providenciando geradores para reduzir os impactos da falta de \u00e1gua. Na regi\u00e3o Sudoeste, Nova Prata do Igua\u00e7u continua sem energia na capta\u00e7\u00e3o e com o abastecimento comprometido.<\/p>\n\n\n\n<p>Em Foz do Igua\u00e7u a energia foi restabelecida durante a madrugada. Por\u00e9m, em raz\u00e3o do tempo de paralisa\u00e7\u00e3o da capta\u00e7\u00e3o e do tratamento de \u00e1gua, cerca de 70% da cidade teve o fornecimento de \u00e1gua interrompido. A previs\u00e3o \u00e9 a de que o abastecimento volte \u00e0 normalidade a partir do meio-dia desta quinta-feira (13).&nbsp;Os demais sistemas afetados j\u00e1 tiveram a energia restabelecida e o fornecimento de \u00e1gua foi normalizado gradativamente durante a noite e madrugada.<\/p>\n\n\n\n<p>O Servi\u00e7o de Atendimento ao Cliente Sanepar \u00e9 feito pelo telefone 0800 200 0115, que funciona 24 horas. Ao ligar, tenha em m\u00e3os a conta de \u00e1gua ou o n\u00famero de sua matr\u00edcula.<\/p>\n\n\n\n<p><strong>DEFESA CIVIL&nbsp;<\/strong>\u2013 A Defesa Civil Estadual do Paran\u00e1 est\u00e1 monitorando as condi\u00e7\u00f5es e situa\u00e7\u00f5es de ventos fortes no Estado. De acordo com o&nbsp;<a href=\"https:\/\/www.defesacivil.pr.gov.br\/Pagina\/Informacoes-sobre-ventos-fortes-no-Estado\" target=\"_blank\" rel=\"noreferrer noopener\">primeiro boletim desse temporal<\/a>, em Santo Ant\u00f4nio do Sudoeste o vendaval casou quedas de \u00e1rvores, danificou oito casas, uma escola e um col\u00e9gio. Foram afetadas 32 pessoas. Em Rebou\u00e7as, no Centro-Sul, houve alagamentos, com 1.003 pessoas afetadas, sendo tr\u00eas desalojadas por dificuldade de acesso aos im\u00f3veis.&nbsp;<\/p>\n\n\n\n<p>Outros munic\u00edpios registraram situa\u00e7\u00f5es como quedas de \u00e1rvores ou queda de energia, mas ainda sem informa\u00e7\u00f5es mais precisas sobre danos: Curitiba, S\u00e3o Jos\u00e9 dos Pinhais, Toledo, Braganey, Ouro Verde, Ibema, Quedas do Igua\u00e7u, Serran\u00f3polis do Igua\u00e7u, Diamante d&#8217;Oeste, Ramil\u00e2ndia, Capit\u00e3o Le\u00f4nidas Marques, Foz do Igua\u00e7u, Palmas, Pato Branco, Coronel Vivida, Mangueirinha, S\u00e3o Mateus do Sul e Prudent\u00f3polis.<\/p>\n\n\n\n<p>Para receber alertas da Defesa Civil sobre eventos clim\u00e1ticos basta enviar SMS&nbsp;com o CEP da sua regi\u00e3o para o n\u00famero&nbsp;40199 ou clique&nbsp;<a href=\"https:\/\/www.defesacivil.pr.gov.br\/Pagina\/Como-se-cadastrar-para-receber-alertas-da-Defesa-Civil\" target=\"_blank\" rel=\"noreferrer noopener\">AQUI<\/a>.<\/p>\n\n\n\n<p><strong>CHUVAS E VENTOS\u00a0<\/strong>\u2013\u00a0O excesso de chuvas e ventos \u00e9 resultado do avan\u00e7o de uma frente fria pelo Estado, acompanhada de muitas descargas el\u00e9tricas e rajadas de ventos fortes. A regi\u00e3o Sul do Pa\u00eds tamb\u00e9m enfrenta eventos clim\u00e1ticos relacionados a um ciclone extratropical.<\/p>\n\n\n\n<p>AEN<\/p>\n","protected":false},"excerpt":{"rendered":"<p>Centenas de profissionais da Copel trabalharam durante a noite de quarta-feira (12) e a madrugada desta quinta-feira (13) para restabelecer o fornecimento de energia em todas as regi\u00f5es do Paran\u00e1 que foram atingidas por um temporal de grandes propor\u00e7\u00f5es. No momento, 173 mil consumidores est\u00e3o com o fornecimento de energia interrompido no Estado. A regi\u00e3o [&hellip;]<\/p>\n","protected":false},"author":2,"featured_media":51887,"comment_status":"open","ping_status":"open","sticky":false,"template":"","format":"standard","meta":{"advanced_seo_description":"","jetpack_seo_html_title":"","jetpack_seo_noindex":false,"_jetpack_memberships_contains_paid_content":false,"footnotes":""},"categories":[40],"tags":[],"class_list":{"0":"post-51886","1":"post","2":"type-post","3":"status-publish","4":"format-standard","5":"has-post-thumbnail","7":"category-destaques"},"jetpack_featured_media_url":"https:\/\/www.paranapraia.com.br\/wp-content\/uploads\/2023\/07\/whatsapp_image_2021-10-17_at_12.17.55-scaled.jpg","jetpack_sharing_enabled":true,"_links":{"self":[{"href":"https:\/\/www.paranapraia.com.br\/index.php\/wp-json\/wp\/v2\/posts\/51886"}],"collection":[{"href":"https:\/\/www.paranapraia.com.br\/index.php\/wp-json\/wp\/v2\/posts"}],"about":[{"href":"https:\/\/www.paranapraia.com.br\/index.php\/wp-json\/wp\/v2\/types\/post"}],"author":[{"embeddable":true,"href":"https:\/\/www.paranapraia.com.br\/index.php\/wp-json\/wp\/v2\/users\/2"}],"replies":[{"embeddable":true,"href":"https:\/\/www.paranapraia.com.br\/index.php\/wp-json\/wp\/v2\/comments?post=51886"}],"version-history":[{"count":1,"href":"https:\/\/www.paranapraia.com.br\/index.php\/wp-json\/wp\/v2\/posts\/51886\/revisions"}],"predecessor-version":[{"id":51888,"href":"https:\/\/www.paranapraia.com.br\/index.php\/wp-json\/wp\/v2\/posts\/51886\/revisions\/51888"}],"wp:featuredmedia":[{"embeddable":true,"href":"https:\/\/www.paranapraia.com.br\/index.php\/wp-json\/wp\/v2\/media\/51887"}],"wp:attachment":[{"href":"https:\/\/www.paranapraia.com.br\/index.php\/wp-json\/wp\/v2\/media?parent=51886"}],"wp:term":[{"taxonomy":"category","embeddable":true,"href":"https:\/\/www.paranapraia.com.br\/index.php\/wp-json\/wp\/v2\/categories?post=51886"},{"taxonomy":"post_tag","embeddable":true,"href":"https:\/\/www.paranapraia.com.br\/index.php\/wp-json\/wp\/v2\/tags?post=51886"}],"curies":[{"name":"wp","href":"https:\/\/api.w.org\/{rel}","templated":true}]}}