{"id":51883,"date":"2023-07-13T09:36:59","date_gmt":"2023-07-13T12:36:59","guid":{"rendered":"https:\/\/www.paranapraia.com.br\/?p=51883"},"modified":"2023-07-13T09:37:00","modified_gmt":"2023-07-13T12:37:00","slug":"ferry-boat-de-guaratuba-interrompe-atividades-devido-a-fortes-rajadas-de-vento","status":"publish","type":"post","link":"https:\/\/www.paranapraia.com.br\/index.php\/2023\/07\/13\/ferry-boat-de-guaratuba-interrompe-atividades-devido-a-fortes-rajadas-de-vento\/","title":{"rendered":"Ferry boat de Guaratuba interrompe atividades devido a fortes rajadas de vento"},"content":{"rendered":"\n<p>O Departamento de Estradas de Rodagem do Paran\u00e1 (DER\/PR) informa que a travessia da ba\u00eda de Guaratuba por ferry boat est\u00e1 com as atividades temporariamente interrompidas devido \u00e0s fortes rajadas de vento atingindo a regi\u00e3o nesta quinta-feira (13). A medida visa garantir a seguran\u00e7a dos usu\u00e1rios e funcion\u00e1rios da travessia.<\/p>\n\n\n\n<p>As condi\u00e7\u00f5es at\u00edpicas s\u00e3o resultado do temporal que atingiu o estado recentemente, afetando principalmente a Regi\u00e3o Metropolitana de Curitiba e o Litoral. A empresa operadora da travessia havia sido notificada pelo DER\/PR quanto \u00e0s condi\u00e7\u00f5es adversas se formando na regi\u00e3o, detectada pelo monitoramento hidrometeorol\u00f3gico e o oceanogr\u00e1fico da ba\u00eda de Guaratuba, realizado por meio de conv\u00eanio com o Sistema de Tecnologia e Monitoramento Ambiental do Paran\u00e1 (Simepar).<\/p>\n\n\n\n<p>A travessia ser\u00e1 retomada t\u00e3o logo as condi\u00e7\u00f5es clim\u00e1ticas se tornem mais favor\u00e1veis, conforme indica\u00e7\u00e3o do monitoramento da ba\u00eda.<\/p>\n\n\n\n<p>Atualiza\u00e7\u00f5es ficar\u00e3o dispon\u00edveis por meio do Twitter, em\u00a0<strong><a rel=\"noreferrer noopener\" href=\"https:\/\/twitter.com\/i\/flow\/login?redirect_after_login=%2FDERferryboat\" target=\"_blank\">https:\/\/twitter.com\/DERferryboat<\/a><\/strong>\u00a0e pela p\u00e1gina da travessia:<strong><a rel=\"noreferrer noopener\" href=\"http:\/\/internacionalmaritima.com.br\/guaratuba\/\" target=\"_blank\">\u00a0http:\/\/internacionalmaritima.com.br\/guaratuba\/<\/a><\/strong>.<\/p>\n\n\n\n<p>AEN<\/p>\n","protected":false},"excerpt":{"rendered":"<p>O Departamento de Estradas de Rodagem do Paran\u00e1 (DER\/PR) informa que a travessia da ba\u00eda de Guaratuba por ferry boat est\u00e1 com as atividades temporariamente interrompidas devido \u00e0s fortes rajadas de vento atingindo a regi\u00e3o nesta quinta-feira (13). A medida visa garantir a seguran\u00e7a dos usu\u00e1rios e funcion\u00e1rios da travessia. As condi\u00e7\u00f5es at\u00edpicas s\u00e3o resultado [&hellip;]<\/p>\n","protected":false},"author":2,"featured_media":51884,"comment_status":"open","ping_status":"open","sticky":false,"template":"","format":"standard","meta":{"advanced_seo_description":"","jetpack_seo_html_title":"","jetpack_seo_noindex":false,"_jetpack_memberships_contains_paid_content":false,"footnotes":""},"categories":[40],"tags":[],"class_list":{"0":"post-51883","1":"post","2":"type-post","3":"status-publish","4":"format-standard","5":"has-post-thumbnail","7":"category-destaques"},"jetpack_featured_media_url":"https:\/\/www.paranapraia.com.br\/wp-content\/uploads\/2023\/07\/ferry_boat_piquiri-scaled.jpg","jetpack_sharing_enabled":true,"_links":{"self":[{"href":"https:\/\/www.paranapraia.com.br\/index.php\/wp-json\/wp\/v2\/posts\/51883"}],"collection":[{"href":"https:\/\/www.paranapraia.com.br\/index.php\/wp-json\/wp\/v2\/posts"}],"about":[{"href":"https:\/\/www.paranapraia.com.br\/index.php\/wp-json\/wp\/v2\/types\/post"}],"author":[{"embeddable":true,"href":"https:\/\/www.paranapraia.com.br\/index.php\/wp-json\/wp\/v2\/users\/2"}],"replies":[{"embeddable":true,"href":"https:\/\/www.paranapraia.com.br\/index.php\/wp-json\/wp\/v2\/comments?post=51883"}],"version-history":[{"count":1,"href":"https:\/\/www.paranapraia.com.br\/index.php\/wp-json\/wp\/v2\/posts\/51883\/revisions"}],"predecessor-version":[{"id":51885,"href":"https:\/\/www.paranapraia.com.br\/index.php\/wp-json\/wp\/v2\/posts\/51883\/revisions\/51885"}],"wp:featuredmedia":[{"embeddable":true,"href":"https:\/\/www.paranapraia.com.br\/index.php\/wp-json\/wp\/v2\/media\/51884"}],"wp:attachment":[{"href":"https:\/\/www.paranapraia.com.br\/index.php\/wp-json\/wp\/v2\/media?parent=51883"}],"wp:term":[{"taxonomy":"category","embeddable":true,"href":"https:\/\/www.paranapraia.com.br\/index.php\/wp-json\/wp\/v2\/categories?post=51883"},{"taxonomy":"post_tag","embeddable":true,"href":"https:\/\/www.paranapraia.com.br\/index.php\/wp-json\/wp\/v2\/tags?post=51883"}],"curies":[{"name":"wp","href":"https:\/\/api.w.org\/{rel}","templated":true}]}}