{"id":51870,"date":"2023-07-12T10:55:30","date_gmt":"2023-07-12T13:55:30","guid":{"rendered":"https:\/\/www.paranapraia.com.br\/?p=51870"},"modified":"2023-07-12T10:55:31","modified_gmt":"2023-07-12T13:55:31","slug":"conheca-as-novas-normas-de-transito-para-ciclomotores-patinetes-bicicletas-e-skates","status":"publish","type":"post","link":"https:\/\/www.paranapraia.com.br\/index.php\/2023\/07\/12\/conheca-as-novas-normas-de-transito-para-ciclomotores-patinetes-bicicletas-e-skates\/","title":{"rendered":"Conhe\u00e7a as novas normas de tr\u00e2nsito para ciclomotores, patinetes, bicicletas e skates"},"content":{"rendered":"\n<p>O Conselho Nacional de Tr\u00e2nsito (Contran), por meio da Resolu\u00e7\u00e3o n\u00ba 996\/2023, atualizou a classifica\u00e7\u00e3o de ciclomotores, bicicletas el\u00e9tricas e equipamentos de mobilidade individual autopropelidos, como patinetes e skates. O texto entrou em vigor no dia 1\u00b0 de julho de 2023 e prev\u00ea o prazo entre 1\u00b0 de novembro de 2023 e 31 de dezembro de 2025 para a regulariza\u00e7\u00e3o por parte dos propriet\u00e1rios de ciclomotores. <\/p>\n\n\n\n<p>Os condutores de bicicletas, mesmo el\u00e9tricas, skates e patinetes n\u00e3o necessitam de qualquer tipo de documenta\u00e7\u00e3o.A nova resolu\u00e7\u00e3o busca a maior diferencia\u00e7\u00e3o entre uma categoria e outra, com o objetivo de ajudar no momento do registro e da fiscaliza\u00e7\u00e3o perante os \u00f3rg\u00e3os de tr\u00e2nsito. Ela estabelece regras para uso de equipamentos obrigat\u00f3rios, como campainha e espelhos, al\u00e9m de protocolo de registro. <\/p>\n\n\n\n<p>A medida tem o objetivo de aumentar a seguran\u00e7a no tr\u00e2nsito e facilitar a fiscaliza\u00e7\u00e3o, dado o aumento significativo destes tipos de ve\u00edculos em circula\u00e7\u00e3o nas cidades.Segundo o diretor-presidente do Detran-PR, Adriano Furtado, para os ve\u00edculos ciclomotores, como mobiletes ou scooters, \u00e9 necess\u00e1ria habilita\u00e7\u00e3o categoria A ou autoriza\u00e7\u00e3o ACC, espec\u00edfica para estes tipos de ve\u00edculos. <\/p>\n\n\n\n<p>\u201cA estrat\u00e9gia da Resolu\u00e7\u00e3o est\u00e1 alinhada \u00e0s diretrizes e a\u00e7\u00f5es do Plano Nacional de Redu\u00e7\u00e3o de Mortes e Les\u00f5es no Tr\u00e2nsito (Pnatrans), de preservar vidas. Com isso, fez-se necess\u00e1rio a defini\u00e7\u00e3o de regras quanto \u00e0 classifica\u00e7\u00e3o de cada ve\u00edculo, al\u00e9m de exig\u00eancias relacionadas \u00e0 habilita\u00e7\u00e3o e normas de circula\u00e7\u00e3o\u201d, destaca.<\/p>\n\n\n\n<p>S\u00e3o considerados ve\u00edculos ciclomotores de duas ou tr\u00eas rodas, provido de motor de combust\u00e3o interna cuja cilindrada n\u00e3o exceda a 50 cm (cinquenta cent\u00edmetros c\u00fabicos), equivalente a 3,05 pol (tr\u00eas polegadas c\u00fabicas e cinco cent\u00e9simos), ou de motor de propuls\u00e3o el\u00e9trica com pot\u00eancia m\u00e1xima de 4 kW (quatro quilowatts), e cuja velocidade m\u00e1xima de fabrica\u00e7\u00e3o n\u00e3o exceda a 50 km\/h (cinquenta quil\u00f4metros por hora).<\/p>\n\n\n\n<p>AEN<\/p>\n","protected":false},"excerpt":{"rendered":"<p>O Conselho Nacional de Tr\u00e2nsito (Contran), por meio da Resolu\u00e7\u00e3o n\u00ba 996\/2023, atualizou a classifica\u00e7\u00e3o de ciclomotores, bicicletas el\u00e9tricas e equipamentos de mobilidade individual autopropelidos, como patinetes e skates. O texto entrou em vigor no dia 1\u00b0 de julho de 2023 e prev\u00ea o prazo entre 1\u00b0 de novembro de 2023 e 31 de dezembro [&hellip;]<\/p>\n","protected":false},"author":2,"featured_media":51871,"comment_status":"open","ping_status":"open","sticky":false,"template":"","format":"standard","meta":{"advanced_seo_description":"","jetpack_seo_html_title":"","jetpack_seo_noindex":false,"_jetpack_memberships_contains_paid_content":false,"footnotes":""},"categories":[40],"tags":[],"class_list":{"0":"post-51870","1":"post","2":"type-post","3":"status-publish","4":"format-standard","5":"has-post-thumbnail","7":"category-destaques"},"jetpack_featured_media_url":"https:\/\/www.paranapraia.com.br\/wp-content\/uploads\/2023\/07\/img_7453-scaled.jpg","jetpack_sharing_enabled":true,"_links":{"self":[{"href":"https:\/\/www.paranapraia.com.br\/index.php\/wp-json\/wp\/v2\/posts\/51870"}],"collection":[{"href":"https:\/\/www.paranapraia.com.br\/index.php\/wp-json\/wp\/v2\/posts"}],"about":[{"href":"https:\/\/www.paranapraia.com.br\/index.php\/wp-json\/wp\/v2\/types\/post"}],"author":[{"embeddable":true,"href":"https:\/\/www.paranapraia.com.br\/index.php\/wp-json\/wp\/v2\/users\/2"}],"replies":[{"embeddable":true,"href":"https:\/\/www.paranapraia.com.br\/index.php\/wp-json\/wp\/v2\/comments?post=51870"}],"version-history":[{"count":1,"href":"https:\/\/www.paranapraia.com.br\/index.php\/wp-json\/wp\/v2\/posts\/51870\/revisions"}],"predecessor-version":[{"id":51872,"href":"https:\/\/www.paranapraia.com.br\/index.php\/wp-json\/wp\/v2\/posts\/51870\/revisions\/51872"}],"wp:featuredmedia":[{"embeddable":true,"href":"https:\/\/www.paranapraia.com.br\/index.php\/wp-json\/wp\/v2\/media\/51871"}],"wp:attachment":[{"href":"https:\/\/www.paranapraia.com.br\/index.php\/wp-json\/wp\/v2\/media?parent=51870"}],"wp:term":[{"taxonomy":"category","embeddable":true,"href":"https:\/\/www.paranapraia.com.br\/index.php\/wp-json\/wp\/v2\/categories?post=51870"},{"taxonomy":"post_tag","embeddable":true,"href":"https:\/\/www.paranapraia.com.br\/index.php\/wp-json\/wp\/v2\/tags?post=51870"}],"curies":[{"name":"wp","href":"https:\/\/api.w.org\/{rel}","templated":true}]}}