{"id":51861,"date":"2023-07-12T10:08:23","date_gmt":"2023-07-12T13:08:23","guid":{"rendered":"https:\/\/www.paranapraia.com.br\/?p=51861"},"modified":"2023-07-12T10:08:23","modified_gmt":"2023-07-12T13:08:23","slug":"senai-promove-curso-de-tecnicas-de-construcao-em-alvenaria-em-matinhos","status":"publish","type":"post","link":"https:\/\/www.paranapraia.com.br\/index.php\/2023\/07\/12\/senai-promove-curso-de-tecnicas-de-construcao-em-alvenaria-em-matinhos\/","title":{"rendered":"SENAI promove curso de tecnicas de constru\u00e7\u00e3o em alvenaria em Matinhos"},"content":{"rendered":"\n<p>O SENAI vai promover em Matinhos o curso de T\u00e9cnicas de Constru\u00e7\u00e3o Civil em Alvenaria. A capacita\u00e7\u00e3o de aperfei\u00e7oamento vai ter in\u00edcio no dia 17 deste m\u00eas, no Centro Comunit\u00e1rio Profissionalizante Mario Braga.<\/p>\n\n\n\n<p>As inscri\u00e7\u00f5es v\u00e3o de 10 at\u00e9 14 de julho. As aulas ser\u00e3o no per\u00edodo noturno. O CCP M\u00e1rio Braga fica na Avenida Paran\u00e1, n.\u00ba 462, no Tabuleiro, ao lado do Centro Municipal de Fisioterapia e Abastecimento.<\/p>\n\n\n\n<p>Departamento de Comunica\u00e7\u00e3o<br>Prefeitura de Matinhos<\/p>\n","protected":false},"excerpt":{"rendered":"<p>O SENAI vai promover em Matinhos o curso de T\u00e9cnicas de Constru\u00e7\u00e3o Civil em Alvenaria. A capacita\u00e7\u00e3o de aperfei\u00e7oamento vai ter in\u00edcio no dia 17 deste m\u00eas, no Centro Comunit\u00e1rio Profissionalizante Mario Braga. As inscri\u00e7\u00f5es v\u00e3o de 10 at\u00e9 14 de julho. As aulas ser\u00e3o no per\u00edodo noturno. O CCP M\u00e1rio Braga fica na Avenida [&hellip;]<\/p>\n","protected":false},"author":2,"featured_media":51862,"comment_status":"open","ping_status":"open","sticky":false,"template":"","format":"standard","meta":{"advanced_seo_description":"","jetpack_seo_html_title":"","jetpack_seo_noindex":false,"_jetpack_memberships_contains_paid_content":false,"footnotes":""},"categories":[88],"tags":[],"class_list":{"0":"post-51861","1":"post","2":"type-post","3":"status-publish","4":"format-standard","5":"has-post-thumbnail","7":"category-matinhos"},"jetpack_featured_media_url":"https:\/\/www.paranapraia.com.br\/wp-content\/uploads\/2023\/07\/FB_IMG_1689167215454.jpg","jetpack_sharing_enabled":true,"_links":{"self":[{"href":"https:\/\/www.paranapraia.com.br\/index.php\/wp-json\/wp\/v2\/posts\/51861"}],"collection":[{"href":"https:\/\/www.paranapraia.com.br\/index.php\/wp-json\/wp\/v2\/posts"}],"about":[{"href":"https:\/\/www.paranapraia.com.br\/index.php\/wp-json\/wp\/v2\/types\/post"}],"author":[{"embeddable":true,"href":"https:\/\/www.paranapraia.com.br\/index.php\/wp-json\/wp\/v2\/users\/2"}],"replies":[{"embeddable":true,"href":"https:\/\/www.paranapraia.com.br\/index.php\/wp-json\/wp\/v2\/comments?post=51861"}],"version-history":[{"count":1,"href":"https:\/\/www.paranapraia.com.br\/index.php\/wp-json\/wp\/v2\/posts\/51861\/revisions"}],"predecessor-version":[{"id":51863,"href":"https:\/\/www.paranapraia.com.br\/index.php\/wp-json\/wp\/v2\/posts\/51861\/revisions\/51863"}],"wp:featuredmedia":[{"embeddable":true,"href":"https:\/\/www.paranapraia.com.br\/index.php\/wp-json\/wp\/v2\/media\/51862"}],"wp:attachment":[{"href":"https:\/\/www.paranapraia.com.br\/index.php\/wp-json\/wp\/v2\/media?parent=51861"}],"wp:term":[{"taxonomy":"category","embeddable":true,"href":"https:\/\/www.paranapraia.com.br\/index.php\/wp-json\/wp\/v2\/categories?post=51861"},{"taxonomy":"post_tag","embeddable":true,"href":"https:\/\/www.paranapraia.com.br\/index.php\/wp-json\/wp\/v2\/tags?post=51861"}],"curies":[{"name":"wp","href":"https:\/\/api.w.org\/{rel}","templated":true}]}}