{"id":51856,"date":"2023-07-12T09:34:08","date_gmt":"2023-07-12T12:34:08","guid":{"rendered":"https:\/\/www.paranapraia.com.br\/?p=51856"},"modified":"2023-07-12T09:34:09","modified_gmt":"2023-07-12T12:34:09","slug":"conferencia-municipal-da-assistencia-social-e-realizada-em-matinhos","status":"publish","type":"post","link":"https:\/\/www.paranapraia.com.br\/index.php\/2023\/07\/12\/conferencia-municipal-da-assistencia-social-e-realizada-em-matinhos\/","title":{"rendered":"Confer\u00eancia Municipal da Assist\u00eancia Social \u00e9 realizada em Matinhos"},"content":{"rendered":"\n<p>Aconteceu nesta ter\u00e7a-feira (11) a 14.\u00aa Confer\u00eancia Municipal da Assist\u00eancia Social. Realizado no Complexo Educacional Francisco dos Santos Junior, o evento abordou o Sistema \u00danico de Assist\u00eancia Social (SUAS). Nesta edi\u00e7\u00e3o, o tema foi &#8220;Reconstru\u00e7\u00e3o do SUAS: O SUAS que temos e o SUAS que queremos&#8221;.<\/p>\n\n\n\n<p>Compuseram a mesa da confer\u00eancia o prefeito Z\u00e9 da Ecler; a primeira-dama e presidente da PROVOPAR, Regina Viana; a secret\u00e1ria de Assist\u00eancia Social, Enelida Ramos de Lima; a vereadora N\u00edvea Gurski (PSD), a presidente do Conselho Municipal de Assist\u00eancia Social (CMAS), Virg\u00ednia Maria Santana; e a psic\u00f3loga social Karin Bruckheimer.<\/p>\n\n\n\n<p>Depois da execu\u00e7\u00e3o do Hino Nacional, aconteceram as falas iniciais da secret\u00e1ria de Assist\u00eancia Social, do prefeito e da presidente do CMAS. Na sequ\u00eancia, foi ligo o Regimento Interno da 14.\u00aa Confer\u00eancia Municipal da Assist\u00eancia Social. Ap\u00f3s a aprova\u00e7\u00e3o do regimento, os trabalhos continuaram com a apresenta\u00e7\u00e3o da psic\u00f3loga Karin Bruckheimer.<\/p>\n\n\n\n<figure class=\"wp-block-image size-large\"><img loading=\"lazy\" decoding=\"async\" width=\"1024\" height=\"576\" src=\"https:\/\/www.paranapraia.com.br\/wp-content\/uploads\/2023\/07\/FB_IMG_1689165172296-1024x576.jpg\" alt=\"\" class=\"wp-image-51858\" srcset=\"https:\/\/www.paranapraia.com.br\/wp-content\/uploads\/2023\/07\/FB_IMG_1689165172296-1024x576.jpg 1024w, https:\/\/www.paranapraia.com.br\/wp-content\/uploads\/2023\/07\/FB_IMG_1689165172296-300x169.jpg 300w, https:\/\/www.paranapraia.com.br\/wp-content\/uploads\/2023\/07\/FB_IMG_1689165172296-768x432.jpg 768w, https:\/\/www.paranapraia.com.br\/wp-content\/uploads\/2023\/07\/FB_IMG_1689165172296-696x392.jpg 696w, https:\/\/www.paranapraia.com.br\/wp-content\/uploads\/2023\/07\/FB_IMG_1689165172296-1068x601.jpg 1068w, https:\/\/www.paranapraia.com.br\/wp-content\/uploads\/2023\/07\/FB_IMG_1689165172296-746x420.jpg 746w, https:\/\/www.paranapraia.com.br\/wp-content\/uploads\/2023\/07\/FB_IMG_1689165172296.jpg 1080w\" sizes=\"(max-width: 1024px) 100vw, 1024px\" \/><\/figure>\n\n\n\n<p>A Confer\u00eancia Municipal da Assist\u00eancia Social foi organizada pelo CMAS e pela Secretaria Municipal de Assist\u00eancia Social.<\/p>\n\n\n\n<p>Departamento de Comunica\u00e7\u00e3o<br>Prefeitura de Matinhos<\/p>\n\n\n\n<p>Acesse o nosso portal: https:\/\/matinhos.atende.net\/cidadao\/noticia\/conferencia-municipal-da-assistencia-social-e-realizada-em-matinhos<\/p>\n\n\n\n<p><\/p>\n","protected":false},"excerpt":{"rendered":"<p>Aconteceu nesta ter\u00e7a-feira (11) a 14.\u00aa Confer\u00eancia Municipal da Assist\u00eancia Social. Realizado no Complexo Educacional Francisco dos Santos Junior, o evento abordou o Sistema \u00danico de Assist\u00eancia Social (SUAS). Nesta edi\u00e7\u00e3o, o tema foi &#8220;Reconstru\u00e7\u00e3o do SUAS: O SUAS que temos e o SUAS que queremos&#8221;. Compuseram a mesa da confer\u00eancia o prefeito Z\u00e9 da [&hellip;]<\/p>\n","protected":false},"author":2,"featured_media":51857,"comment_status":"open","ping_status":"open","sticky":false,"template":"","format":"standard","meta":{"advanced_seo_description":"","jetpack_seo_html_title":"","jetpack_seo_noindex":false,"_jetpack_memberships_contains_paid_content":false,"footnotes":""},"categories":[88],"tags":[],"class_list":{"0":"post-51856","1":"post","2":"type-post","3":"status-publish","4":"format-standard","5":"has-post-thumbnail","7":"category-matinhos"},"jetpack_featured_media_url":"https:\/\/www.paranapraia.com.br\/wp-content\/uploads\/2023\/07\/FB_IMG_1689165151581.jpg","jetpack_sharing_enabled":true,"_links":{"self":[{"href":"https:\/\/www.paranapraia.com.br\/index.php\/wp-json\/wp\/v2\/posts\/51856"}],"collection":[{"href":"https:\/\/www.paranapraia.com.br\/index.php\/wp-json\/wp\/v2\/posts"}],"about":[{"href":"https:\/\/www.paranapraia.com.br\/index.php\/wp-json\/wp\/v2\/types\/post"}],"author":[{"embeddable":true,"href":"https:\/\/www.paranapraia.com.br\/index.php\/wp-json\/wp\/v2\/users\/2"}],"replies":[{"embeddable":true,"href":"https:\/\/www.paranapraia.com.br\/index.php\/wp-json\/wp\/v2\/comments?post=51856"}],"version-history":[{"count":1,"href":"https:\/\/www.paranapraia.com.br\/index.php\/wp-json\/wp\/v2\/posts\/51856\/revisions"}],"predecessor-version":[{"id":51859,"href":"https:\/\/www.paranapraia.com.br\/index.php\/wp-json\/wp\/v2\/posts\/51856\/revisions\/51859"}],"wp:featuredmedia":[{"embeddable":true,"href":"https:\/\/www.paranapraia.com.br\/index.php\/wp-json\/wp\/v2\/media\/51857"}],"wp:attachment":[{"href":"https:\/\/www.paranapraia.com.br\/index.php\/wp-json\/wp\/v2\/media?parent=51856"}],"wp:term":[{"taxonomy":"category","embeddable":true,"href":"https:\/\/www.paranapraia.com.br\/index.php\/wp-json\/wp\/v2\/categories?post=51856"},{"taxonomy":"post_tag","embeddable":true,"href":"https:\/\/www.paranapraia.com.br\/index.php\/wp-json\/wp\/v2\/tags?post=51856"}],"curies":[{"name":"wp","href":"https:\/\/api.w.org\/{rel}","templated":true}]}}