{"id":51853,"date":"2023-07-12T07:36:37","date_gmt":"2023-07-12T10:36:37","guid":{"rendered":"https:\/\/www.paranapraia.com.br\/?p=51853"},"modified":"2023-07-12T07:36:38","modified_gmt":"2023-07-12T10:36:38","slug":"onze-quilos-de-cocaina-sao-apreendidos-em-conteiner-de-frutas-no-porto-de-paranagua","status":"publish","type":"post","link":"https:\/\/www.paranapraia.com.br\/index.php\/2023\/07\/12\/onze-quilos-de-cocaina-sao-apreendidos-em-conteiner-de-frutas-no-porto-de-paranagua\/","title":{"rendered":"Onze quilos de coca\u00edna s\u00e3o apreendidos em cont\u00eainer de frutas no Porto de Paranagu\u00e1"},"content":{"rendered":"\n<p>Foram apreendidos cerca de 11 quilos de coca\u00edna na tarde desta ter\u00e7a-feira (11) no Porto de Paranagu\u00e1. A droga estava em um cont\u00eainer carregado com polpa de frutas e tinha como destino final Portugal, na Europa. <\/p>\n\n\n\n<p>As informa\u00e7\u00f5es foram divulgadas pela Receita Federal e pela Pol\u00edcia Federal.De acordo com a PF, a droga foi inserida no cont\u00eainer sem o conhecimento do exportador.<\/p>\n\n\n\n<p> Com esta apreens\u00e3o, j\u00e1 s\u00e3o mais de 385 quilos de coca\u00edna apreendidos pela Receita Federal no porto paranaense em 2023.<\/p>\n\n\n\n<p>CBN Curitiba <\/p>\n","protected":false},"excerpt":{"rendered":"<p>Foram apreendidos cerca de 11 quilos de coca\u00edna na tarde desta ter\u00e7a-feira (11) no Porto de Paranagu\u00e1. A droga estava em um cont\u00eainer carregado com polpa de frutas e tinha como destino final Portugal, na Europa. As informa\u00e7\u00f5es foram divulgadas pela Receita Federal e pela Pol\u00edcia Federal.De acordo com a PF, a droga foi inserida [&hellip;]<\/p>\n","protected":false},"author":2,"featured_media":51854,"comment_status":"open","ping_status":"open","sticky":false,"template":"","format":"standard","meta":{"advanced_seo_description":"","jetpack_seo_html_title":"","jetpack_seo_noindex":false,"_jetpack_memberships_contains_paid_content":false,"footnotes":""},"categories":[33],"tags":[],"class_list":{"0":"post-51853","1":"post","2":"type-post","3":"status-publish","4":"format-standard","5":"has-post-thumbnail","7":"category-policia"},"jetpack_featured_media_url":"https:\/\/www.paranapraia.com.br\/wp-content\/uploads\/2023\/07\/1ec58eb0-cfb6-4e9f-b5b4-86646edda52d.jpeg","jetpack_sharing_enabled":true,"_links":{"self":[{"href":"https:\/\/www.paranapraia.com.br\/index.php\/wp-json\/wp\/v2\/posts\/51853"}],"collection":[{"href":"https:\/\/www.paranapraia.com.br\/index.php\/wp-json\/wp\/v2\/posts"}],"about":[{"href":"https:\/\/www.paranapraia.com.br\/index.php\/wp-json\/wp\/v2\/types\/post"}],"author":[{"embeddable":true,"href":"https:\/\/www.paranapraia.com.br\/index.php\/wp-json\/wp\/v2\/users\/2"}],"replies":[{"embeddable":true,"href":"https:\/\/www.paranapraia.com.br\/index.php\/wp-json\/wp\/v2\/comments?post=51853"}],"version-history":[{"count":1,"href":"https:\/\/www.paranapraia.com.br\/index.php\/wp-json\/wp\/v2\/posts\/51853\/revisions"}],"predecessor-version":[{"id":51855,"href":"https:\/\/www.paranapraia.com.br\/index.php\/wp-json\/wp\/v2\/posts\/51853\/revisions\/51855"}],"wp:featuredmedia":[{"embeddable":true,"href":"https:\/\/www.paranapraia.com.br\/index.php\/wp-json\/wp\/v2\/media\/51854"}],"wp:attachment":[{"href":"https:\/\/www.paranapraia.com.br\/index.php\/wp-json\/wp\/v2\/media?parent=51853"}],"wp:term":[{"taxonomy":"category","embeddable":true,"href":"https:\/\/www.paranapraia.com.br\/index.php\/wp-json\/wp\/v2\/categories?post=51853"},{"taxonomy":"post_tag","embeddable":true,"href":"https:\/\/www.paranapraia.com.br\/index.php\/wp-json\/wp\/v2\/tags?post=51853"}],"curies":[{"name":"wp","href":"https:\/\/api.w.org\/{rel}","templated":true}]}}