{"id":51850,"date":"2023-07-11T21:31:47","date_gmt":"2023-07-12T00:31:47","guid":{"rendered":"https:\/\/www.paranapraia.com.br\/?p=51850"},"modified":"2023-07-11T21:31:48","modified_gmt":"2023-07-12T00:31:48","slug":"parana-estuda-parceria-com-a-organizacao-gerando-falcoes-para-acelerar-desenvolvimento-social","status":"publish","type":"post","link":"https:\/\/www.paranapraia.com.br\/index.php\/2023\/07\/11\/parana-estuda-parceria-com-a-organizacao-gerando-falcoes-para-acelerar-desenvolvimento-social\/","title":{"rendered":"Paran\u00e1 estuda parceria com a organiza\u00e7\u00e3o Gerando Falc\u00f5es para acelerar desenvolvimento social"},"content":{"rendered":"\n<p>O governador Carlos Massa Ratinho Junior recebeu nesta ter\u00e7a-feira (11) a visita de membros do ecossistema de desenvolvimento social Gerando Falc\u00f5es. O grupo esteve no Pal\u00e1cio Igua\u00e7u, em Curitiba, para apresentar detalhes sobre o trabalho que promove, focado no desenvolvimento econ\u00f4mico e social da popula\u00e7\u00e3o residente nas favelas brasileiras, e buscar parcerias com o Estado para implanta\u00e7\u00e3o de seus projetos no Paran\u00e1.<\/p>\n\n\n\n<p>Fundada em 2013 em Po\u00e1, no estado S\u00e3o Paulo, a organiza\u00e7\u00e3o atua em formato de rede para acelerar o poder de impacto de l\u00edderes em favelas do Brasil. O foco dela \u00e9 em iniciativas transformadoras, capazes de gerar resultados de longo prazo, como servi\u00e7os de educa\u00e7\u00e3o, desenvolvimento econ\u00f4mico e cidadania em favelas, com programas de transforma\u00e7\u00e3o sist\u00eamica.<\/p>\n\n\n\n<p>Na conversa com o presidente do grupo, Eduardo Lyra, o governador falou sobre as iniciativas do Governo do Estado focadas no atendimento a pessoas residentes em assentamentos prec\u00e1rios. \u201cO programa estadual Vida Nova, que \u00e9 focado no desfavelamento, com investimentos em urbaniza\u00e7\u00e3o e regulariza\u00e7\u00e3o fundi\u00e1rio, \u00e9 muito parecido com aquilo que o Gerando Falc\u00f5es j\u00e1 desenvolve em outros estados\u201d, afirmou.<\/p>\n\n\n\n<p>Para Ratinho Junior, a sinergia entre o poder p\u00fablico e entidades do terceiro setor garantem mais agilidade \u00e0s iniciativas, principalmente aquelas com foco no desenvolvimento social. \u201cO poder p\u00fablico tem facilidade em executar a parte f\u00edsica, com obras de urbaniza\u00e7\u00e3o, infraestrutura e a constru\u00e7\u00e3o de casas, mas muitas vezes as entidades t\u00eam mais rapidez para fazer a parte social, de treinamento e qualifica\u00e7\u00e3o dessa comunidade\u201d, acrescentou o governador.<\/p>\n\n\n\n<p>Segundo Lyra, que tamb\u00e9m foi o idealizador do Gerando Falc\u00f5es, a ONG est\u00e1 presente em milhares de favelas brasileiras para ajudar as comunidades a combaterem a pobreza. O grupo j\u00e1 possui parcerias com os governos de S\u00e3o Paulo e do Rio Grande do Sul, e a proposta \u00e9 formalizar um termo de coopera\u00e7\u00e3o com o Governo do Paran\u00e1 para ampliar o alcance das a\u00e7\u00f5es nas comunidades existentes no Estado, come\u00e7ando por duas comunidades de Curitiba: a Portelinha, no Santa Quit\u00e9ria, e a Santos Andrade, no Campo Comprido.<\/p>\n\n\n\n<p>\u201cNossa miss\u00e3o \u00e9 transformar a pobreza em uma pe\u00e7a de museu e, para isso, criamos o projeto Favela 3D, que significa Digital, Digna e Desenvolvida. Por isso, viemos apresentar ao governador Ratinho Junior como uma solu\u00e7\u00e3o para o enfrentamento \u00e0 pobreza nas favelas, demonstrando os resultados que temos obtido, como a redu\u00e7\u00e3o do analfabetismo e das taxas de desemprego, al\u00e9m do fim das filas em creches\u201d, disse o presidente da ONG.<\/p>\n\n\n\n<p>\u201cA pobreza \u00e9 um problema muito complexo e profundo e que nenhuma ONG, empresa ou governo conseguem resolver sozinhos, ent\u00e3o acreditamos muito nessa uni\u00e3o de esfor\u00e7os trazendo essa experi\u00eancia colaborativa para o Paran\u00e1\u201d, acrescentou Lyra.<\/p>\n\n\n\n<p>VIDA NOVA \u2013 Iniciado em 2019, o programa visa melhorar a qualidade de vida da popula\u00e7\u00e3o socialmente vulner\u00e1vel do Paran\u00e1 utilizando a moradia como um vetor de desenvolvimento social, familiar e comunit\u00e1rio. O programa \u00e9 coordenado pela Cohapar, vinculada \u00e0 Secretaria das Cidades, e conta tamb\u00e9m com a participa\u00e7\u00e3o de diversos outros \u00f3rg\u00e3os e secretarias estaduais.<\/p>\n\n\n\n<p>O projeto-piloto est\u00e1 em andamento em Jandaia do Sul, no Vale do Iva\u00ed, onde 75 fam\u00edlias ser\u00e3o realocadas de um assentamento prec\u00e1rio para novas moradias, acabando com os casos de pessoas residentes em \u00e1reas impr\u00f3prias no munic\u00edpio. Ap\u00f3s a realoca\u00e7\u00e3o, a \u00e1rea onde elas residem passar\u00e1 por um processo de recupera\u00e7\u00e3o ambiental, enquanto as fam\u00edlias receber\u00e3o o acompanhamento social ap\u00f3s a mudan\u00e7a, com a\u00e7\u00f5es educacionais, de sa\u00fade, empregabilidade, gera\u00e7\u00e3o de renda, organiza\u00e7\u00e3o e fortalecimento comunit\u00e1rio e conscientiza\u00e7\u00e3o ambiental.<\/p>\n\n\n\n<p>A meta da primeira etapa do programa \u00e9 atender 5.600 fam\u00edlias de 140 assentamentos prec\u00e1rios em 73 munic\u00edpios, cujo maior volume de obras dever\u00e1 ser iniciado no primeiro semestre de 2024. O programa receber\u00e1 um investimento de US$ 187,5 milh\u00f5es, sendo US$ 150 milh\u00f5es do Banco Interamericano de Desenvolvimento (BID) e os outros US$ 37,5 milh\u00f5es do Tesouro estadual.Dados do Plano Estadual de Habita\u00e7\u00e3o de Interesse Social (PEHIS) elaborados pela Cohapar em parceria com os munic\u00edpios apontam que o Paran\u00e1 possui cerca de 114 mil fam\u00edlias residentes em assentamentos prec\u00e1rios. <\/p>\n\n\n\n<p>As moradias est\u00e3o espalhadas em 1.167 assentamentos (favelas) nos 399 munic\u00edpios paranaenses. A prioridade da primeira etapa do Estado s\u00e3o os pequenos munic\u00edpios, onde o reassentamento represente o fim das favelas em n\u00edvel local.De acordo com o presidente da Cohapar, Jorge Lange, a empresa est\u00e1 na reta final de tratativas com o BID para a libera\u00e7\u00e3o dos recursos necess\u00e1rios para a amplia\u00e7\u00e3o do programa.<\/p>\n\n\n\n<p> \u201cOs projetos t\u00eam muito a ver com o trabalho desenvolvido pela Gerando Falc\u00f5es no Brasil inteiro, de trabalhar a situa\u00e7\u00e3o das pessoas que moram em situa\u00e7\u00e3o de vulnerabilidade social de uma forma mais profunda, visando a mudan\u00e7a permanente na condi\u00e7\u00e3o de vida delas\u201d, disse.<\/p>\n\n\n\n<p>\u201cN\u00e3o se trata apenas da melhoria das moradias, mas de transformar a vida das fam\u00edlias atrav\u00e9s da educa\u00e7\u00e3o, sa\u00fade, emprego e renda, garantindo a cidadania plena das pessoas\u201d, afirmou Lange.<\/p>\n\n\n\n<p>GERANDO FALC\u00d5ES \u2013 Atualmente, o grupo atua a partir de um ecossistema formado por cerca de seis mil favelas espalhadas por todo o Brasil, atuando em estrat\u00e9gia de rede, com a forma\u00e7\u00e3o de lideran\u00e7as sociais e outros projetos sociais atrav\u00e9s de parceiros. <\/p>\n\n\n\n<p>Entre as a\u00e7\u00f5es, est\u00e3o iniciativas voltadas \u00e0 oferta de moradias dignas, saneamento e urbanismo, gera\u00e7\u00e3o de renda, acesso \u00e0 sa\u00fade, cultura, esporte e lazer, autonomia da mulher, direito \u00e0 educa\u00e7\u00e3o, cidadania e cultura e a\u00e7\u00f5es focadas na primeira inf\u00e2ncia.<\/p>\n\n\n\n<p>Em abril, a ONG firmou parcerias com os Governos dos Estados de S\u00e3o Paulo e do Rio Grande do Sul para o estabelecimento de um projeto-piloto no estado para a revitaliza\u00e7\u00e3o da infraestrutura de uma favela, com a\u00e7\u00f5es de sa\u00fade, educa\u00e7\u00e3o, gera\u00e7\u00e3o de renda e assist\u00eancia social.<\/p>\n\n\n\n<p>PRESEN\u00c7AS \u2013 Participaram da reuni\u00e3o os secret\u00e1rios estaduais das Cidades, Eduardo Pimentel; do Desenvolvimento Social e Fam\u00edlia, Rog\u00e9rio Carboni; o presidente da Invest Paran\u00e1, Eduardo Bekin; e o assessor da Governadoria, Mauro Rockembach. Tamb\u00e9m estiveram presentes a presidente da ONG Caminhos do Renascer, Rosenilda de Paula; o l\u00edder comunit\u00e1rio da comunidade da Portelinha, Arildo Taborda; e os membros e parceiros da Gerando Falc\u00f5es Nina Rentel, Camila Casagrande e Patr\u00edcia Valdiveso.<\/p>\n\n\n\n<p>AEN<\/p>\n","protected":false},"excerpt":{"rendered":"<p>O governador Carlos Massa Ratinho Junior recebeu nesta ter\u00e7a-feira (11) a visita de membros do ecossistema de desenvolvimento social Gerando Falc\u00f5es. O grupo esteve no Pal\u00e1cio Igua\u00e7u, em Curitiba, para apresentar detalhes sobre o trabalho que promove, focado no desenvolvimento econ\u00f4mico e social da popula\u00e7\u00e3o residente nas favelas brasileiras, e buscar parcerias com o Estado [&hellip;]<\/p>\n","protected":false},"author":2,"featured_media":51851,"comment_status":"open","ping_status":"open","sticky":false,"template":"","format":"standard","meta":{"advanced_seo_description":"","jetpack_seo_html_title":"","jetpack_seo_noindex":false,"_jetpack_memberships_contains_paid_content":false,"footnotes":""},"categories":[32],"tags":[],"class_list":{"0":"post-51850","1":"post","2":"type-post","3":"status-publish","4":"format-standard","5":"has-post-thumbnail","7":"category-politica"},"jetpack_featured_media_url":"https:\/\/www.paranapraia.com.br\/wp-content\/uploads\/2023\/07\/gerando_falcoes_foto_rdziura-5200-scaled.jpg","jetpack_sharing_enabled":true,"_links":{"self":[{"href":"https:\/\/www.paranapraia.com.br\/index.php\/wp-json\/wp\/v2\/posts\/51850"}],"collection":[{"href":"https:\/\/www.paranapraia.com.br\/index.php\/wp-json\/wp\/v2\/posts"}],"about":[{"href":"https:\/\/www.paranapraia.com.br\/index.php\/wp-json\/wp\/v2\/types\/post"}],"author":[{"embeddable":true,"href":"https:\/\/www.paranapraia.com.br\/index.php\/wp-json\/wp\/v2\/users\/2"}],"replies":[{"embeddable":true,"href":"https:\/\/www.paranapraia.com.br\/index.php\/wp-json\/wp\/v2\/comments?post=51850"}],"version-history":[{"count":1,"href":"https:\/\/www.paranapraia.com.br\/index.php\/wp-json\/wp\/v2\/posts\/51850\/revisions"}],"predecessor-version":[{"id":51852,"href":"https:\/\/www.paranapraia.com.br\/index.php\/wp-json\/wp\/v2\/posts\/51850\/revisions\/51852"}],"wp:featuredmedia":[{"embeddable":true,"href":"https:\/\/www.paranapraia.com.br\/index.php\/wp-json\/wp\/v2\/media\/51851"}],"wp:attachment":[{"href":"https:\/\/www.paranapraia.com.br\/index.php\/wp-json\/wp\/v2\/media?parent=51850"}],"wp:term":[{"taxonomy":"category","embeddable":true,"href":"https:\/\/www.paranapraia.com.br\/index.php\/wp-json\/wp\/v2\/categories?post=51850"},{"taxonomy":"post_tag","embeddable":true,"href":"https:\/\/www.paranapraia.com.br\/index.php\/wp-json\/wp\/v2\/tags?post=51850"}],"curies":[{"name":"wp","href":"https:\/\/api.w.org\/{rel}","templated":true}]}}