{"id":51847,"date":"2023-07-11T21:21:12","date_gmt":"2023-07-12T00:21:12","guid":{"rendered":"https:\/\/www.paranapraia.com.br\/?p=51847"},"modified":"2023-07-11T21:21:12","modified_gmt":"2023-07-12T00:21:12","slug":"governo-do-estado-articula-acoes-de-internacionalizacao-de-ensino-superior-com-o-japao","status":"publish","type":"post","link":"https:\/\/www.paranapraia.com.br\/index.php\/2023\/07\/11\/governo-do-estado-articula-acoes-de-internacionalizacao-de-ensino-superior-com-o-japao\/","title":{"rendered":"Governo do Estado articula a\u00e7\u00f5es de internacionaliza\u00e7\u00e3o de ensino superior com o Jap\u00e3o"},"content":{"rendered":"\n<p>O Paran\u00e1 sediou um evento acad\u00eamico do Governo do Jap\u00e3o voltado para universit\u00e1rios brasileiros interessados em estudar em institui\u00e7\u00f5es de ensino superior do pa\u00eds asi\u00e1tico. Denominada Feira Estude no Jap\u00e3o, a a\u00e7\u00e3o apresentou nesta ter\u00e7a-feira (11), em Curitiba, as diferentes formas de ingresso em programas de gradua\u00e7\u00e3o, p\u00f3s-gradua\u00e7\u00e3o e est\u00e1gios de 53 universidades, inclusive com a possibilidade de bolsas de estudos.<\/p>\n\n\n\n<p>Na abertura do evento, em um jantar realizado nessa segunda-feira (10), na resid\u00eancia do c\u00f4nsul-geral do Jap\u00e3o em Curitiba, Keiji Hamada, representantes do Governo do Paran\u00e1 apresentaram o Sistema Estadual de Ci\u00eancia, Tecnologia e Ensino Superior para professores e autoridades diplom\u00e1ticas japonesas. <\/p>\n\n\n\n<p>O objetivo \u00e9 fortalecer e ampliar as a\u00e7\u00f5es de internacionaliza\u00e7\u00e3o e as parcerias bilaterais de desenvolvimento cient\u00edfico, por meio de interc\u00e2mbio acad\u00eamico no Jap\u00e3o.<\/p>\n\n\n\n<p>Coordenado pela Secretaria da Ci\u00eancia, Tecnologia e Ensino Superior (Seti), o sistema re\u00fane as universidades estaduais de Londrina (UEL), de Maring\u00e1 (UEM), de Ponta Grossa (UEPG), do Oeste do Paran\u00e1 (Unioeste), do Centro-Oeste (Unicentro), do Norte do Paran\u00e1 (UENP) e do Paran\u00e1 (Unespar).Tamb\u00e9m integram esse grupo de institui\u00e7\u00f5es a Funda\u00e7\u00e3o Arauc\u00e1ria de Apoio ao Desenvolvimento Cient\u00edfico e Tecnol\u00f3gico do Paran\u00e1, o Instituto de Tecnologia do Paran\u00e1 (Tecpar) e o Sistema Estadual de Parques Tecnol\u00f3gicos do Paran\u00e1 (Separtec).Segundo o secret\u00e1rio estadual da Ci\u00eancia, Tecnologia e Ensino Superior do Paran\u00e1 em exerc\u00edcio, Michel Jorge Samaha, o relacionamento institucional com diferentes prov\u00edncias japonesas tem proporcionado parcerias e investimentos na \u00e1rea da educa\u00e7\u00e3o.<\/p>\n\n\n\n<p> \u201cO intuito \u00e9 dar continuidade nas parcerias e intensificar as rela\u00e7\u00f5es pol\u00edtico-institucionais entre o Brasil e o Jap\u00e3o, promovendo um interc\u00e2mbio cultural e a\u00e7\u00f5es de coopera\u00e7\u00e3o socioecon\u00f4micas e educacionais\u201d, destacou.<\/p>\n\n\n\n<p>Ele explicou que a pasta contribui para incentivar o desenvolvimento socioecon\u00f4mico e aumentar a competitividade das empresas paranaenses, agregando tecnologia aos processos de produ\u00e7\u00e3o de bens e servi\u00e7os.<\/p>\n\n\n\n<p>\u201cS\u00e3o programas e projetos estrat\u00e9gicos que contemplam o desenvolvimento cient\u00edfico e tecnol\u00f3gico, a cultura empreendedora, o fortalecimento de ativos tecnol\u00f3gicos, a transfer\u00eancia de conhecimento e tecnologia e o desenvolvimento de patentes e de outros dispositivos de registro e prote\u00e7\u00e3o \u00e0 propriedade intelectual\u201d, elencou o gestor.<\/p>\n\n\n\n<p>PRESEN\u00c7AS \u2013 A abertura contou, ainda, com a participa\u00e7\u00e3o dos presidentes da Funda\u00e7\u00e3o Arauc\u00e1ria, Ramiro Wahrhaftig, do Tecpar, Celso Kloss, e da Associa\u00e7\u00e3o Paranaense das Institui\u00e7\u00f5es de Ensino Superior P\u00fablico (Apiesp), Miguel Sanches Neto. Tamb\u00e9m estavam presentes o diretor do Escrit\u00f3rio de Iniciativas Globais da Universidade de Tsukuba, Osamu Ohneda; o reitor da Universidade Estadual de Maring\u00e1 (UEM), Leandro Vanalli; e a vice-reitora da Universidade Federal do Paran\u00e1 (UFPR), Graciela Bolzon de Muniz.<\/p>\n\n\n\n<p>AEN<\/p>\n","protected":false},"excerpt":{"rendered":"<p>O Paran\u00e1 sediou um evento acad\u00eamico do Governo do Jap\u00e3o voltado para universit\u00e1rios brasileiros interessados em estudar em institui\u00e7\u00f5es de ensino superior do pa\u00eds asi\u00e1tico. Denominada Feira Estude no Jap\u00e3o, a a\u00e7\u00e3o apresentou nesta ter\u00e7a-feira (11), em Curitiba, as diferentes formas de ingresso em programas de gradua\u00e7\u00e3o, p\u00f3s-gradua\u00e7\u00e3o e est\u00e1gios de 53 universidades, inclusive com [&hellip;]<\/p>\n","protected":false},"author":2,"featured_media":51848,"comment_status":"open","ping_status":"open","sticky":false,"template":"","format":"standard","meta":{"advanced_seo_description":"","jetpack_seo_html_title":"","jetpack_seo_noindex":false,"_jetpack_memberships_contains_paid_content":false,"footnotes":""},"categories":[32],"tags":[],"class_list":{"0":"post-51847","1":"post","2":"type-post","3":"status-publish","4":"format-standard","5":"has-post-thumbnail","7":"category-politica"},"jetpack_featured_media_url":"https:\/\/www.paranapraia.com.br\/wp-content\/uploads\/2023\/07\/img_8413-1.jpg","jetpack_sharing_enabled":true,"_links":{"self":[{"href":"https:\/\/www.paranapraia.com.br\/index.php\/wp-json\/wp\/v2\/posts\/51847"}],"collection":[{"href":"https:\/\/www.paranapraia.com.br\/index.php\/wp-json\/wp\/v2\/posts"}],"about":[{"href":"https:\/\/www.paranapraia.com.br\/index.php\/wp-json\/wp\/v2\/types\/post"}],"author":[{"embeddable":true,"href":"https:\/\/www.paranapraia.com.br\/index.php\/wp-json\/wp\/v2\/users\/2"}],"replies":[{"embeddable":true,"href":"https:\/\/www.paranapraia.com.br\/index.php\/wp-json\/wp\/v2\/comments?post=51847"}],"version-history":[{"count":1,"href":"https:\/\/www.paranapraia.com.br\/index.php\/wp-json\/wp\/v2\/posts\/51847\/revisions"}],"predecessor-version":[{"id":51849,"href":"https:\/\/www.paranapraia.com.br\/index.php\/wp-json\/wp\/v2\/posts\/51847\/revisions\/51849"}],"wp:featuredmedia":[{"embeddable":true,"href":"https:\/\/www.paranapraia.com.br\/index.php\/wp-json\/wp\/v2\/media\/51848"}],"wp:attachment":[{"href":"https:\/\/www.paranapraia.com.br\/index.php\/wp-json\/wp\/v2\/media?parent=51847"}],"wp:term":[{"taxonomy":"category","embeddable":true,"href":"https:\/\/www.paranapraia.com.br\/index.php\/wp-json\/wp\/v2\/categories?post=51847"},{"taxonomy":"post_tag","embeddable":true,"href":"https:\/\/www.paranapraia.com.br\/index.php\/wp-json\/wp\/v2\/tags?post=51847"}],"curies":[{"name":"wp","href":"https:\/\/api.w.org\/{rel}","templated":true}]}}