{"id":51838,"date":"2023-07-11T15:51:25","date_gmt":"2023-07-11T18:51:25","guid":{"rendered":"https:\/\/www.paranapraia.com.br\/?p=51838"},"modified":"2023-07-11T15:51:26","modified_gmt":"2023-07-11T18:51:26","slug":"prefeito-recebe-agradecimento-da-igreja-por-apoio-a-festa-de-sao-pedro-em-matinhos","status":"publish","type":"post","link":"https:\/\/www.paranapraia.com.br\/index.php\/2023\/07\/11\/prefeito-recebe-agradecimento-da-igreja-por-apoio-a-festa-de-sao-pedro-em-matinhos\/","title":{"rendered":"Prefeito recebe agradecimento da Igreja por apoio \u00e0 Festa de S\u00e3o Pedro em Matinhos"},"content":{"rendered":"\n<p>O prefeito Z\u00e9 da Ecler recebeu nesta ter\u00e7a-feira (11) representantes da Par\u00f3quia S\u00e3o Pedro Ap\u00f3stolo. Liderados pelo p\u00e1roco da igreja, Padre Osvaldo Reginato, eles agradeceram \u00e0 gest\u00e3o pelo apoio dado \u00e0 mais uma edi\u00e7\u00e3o da Festa de S\u00e3o Pedro, que aconteceu de 20 de junho a 02 de julho.<\/p>\n\n\n\n<p>Segundo Padre Osvaldo, \u00e9 importante a presen\u00e7a e o envolvimento da Administra\u00e7\u00e3o Municipal na celebra\u00e7\u00e3o. O religioso ainda refor\u00e7ou que a inten\u00e7\u00e3o \u00e9 manter a parceria para os pr\u00f3ximos anos. A Festa de S\u00e3o Pedro completa 80 anos em 2024.<\/p>\n\n\n\n<p>O prefeito Z\u00e9 da Ecler destacou que a festividade faz parte do calend\u00e1rio oficial de eventos do munic\u00edpio &#8211; conforme a Lei n.\u00ba 1602\/2013. Padroeiro de Matinhos, S\u00e3o Pedro tem o seu dia celebrado em 29 de julho.<\/p>\n\n\n\n<p>Departamento de Comunica\u00e7\u00e3o<br>Prefeitura de Matinhos<\/p>\n\n\n\n<p>Acesse o nosso portal: https:\/\/matinhos.atende.net\/cidadao\/noticia\/prefeito-recebe-agradecimento-da-igreja-por-apoio-a-festa-de-sao-pedro<\/p>\n","protected":false},"excerpt":{"rendered":"<p>O prefeito Z\u00e9 da Ecler recebeu nesta ter\u00e7a-feira (11) representantes da Par\u00f3quia S\u00e3o Pedro Ap\u00f3stolo. Liderados pelo p\u00e1roco da igreja, Padre Osvaldo Reginato, eles agradeceram \u00e0 gest\u00e3o pelo apoio dado \u00e0 mais uma edi\u00e7\u00e3o da Festa de S\u00e3o Pedro, que aconteceu de 20 de junho a 02 de julho. Segundo Padre Osvaldo, \u00e9 importante a [&hellip;]<\/p>\n","protected":false},"author":2,"featured_media":51839,"comment_status":"open","ping_status":"open","sticky":false,"template":"","format":"standard","meta":{"advanced_seo_description":"","jetpack_seo_html_title":"","jetpack_seo_noindex":false,"_jetpack_memberships_contains_paid_content":false,"footnotes":""},"categories":[88],"tags":[],"class_list":{"0":"post-51838","1":"post","2":"type-post","3":"status-publish","4":"format-standard","5":"has-post-thumbnail","7":"category-matinhos"},"jetpack_featured_media_url":"https:\/\/www.paranapraia.com.br\/wp-content\/uploads\/2023\/07\/FB_IMG_1689101423227.jpg","jetpack_sharing_enabled":true,"_links":{"self":[{"href":"https:\/\/www.paranapraia.com.br\/index.php\/wp-json\/wp\/v2\/posts\/51838"}],"collection":[{"href":"https:\/\/www.paranapraia.com.br\/index.php\/wp-json\/wp\/v2\/posts"}],"about":[{"href":"https:\/\/www.paranapraia.com.br\/index.php\/wp-json\/wp\/v2\/types\/post"}],"author":[{"embeddable":true,"href":"https:\/\/www.paranapraia.com.br\/index.php\/wp-json\/wp\/v2\/users\/2"}],"replies":[{"embeddable":true,"href":"https:\/\/www.paranapraia.com.br\/index.php\/wp-json\/wp\/v2\/comments?post=51838"}],"version-history":[{"count":1,"href":"https:\/\/www.paranapraia.com.br\/index.php\/wp-json\/wp\/v2\/posts\/51838\/revisions"}],"predecessor-version":[{"id":51840,"href":"https:\/\/www.paranapraia.com.br\/index.php\/wp-json\/wp\/v2\/posts\/51838\/revisions\/51840"}],"wp:featuredmedia":[{"embeddable":true,"href":"https:\/\/www.paranapraia.com.br\/index.php\/wp-json\/wp\/v2\/media\/51839"}],"wp:attachment":[{"href":"https:\/\/www.paranapraia.com.br\/index.php\/wp-json\/wp\/v2\/media?parent=51838"}],"wp:term":[{"taxonomy":"category","embeddable":true,"href":"https:\/\/www.paranapraia.com.br\/index.php\/wp-json\/wp\/v2\/categories?post=51838"},{"taxonomy":"post_tag","embeddable":true,"href":"https:\/\/www.paranapraia.com.br\/index.php\/wp-json\/wp\/v2\/tags?post=51838"}],"curies":[{"name":"wp","href":"https:\/\/api.w.org\/{rel}","templated":true}]}}