{"id":51831,"date":"2023-07-11T15:09:15","date_gmt":"2023-07-11T18:09:15","guid":{"rendered":"https:\/\/www.paranapraia.com.br\/?p=51831"},"modified":"2023-07-11T15:09:15","modified_gmt":"2023-07-11T18:09:15","slug":"guaratuba-realiza-exame-de-faixa-dos-alunos-do-kimono-kaicara","status":"publish","type":"post","link":"https:\/\/www.paranapraia.com.br\/index.php\/2023\/07\/11\/guaratuba-realiza-exame-de-faixa-dos-alunos-do-kimono-kaicara\/","title":{"rendered":"Guaratuba realiza exame de faixa dos alunos do Kimono Kai\u00e7ara"},"content":{"rendered":"\n<p>No domingo (9) a Prefeitura de Guaratuba realizou o exame de faixa do Karat\u00ea Shubu-do dos alunos do Projeto Kimono Kai\u00e7ara no Gin\u00e1sio de Esportes Governador Jos\u00e9 Richa. Fotos abaixo:<\/p>\n\n\n\n<p><br>Foram graduados 80 alunos que mostraram suas habilidades nos golpes de Karat\u00ea e alcan\u00e7aram a t\u00e3o esperada aprova\u00e7\u00e3o para troca de faixa. O evento contou com a presen\u00e7a do Gr\u00e3o Mestre Edson Carlos de Oliveira, fundador do Karat\u00ea Shubu-do.<\/p>\n\n\n\n<p><br>As aulas de Karat\u00ea do projeto Kimono Kai\u00e7ara (a partir de 6 anos de idade) s\u00e3o realizadas no Gin\u00e1sio de Esportes Governador Jos\u00e9 Richa (Cohapar) e no Gin\u00e1sio de Esportes Irineu Lopes da Gra\u00e7a Filho (Coroados).<\/p>\n\n\n\n<p><br>Quer participar de alguma atividade ou esporte? Entre em contato com a Secretaria do Esporte e do Lazer atrav\u00e9s do telefone: 41 3472-8650.<\/p>\n\n\n\n<figure class=\"wp-block-gallery has-nested-images columns-1 is-cropped wp-block-gallery-1 is-layout-flex wp-block-gallery-is-layout-flex\">\n<figure class=\"wp-block-image size-large\"><img loading=\"lazy\" decoding=\"async\" width=\"1024\" height=\"683\" data-id=\"51834\" src=\"https:\/\/www.paranapraia.com.br\/wp-content\/uploads\/2023\/07\/FB_IMG_1689098748487-1024x683.jpg\" alt=\"\" class=\"wp-image-51834\" srcset=\"https:\/\/www.paranapraia.com.br\/wp-content\/uploads\/2023\/07\/FB_IMG_1689098748487-1024x683.jpg 1024w, https:\/\/www.paranapraia.com.br\/wp-content\/uploads\/2023\/07\/FB_IMG_1689098748487-300x200.jpg 300w, https:\/\/www.paranapraia.com.br\/wp-content\/uploads\/2023\/07\/FB_IMG_1689098748487-768x512.jpg 768w, https:\/\/www.paranapraia.com.br\/wp-content\/uploads\/2023\/07\/FB_IMG_1689098748487-696x464.jpg 696w, https:\/\/www.paranapraia.com.br\/wp-content\/uploads\/2023\/07\/FB_IMG_1689098748487-1068x712.jpg 1068w, https:\/\/www.paranapraia.com.br\/wp-content\/uploads\/2023\/07\/FB_IMG_1689098748487-630x420.jpg 630w, https:\/\/www.paranapraia.com.br\/wp-content\/uploads\/2023\/07\/FB_IMG_1689098748487.jpg 1080w\" sizes=\"(max-width: 1024px) 100vw, 1024px\" \/><\/figure>\n\n\n\n<figure class=\"wp-block-image size-large\"><img loading=\"lazy\" decoding=\"async\" width=\"1024\" height=\"683\" data-id=\"51833\" src=\"https:\/\/www.paranapraia.com.br\/wp-content\/uploads\/2023\/07\/FB_IMG_1689098732271-1024x683.jpg\" alt=\"\" class=\"wp-image-51833\" srcset=\"https:\/\/www.paranapraia.com.br\/wp-content\/uploads\/2023\/07\/FB_IMG_1689098732271-1024x683.jpg 1024w, https:\/\/www.paranapraia.com.br\/wp-content\/uploads\/2023\/07\/FB_IMG_1689098732271-300x200.jpg 300w, https:\/\/www.paranapraia.com.br\/wp-content\/uploads\/2023\/07\/FB_IMG_1689098732271-768x512.jpg 768w, https:\/\/www.paranapraia.com.br\/wp-content\/uploads\/2023\/07\/FB_IMG_1689098732271-696x464.jpg 696w, https:\/\/www.paranapraia.com.br\/wp-content\/uploads\/2023\/07\/FB_IMG_1689098732271-1068x712.jpg 1068w, https:\/\/www.paranapraia.com.br\/wp-content\/uploads\/2023\/07\/FB_IMG_1689098732271-630x420.jpg 630w, https:\/\/www.paranapraia.com.br\/wp-content\/uploads\/2023\/07\/FB_IMG_1689098732271.jpg 1080w\" sizes=\"(max-width: 1024px) 100vw, 1024px\" \/><\/figure>\n\n\n\n<figure class=\"wp-block-image size-large\"><img loading=\"lazy\" decoding=\"async\" width=\"1024\" height=\"683\" data-id=\"51835\" src=\"https:\/\/www.paranapraia.com.br\/wp-content\/uploads\/2023\/07\/FB_IMG_1689098735949-1024x683.jpg\" alt=\"\" class=\"wp-image-51835\" srcset=\"https:\/\/www.paranapraia.com.br\/wp-content\/uploads\/2023\/07\/FB_IMG_1689098735949-1024x683.jpg 1024w, https:\/\/www.paranapraia.com.br\/wp-content\/uploads\/2023\/07\/FB_IMG_1689098735949-300x200.jpg 300w, https:\/\/www.paranapraia.com.br\/wp-content\/uploads\/2023\/07\/FB_IMG_1689098735949-768x512.jpg 768w, https:\/\/www.paranapraia.com.br\/wp-content\/uploads\/2023\/07\/FB_IMG_1689098735949-696x464.jpg 696w, https:\/\/www.paranapraia.com.br\/wp-content\/uploads\/2023\/07\/FB_IMG_1689098735949-1068x712.jpg 1068w, https:\/\/www.paranapraia.com.br\/wp-content\/uploads\/2023\/07\/FB_IMG_1689098735949-630x420.jpg 630w, https:\/\/www.paranapraia.com.br\/wp-content\/uploads\/2023\/07\/FB_IMG_1689098735949.jpg 1080w\" sizes=\"(max-width: 1024px) 100vw, 1024px\" \/><\/figure>\n\n\n\n<figure class=\"wp-block-image size-large\"><img loading=\"lazy\" decoding=\"async\" width=\"1024\" height=\"683\" data-id=\"51836\" src=\"https:\/\/www.paranapraia.com.br\/wp-content\/uploads\/2023\/07\/FB_IMG_1689098769432-1024x683.jpg\" alt=\"\" class=\"wp-image-51836\" srcset=\"https:\/\/www.paranapraia.com.br\/wp-content\/uploads\/2023\/07\/FB_IMG_1689098769432-1024x683.jpg 1024w, https:\/\/www.paranapraia.com.br\/wp-content\/uploads\/2023\/07\/FB_IMG_1689098769432-300x200.jpg 300w, https:\/\/www.paranapraia.com.br\/wp-content\/uploads\/2023\/07\/FB_IMG_1689098769432-768x512.jpg 768w, https:\/\/www.paranapraia.com.br\/wp-content\/uploads\/2023\/07\/FB_IMG_1689098769432-696x464.jpg 696w, https:\/\/www.paranapraia.com.br\/wp-content\/uploads\/2023\/07\/FB_IMG_1689098769432-1068x712.jpg 1068w, https:\/\/www.paranapraia.com.br\/wp-content\/uploads\/2023\/07\/FB_IMG_1689098769432-630x420.jpg 630w, https:\/\/www.paranapraia.com.br\/wp-content\/uploads\/2023\/07\/FB_IMG_1689098769432.jpg 1080w\" sizes=\"(max-width: 1024px) 100vw, 1024px\" \/><\/figure>\n<\/figure>\n\n\n\n<p>Assessoria<\/p>\n","protected":false},"excerpt":{"rendered":"<p>No domingo (9) a Prefeitura de Guaratuba realizou o exame de faixa do Karat\u00ea Shubu-do dos alunos do Projeto Kimono Kai\u00e7ara no Gin\u00e1sio de Esportes Governador Jos\u00e9 Richa. Fotos abaixo: Foram graduados 80 alunos que mostraram suas habilidades nos golpes de Karat\u00ea e alcan\u00e7aram a t\u00e3o esperada aprova\u00e7\u00e3o para troca de faixa. O evento contou [&hellip;]<\/p>\n","protected":false},"author":2,"featured_media":51832,"comment_status":"open","ping_status":"open","sticky":false,"template":"","format":"standard","meta":{"advanced_seo_description":"","jetpack_seo_html_title":"","jetpack_seo_noindex":false,"_jetpack_memberships_contains_paid_content":false,"footnotes":""},"categories":[40],"tags":[],"class_list":{"0":"post-51831","1":"post","2":"type-post","3":"status-publish","4":"format-standard","5":"has-post-thumbnail","7":"category-destaques"},"jetpack_featured_media_url":"https:\/\/www.paranapraia.com.br\/wp-content\/uploads\/2023\/07\/FB_IMG_1689098727114.jpg","jetpack_sharing_enabled":true,"_links":{"self":[{"href":"https:\/\/www.paranapraia.com.br\/index.php\/wp-json\/wp\/v2\/posts\/51831"}],"collection":[{"href":"https:\/\/www.paranapraia.com.br\/index.php\/wp-json\/wp\/v2\/posts"}],"about":[{"href":"https:\/\/www.paranapraia.com.br\/index.php\/wp-json\/wp\/v2\/types\/post"}],"author":[{"embeddable":true,"href":"https:\/\/www.paranapraia.com.br\/index.php\/wp-json\/wp\/v2\/users\/2"}],"replies":[{"embeddable":true,"href":"https:\/\/www.paranapraia.com.br\/index.php\/wp-json\/wp\/v2\/comments?post=51831"}],"version-history":[{"count":1,"href":"https:\/\/www.paranapraia.com.br\/index.php\/wp-json\/wp\/v2\/posts\/51831\/revisions"}],"predecessor-version":[{"id":51837,"href":"https:\/\/www.paranapraia.com.br\/index.php\/wp-json\/wp\/v2\/posts\/51831\/revisions\/51837"}],"wp:featuredmedia":[{"embeddable":true,"href":"https:\/\/www.paranapraia.com.br\/index.php\/wp-json\/wp\/v2\/media\/51832"}],"wp:attachment":[{"href":"https:\/\/www.paranapraia.com.br\/index.php\/wp-json\/wp\/v2\/media?parent=51831"}],"wp:term":[{"taxonomy":"category","embeddable":true,"href":"https:\/\/www.paranapraia.com.br\/index.php\/wp-json\/wp\/v2\/categories?post=51831"},{"taxonomy":"post_tag","embeddable":true,"href":"https:\/\/www.paranapraia.com.br\/index.php\/wp-json\/wp\/v2\/tags?post=51831"}],"curies":[{"name":"wp","href":"https:\/\/api.w.org\/{rel}","templated":true}]}}