{"id":51827,"date":"2023-07-11T15:01:10","date_gmt":"2023-07-11T18:01:10","guid":{"rendered":"https:\/\/www.paranapraia.com.br\/?p=51827"},"modified":"2023-07-11T15:01:11","modified_gmt":"2023-07-11T18:01:11","slug":"novo-video-da-bebe-foca-que-sobe-na-prancha-com-surfistas-encanta-a-web","status":"publish","type":"post","link":"https:\/\/www.paranapraia.com.br\/index.php\/2023\/07\/11\/novo-video-da-bebe-foca-que-sobe-na-prancha-com-surfistas-encanta-a-web\/","title":{"rendered":"Novo v\u00eddeo da beb\u00ea foca que sobe na prancha com surfistas encanta a web"},"content":{"rendered":"\n<p>Novo v\u00eddeo de uma beb\u00ea foca muito curiosa, subindo na prancha de uma surfista, viralizou e est\u00e1 correndo o mundo pelas redes sociais. O animalzinho super d\u00f3cil e soci\u00e1vel pega carona em uma praia bem popular na Calif\u00f3rnia (EUA) e at\u00e9 interage com os esportistas!<\/p>\n\n\n\n<p>A foquinha j\u00e1 ganhou at\u00e9 apelido de \u201cSammy\u201d, dado pelos moradores locais. Foi Ed Hartel, um piloto de drone que conseguiu capturar as fotos e v\u00eddeos do filhotinho no local.<\/p>\n\n\n\n<p>Apesar de ser brincalhona, ela esconde uma hist\u00f3ria triste. Surfistas disseram ter visto a m\u00e3e da foquinha ser atacada. Desde ent\u00e3o, ela fica na regi\u00e3o da costa procurando companhia.<\/p>\n\n\n\n<p>Surfista de primeira<\/p>\n\n\n\n<p>Os surfistas locais s\u00e3o s\u00f3 elogios para a beb\u00ea foca que sobe na prancha deles e se sente em casa. Ed Hartel, o piloto do drone conta como \u00e9 a intera\u00e7\u00e3o:\u201cEla rema, sobe na prancha deles e fica relaxando\u201d, disse Ed.<\/p>\n\n\n\n<p>Para o fot\u00f3grafo, o filhotinho parece tentar imitar o comportamento dos surfistas ao ca\u00edrem na \u00e1gua.\u201cEla ia at\u00e9 a ponta da prancha e ent\u00e3o se apoiava nas nadadeiras, erguendo a cabe\u00e7a como se quisesse aparecer\u201d, que fofura!<\/p>\n\n\n\n<p>Reincid\u00eancia<\/p>\n\n\n\n<p>A presen\u00e7a de Sammy na regi\u00e3o \u00e9 reincidente. A surfista Jenny Kim, que pega muitas ondas no local, j\u00e1 se encontrou com o filhote duas vezes.<\/p>\n\n\n\n<p>\u201cNa segunda vez eu tive que descer da prancha para dar espa\u00e7o a ele\u201d, explicou Jenny.Sammy tem se sentido cada vez mais confort\u00e1vel com as pessoas. \u201cEu estava na \u00e1gua com os bra\u00e7os sobre a prancha e ele continuou subindo em minha dire\u00e7\u00e3o tentando alcan\u00e7ar meu rosto e tocando minhas m\u00e3os com as nadadeiras\u201d, lembrou a surfista.<\/p>\n\n\n\n<p>V\u00eddeo viral<\/p>\n\n\n\n<p>O v\u00eddeo, compartilhado na internet, j\u00e1 foi assistido por mais de 300 mil pessoas.<\/p>\n\n\n\n<p>Nele \u00e9 poss\u00edvel ver Sammy invadindo as pranchas dos surfistas e pegando um solzinho, bem light. Eita foquinha atrevida! kkkkk<\/p>\n\n\n\n<p>Ningu\u00e9m toca nela<\/p>\n\n\n\n<p>Os surfistas t\u00eam um pacto, ningu\u00e9m toca na beb\u00ea Sammy.Isso \u00e9 para proteger e deixar a foquinha ter seu pr\u00f3prio espa\u00e7o.\u201cN\u00f3s n\u00e3o tocamos nela, deixamos fazer suas pr\u00f3prias coisas\u201d, disse Ed a uma esta\u00e7\u00e3o de r\u00e1dio local.<\/p>\n\n\n\n<p>Ajuda do SeaWorld<\/p>\n\n\n\n<p>O comportamento inusitado do animalzinho chamou a aten\u00e7\u00e3o.<\/p>\n\n\n\n<p>Preocupados com a sa\u00fade da beb\u00ea foca, os surfistas procuraram o SeaWorld. \u201cNossa equipe avaliou o animal e ele est\u00e1 saud\u00e1vel\u201d, disse Tracy Rahr, oficial do SeaWorld.Apesar dos surfistas acreditarem que a m\u00e3e da foca havia morrido, Tracy afirmou que n\u00e3o h\u00e1 registro de animais mortos na regi\u00e3o.<\/p>\n\n\n\n<p>A mulher explicou que as focas s\u00e3o sempre soci\u00e1veis e suas m\u00e3es frequentemente os deixam os filhotes sozinhos para irem ca\u00e7ar.<\/p>\n\n\n\n<p>Veja o v\u00eddeo dessa da foquinha que est\u00e1 conquistando o mundo humano!<\/p>\n\n\n\n<figure class=\"wp-block-video\"><video controls src=\"https:\/\/www.paranapraia.com.br\/wp-content\/uploads\/2023\/07\/Snaptik.app_7251230770130341146.mp4\"><\/video><\/figure>\n","protected":false},"excerpt":{"rendered":"<p>Novo v\u00eddeo de uma beb\u00ea foca muito curiosa, subindo na prancha de uma surfista, viralizou e est\u00e1 correndo o mundo pelas redes sociais. O animalzinho super d\u00f3cil e soci\u00e1vel pega carona em uma praia bem popular na Calif\u00f3rnia (EUA) e at\u00e9 interage com os esportistas! A foquinha j\u00e1 ganhou at\u00e9 apelido de \u201cSammy\u201d, dado pelos [&hellip;]<\/p>\n","protected":false},"author":2,"featured_media":51829,"comment_status":"open","ping_status":"open","sticky":false,"template":"","format":"standard","meta":{"advanced_seo_description":"","jetpack_seo_html_title":"","jetpack_seo_noindex":false,"_jetpack_memberships_contains_paid_content":false,"footnotes":""},"categories":[40],"tags":[],"class_list":{"0":"post-51827","1":"post","2":"type-post","3":"status-publish","4":"format-standard","5":"has-post-thumbnail","7":"category-destaques"},"jetpack_featured_media_url":"https:\/\/www.paranapraia.com.br\/wp-content\/uploads\/2023\/07\/IMG-20230711-WA0018.jpg","jetpack_sharing_enabled":true,"_links":{"self":[{"href":"https:\/\/www.paranapraia.com.br\/index.php\/wp-json\/wp\/v2\/posts\/51827"}],"collection":[{"href":"https:\/\/www.paranapraia.com.br\/index.php\/wp-json\/wp\/v2\/posts"}],"about":[{"href":"https:\/\/www.paranapraia.com.br\/index.php\/wp-json\/wp\/v2\/types\/post"}],"author":[{"embeddable":true,"href":"https:\/\/www.paranapraia.com.br\/index.php\/wp-json\/wp\/v2\/users\/2"}],"replies":[{"embeddable":true,"href":"https:\/\/www.paranapraia.com.br\/index.php\/wp-json\/wp\/v2\/comments?post=51827"}],"version-history":[{"count":1,"href":"https:\/\/www.paranapraia.com.br\/index.php\/wp-json\/wp\/v2\/posts\/51827\/revisions"}],"predecessor-version":[{"id":51830,"href":"https:\/\/www.paranapraia.com.br\/index.php\/wp-json\/wp\/v2\/posts\/51827\/revisions\/51830"}],"wp:featuredmedia":[{"embeddable":true,"href":"https:\/\/www.paranapraia.com.br\/index.php\/wp-json\/wp\/v2\/media\/51829"}],"wp:attachment":[{"href":"https:\/\/www.paranapraia.com.br\/index.php\/wp-json\/wp\/v2\/media?parent=51827"}],"wp:term":[{"taxonomy":"category","embeddable":true,"href":"https:\/\/www.paranapraia.com.br\/index.php\/wp-json\/wp\/v2\/categories?post=51827"},{"taxonomy":"post_tag","embeddable":true,"href":"https:\/\/www.paranapraia.com.br\/index.php\/wp-json\/wp\/v2\/tags?post=51827"}],"curies":[{"name":"wp","href":"https:\/\/api.w.org\/{rel}","templated":true}]}}