{"id":51824,"date":"2023-07-11T14:46:02","date_gmt":"2023-07-11T17:46:02","guid":{"rendered":"https:\/\/www.paranapraia.com.br\/?p=51824"},"modified":"2023-07-11T14:46:18","modified_gmt":"2023-07-11T17:46:18","slug":"iat-oferece-75-vagas-para-qualificacao-profissional-em-construcao-civil-no-litoral","status":"publish","type":"post","link":"https:\/\/www.paranapraia.com.br\/index.php\/2023\/07\/11\/iat-oferece-75-vagas-para-qualificacao-profissional-em-construcao-civil-no-litoral\/","title":{"rendered":"IAT oferece 75 vagas para qualifica\u00e7\u00e3o profissional em constru\u00e7\u00e3o civil no Litoral"},"content":{"rendered":"\n<p><em>Medida \u00e9 um benef\u00edcio social e integra o Programa de Capacita\u00e7\u00e3o Profissional desenvolvido pelo Instituto \u00c1gua e Terra em parceria com o Senai. Est\u00e3o dentro do pacote de a\u00e7\u00f5es locais das obras de revitaliza\u00e7\u00e3o da orla da cidade. Inscri\u00e7\u00f5es s\u00e3o gratuitas.<\/em><\/p>\n\n\n\n<p>O Governo do Estado ampliou a oferta de qualifica\u00e7\u00e3o profissional para a comunidade de Matinhos, no Litoral do Paran\u00e1. Ser\u00e3o mais 75 vagas para tr\u00eas cursos t\u00e9cnicos gratuitos na \u00e1rea da constru\u00e7\u00e3o civil.<\/p>\n\n\n\n<p> A medida \u00e9 um benef\u00edcio social e integra o Programa de Capacita\u00e7\u00e3o Profissional desenvolvido pelo Instituto \u00c1gua e Terra (IAT), em parceria com o Servi\u00e7o Nacional de Aprendizagem Industrial (Senai), dentro do pacote de a\u00e7\u00f5es locais das obras de revitaliza\u00e7\u00e3o da Orla de Matinhos.<\/p>\n\n\n\n<p>Outras sete qualifica\u00e7\u00f5es j\u00e1 foram conclu\u00eddas entre os meses de abril e maio.<\/p>\n\n\n\n<p>Nesta nova leva, s\u00e3o 25 vagas dispon\u00edveis em cada curso. A primeira capacita\u00e7\u00e3o \u00e9 para T\u00e9cnicas de Constru\u00e7\u00e3o Civil em Alvenaria, entre os dias 17 e 25 de agosto. Na sequ\u00eancia, haver\u00e1 aulas de Pintura de Obras, entre 25 de agosto e 6 de outubro. J\u00e1 de 9 de outubro a 14 de novembro ocorre o curso de Instala\u00e7\u00f5es Hidr\u00e1ulicas Prediais.<\/p>\n\n\n\n<p> As aulas ser\u00e3o no sempre per\u00edodo noturno, \u00e0s segundas, quartas e sextas-feiras, no Centro Comunit\u00e1rio Profissionalizante (CPP). As inscri\u00e7\u00f5es s\u00e3o gratuitas e devem ser realizadas diretamente no pr\u00f3prio CPP.Outros cursos est\u00e3o previstos para ocorrer at\u00e9 outubro de 2024, de acordo com a programa\u00e7\u00e3o do IAT.<\/p>\n\n\n\n<p> A previs\u00e3o \u00e9 que 16 \u00e1reas de atua\u00e7\u00e3o profissional sejam contempladas, envolvendo servi\u00e7os como marcenaria, obras civis, atendimento ao turista, inform\u00e1tica, hotelaria, gastronomia, entre outros. Mais informa\u00e7\u00f5es podem ser obtidas pelo telefone (41) 3452-8050.<\/p>\n\n\n\n<p>OBRA \u2013 A revitaliza\u00e7\u00e3o da Orla de Matinhos atingiu 80% de conclus\u00e3o e deve ser entregue para a popula\u00e7\u00e3o at\u00e9 o segundo semestre de 2024, com investimento de R$ 314,9 milh\u00f5es por parte do Governo do Estado. <\/p>\n\n\n\n<p>Abrange servi\u00e7os de engorda da faixa de areia por meio de aterro hidr\u00e1ulico; estruturas mar\u00edtimas semirr\u00edgidas; canais de macrodrenagem e redes de microdrenagem e revitaliza\u00e7\u00e3o urban\u00edstica da orla mar\u00edtima com o plantio de esp\u00e9cies nativas.<\/p>\n\n\n\n<p>O projeto \u00e9 acompanhado de melhorias na pavimenta\u00e7\u00e3o asf\u00e1ltica e recupera\u00e7\u00e3o de vias urbanas. O objetivo \u00e9 minimizar os impactos gerados pela combina\u00e7\u00e3o do desequil\u00edbrio de sedimentos, ocupa\u00e7\u00f5es mal planejadas e fen\u00f4menos naturais, como chuvas fortes e ressacas que costumeiramente atingem o Litoral. <\/p>\n\n\n\n<p>Essa combina\u00e7\u00e3o vem destruindo e comprometendo boa parte da infraestrutura urbana, tur\u00edstica e de lazer em Matinhos.<\/p>\n\n\n\n<p>As interven\u00e7\u00f5es s\u00e3o feitas ao longo de 6,3 quil\u00f4metros entre o Morro do Boi e o Balne\u00e1rio Fl\u00f3rida. Haver\u00e1, ainda, a instala\u00e7\u00e3o de novos equipamentos urbanos, como ciclovia, pista de caminhada e corrida, pista de acessibilidade e cal\u00e7ada. <\/p>\n\n\n\n<p>Em uma segunda etapa, ainda sem previs\u00e3o de data, ser\u00e1 recuperado o trecho de 1,7 quil\u00f4metro entre os balne\u00e1rios Fl\u00f3rida e Saint Etienne.<\/p>\n\n\n\n<p>Servi\u00e7o:<\/p>\n\n\n\n<p>Inscri\u00e7\u00e3o para novos cursos oferecidos pelo IAT em Matinhos<\/p>\n\n\n\n<p>T\u00e9cnicas de Constru\u00e7\u00e3o Civil em Alvenaria \u2013 aulas de 17 de julho a 25 de agosto<\/p>\n\n\n\n<p>Pintura de Obras \u2013 aulas de 25 de agosto a 6 de outubro<\/p>\n\n\n\n<p>Instala\u00e7\u00f5es Hidr\u00e1ulicas Prediais \u2013 aulas 9 de outubro a 14 de novembro<\/p>\n\n\n\n<p>Local: Centro Comunit\u00e1rio Profissionalizante (CCP) Vereador M\u00e1rio Braga, na Av. Paran\u00e1, 462, bairro Tabuleiro, Matinhos<\/p>\n\n\n\n<p>Inscri\u00e7\u00f5es Gratuitas. Carga hor\u00e1ria de 80 horas<\/p>\n\n\n\n<p>Assessoria<\/p>\n","protected":false},"excerpt":{"rendered":"<p>Medida \u00e9 um benef\u00edcio social e integra o Programa de Capacita\u00e7\u00e3o Profissional desenvolvido pelo Instituto \u00c1gua e Terra em parceria com o Senai. Est\u00e3o dentro do pacote de a\u00e7\u00f5es locais das obras de revitaliza\u00e7\u00e3o da orla da cidade. Inscri\u00e7\u00f5es s\u00e3o gratuitas. O Governo do Estado ampliou a oferta de qualifica\u00e7\u00e3o profissional para a comunidade de [&hellip;]<\/p>\n","protected":false},"author":2,"featured_media":51825,"comment_status":"open","ping_status":"open","sticky":false,"template":"","format":"standard","meta":{"advanced_seo_description":"","jetpack_seo_html_title":"","jetpack_seo_noindex":false,"_jetpack_memberships_contains_paid_content":false,"footnotes":""},"categories":[40],"tags":[],"class_list":{"0":"post-51824","1":"post","2":"type-post","3":"status-publish","4":"format-standard","5":"has-post-thumbnail","7":"category-destaques"},"jetpack_featured_media_url":"https:\/\/www.paranapraia.com.br\/wp-content\/uploads\/2023\/07\/cursos_4-scaled.jpg","jetpack_sharing_enabled":true,"_links":{"self":[{"href":"https:\/\/www.paranapraia.com.br\/index.php\/wp-json\/wp\/v2\/posts\/51824"}],"collection":[{"href":"https:\/\/www.paranapraia.com.br\/index.php\/wp-json\/wp\/v2\/posts"}],"about":[{"href":"https:\/\/www.paranapraia.com.br\/index.php\/wp-json\/wp\/v2\/types\/post"}],"author":[{"embeddable":true,"href":"https:\/\/www.paranapraia.com.br\/index.php\/wp-json\/wp\/v2\/users\/2"}],"replies":[{"embeddable":true,"href":"https:\/\/www.paranapraia.com.br\/index.php\/wp-json\/wp\/v2\/comments?post=51824"}],"version-history":[{"count":1,"href":"https:\/\/www.paranapraia.com.br\/index.php\/wp-json\/wp\/v2\/posts\/51824\/revisions"}],"predecessor-version":[{"id":51826,"href":"https:\/\/www.paranapraia.com.br\/index.php\/wp-json\/wp\/v2\/posts\/51824\/revisions\/51826"}],"wp:featuredmedia":[{"embeddable":true,"href":"https:\/\/www.paranapraia.com.br\/index.php\/wp-json\/wp\/v2\/media\/51825"}],"wp:attachment":[{"href":"https:\/\/www.paranapraia.com.br\/index.php\/wp-json\/wp\/v2\/media?parent=51824"}],"wp:term":[{"taxonomy":"category","embeddable":true,"href":"https:\/\/www.paranapraia.com.br\/index.php\/wp-json\/wp\/v2\/categories?post=51824"},{"taxonomy":"post_tag","embeddable":true,"href":"https:\/\/www.paranapraia.com.br\/index.php\/wp-json\/wp\/v2\/tags?post=51824"}],"curies":[{"name":"wp","href":"https:\/\/api.w.org\/{rel}","templated":true}]}}