{"id":51820,"date":"2023-07-11T14:40:03","date_gmt":"2023-07-11T17:40:03","guid":{"rendered":"https:\/\/www.paranapraia.com.br\/?p=51820"},"modified":"2023-07-11T14:40:04","modified_gmt":"2023-07-11T17:40:04","slug":"dirigentes-municipais-de-educacao-participam-de-formacao-em-gestao-publica-em-matinhos","status":"publish","type":"post","link":"https:\/\/www.paranapraia.com.br\/index.php\/2023\/07\/11\/dirigentes-municipais-de-educacao-participam-de-formacao-em-gestao-publica-em-matinhos\/","title":{"rendered":"Dirigentes municipais de Educa\u00e7\u00e3o participam de forma\u00e7\u00e3o em gest\u00e3o p\u00fablica, em Matinhos"},"content":{"rendered":"\n<p><em>Encontro tem como objetivo fortalecer habilidades t\u00e9cnicas dos profissionais nas \u00e1reas de educa\u00e7\u00e3o, gest\u00e3o administrativa, or\u00e7ament\u00e1ria, financeira, recursos humanos, insumos e log\u00edstica<\/em><\/p>\n\n\n\n<p>Caderno, caneta, sala de aula e carteira. Dirigentes municipais de Educa\u00e7\u00e3o do litoral paranaense voltam para as salas de aula, juntos, a partir da pr\u00f3xima segunda-feira, dia 10 de julho. <\/p>\n\n\n\n<p>Sete dos munic\u00edpios do litoral buscar\u00e3o fortalecer habilidades t\u00e9cnicas nas \u00e1reas de educa\u00e7\u00e3o, gest\u00e3o administrativa, or\u00e7ament\u00e1rio-financeira, recursos humanos, insumos e log\u00edstica. O encontro t\u00e9cnico faz parte do projeto &#8220;Vamos Fazer essa Conta Juntos&#8221;, do Arranjo de Desenvolvimento da Educa\u00e7\u00e3o (ADE) Litoral Paranaense, em parceria com Instituto Positivo e com os  munic\u00edpios de  Antonina, Guaraque\u00e7aba, Guaratuba, Matinhos, Morretes, Paranagu\u00e1 e Pontal do Paran\u00e1.<\/p>\n\n\n\n<figure class=\"wp-block-image size-large\"><img loading=\"lazy\" decoding=\"async\" width=\"1024\" height=\"768\" src=\"https:\/\/www.paranapraia.com.br\/wp-content\/uploads\/2023\/07\/foto1-1024x768.jpeg\" alt=\"\" class=\"wp-image-51822\" srcset=\"https:\/\/www.paranapraia.com.br\/wp-content\/uploads\/2023\/07\/foto1-1024x768.jpeg 1024w, https:\/\/www.paranapraia.com.br\/wp-content\/uploads\/2023\/07\/foto1-300x225.jpeg 300w, https:\/\/www.paranapraia.com.br\/wp-content\/uploads\/2023\/07\/foto1-768x576.jpeg 768w, https:\/\/www.paranapraia.com.br\/wp-content\/uploads\/2023\/07\/foto1-80x60.jpeg 80w, https:\/\/www.paranapraia.com.br\/wp-content\/uploads\/2023\/07\/foto1-265x198.jpeg 265w, https:\/\/www.paranapraia.com.br\/wp-content\/uploads\/2023\/07\/foto1-696x522.jpeg 696w, https:\/\/www.paranapraia.com.br\/wp-content\/uploads\/2023\/07\/foto1-1068x801.jpeg 1068w, https:\/\/www.paranapraia.com.br\/wp-content\/uploads\/2023\/07\/foto1-560x420.jpeg 560w, https:\/\/www.paranapraia.com.br\/wp-content\/uploads\/2023\/07\/foto1-scaled.jpeg 1200w\" sizes=\"(max-width: 1024px) 100vw, 1024px\" \/><\/figure>\n\n\n\n<p>O projeto pretende colaborar no estudo de processos administrativos, para adequar a gest\u00e3o da Educa\u00e7\u00e3o, priorizando o direito de aprendizagem dos estudantes. Juntos, os participantes do ADE discutiram o atual contexto da Educa\u00e7\u00e3o brasileira e definiram algumas tem\u00e1ticas para aprofundamento ao longo de 2023. <\/p>\n\n\n\n<p>Entre capacita\u00e7\u00f5es, reuni\u00f5es t\u00e9cnicas e ferramentas, ser\u00e3o nove encontros ao longo deste ano para tirar d\u00favidas e colocar em pr\u00e1tica as decis\u00f5es tomadas a partir dessas reuni\u00f5es.<\/p>\n\n\n\n<p>De acordo com Cristiane da Fonseca, coordenadora de de implanta\u00e7\u00e3o de projetos do Instituto Positivo, essas iniciativas colaborativas fortalecem ainda mais os secret\u00e1rios municipais de Educa\u00e7\u00e3o e suas equipes t\u00e9cnicas.<\/p>\n\n\n\n<p> &#8220;Elas promovem a troca de experi\u00eancias, bem como a transfer\u00eancia de conhecimentos t\u00e9cnicos sobre o novo cen\u00e1rio da educa\u00e7\u00e3o&#8221;, afirma. &#8220;N\u00f3s selamos o compromisso social de estarmos juntos para fazer o melhor por uma educa\u00e7\u00e3o de qualidade para nosso litoral&#8221;, afirma.<\/p>\n\n\n\n<p>Desde 2022, os munic\u00edpios que comp\u00f5em a Associa\u00e7\u00e3o dos Munic\u00edpios do Litoral Paranaense t\u00eam atuado em forma de Arranjo, pensando e planejando a\u00e7\u00f5es conjuntas para o desenvolvimento de uma educa\u00e7\u00e3o com equidade. Ou seja, que todos os estudantes avancem juntos e com qualidade. Para isso, foram elencadas metas priorit\u00e1rias a serem trabalhadas no territ\u00f3rio, por meio do diagn\u00f3stico territorial.<\/p>\n\n\n\n<p> &#8220;Todas as tem\u00e1ticas do projeto foram constitu\u00eddas pelo grupo formado por secret\u00e1rios de educa\u00e7\u00e3o, equipes t\u00e9cnicas e Instituto Positivo, de forma coletiva&#8221;, lembra Cristiane.<\/p>\n\n\n\n<p>Para Adriana Assump\u00e7\u00e3o, secret\u00e1ria de Educa\u00e7\u00e3o de Morretes, a participa\u00e7\u00e3o no ADE Litoral tem sido muito importante. Durante os encontros h\u00e1 muita an\u00e1lise e reflex\u00e3o sobre os pontos fracos e necess\u00e1rios para mudar. &#8220;Iniciamos os encontros com objetivo de unir for\u00e7as e melhorar \u00edndices da regi\u00e3o. E agora, com as atualiza\u00e7\u00f5es das legisla\u00e7\u00f5es educacionais, em que se procura dirimir as desigualdades sociais, o ADE Litoral passa a ter uma import\u00e2ncia ainda maior&#8221;, afirma.<\/p>\n\n\n\n<p> &#8220;Ele mostra tamb\u00e9m que as forma\u00e7\u00f5es que est\u00e3o acontecendo promover\u00e3o um fortalecimento a todos os envolvidos diretamente nas equipes diretivas das redes municipais de ensino, para que estes entendam e assumam o compromisso para uma educa\u00e7\u00e3o de qualidade&#8221;, afirma.<\/p>\n\n\n\n<p>Compreendendo as novas orienta\u00e7\u00f5es nacionais para melhorar a educa\u00e7\u00e3o<\/p>\n\n\n\n<p>De acordo com Cristiane da Fonseca, o projeto &#8220;Vamos fazer essa conta juntos?&#8221; \u00e9 uma iniciativa necess\u00e1ria e importante porque contar\u00e1 com eventos coletivos e tamb\u00e9m individuais, al\u00e9m de convidar para o di\u00e1logo outras secretarias que tenham interface com a Educa\u00e7\u00e3o. <\/p>\n\n\n\n<p>&#8220;A expectativa \u00e9 grande para que possamos, juntos, somar for\u00e7as e fortalecer a realidade atual&#8221;, avalia.Para Tenile Xavier, secret\u00e1ria de Educa\u00e7\u00e3o de Paranagu\u00e1, as expectativas quanto \u00e0 participa\u00e7\u00e3o no projeto s\u00e3o positivas, visto a relev\u00e2ncia do tema. &#8220;As quest\u00f5es financeiras e econ\u00f4micas s\u00e3o pontos sens\u00edveis quando se trata do setor p\u00fablico. Portanto, essa iniciativa ocorre em momento oportuno para que possamos juntos, refletir e agir na organiza\u00e7\u00e3o or\u00e7ament\u00e1ria&#8221;, afirma. <\/p>\n\n\n\n<p>&#8220;Acredito que o diferencial do projeto Vamos fazer essa conta juntos? \u00c9 a possibilidade de olhar os pr\u00f3prios indicadores para que eles auxiliem nas tomadas de decis\u00f5es, assim como,aprofundar e tra\u00e7ar um panorama a partir da nossa realidade, com o objetivo de avan\u00e7ar financeira e economicamente&#8221;, promete.<\/p>\n\n\n\n<p>O que s\u00e3o os ADEs?<\/p>\n\n\n\n<p>Os Arranjos de Desenvolvimento da Educa\u00e7\u00e3o (ADEs) s\u00e3o um modelo de trabalho em rede, no qual um grupo de munic\u00edpios com proximidade geogr\u00e1fica e caracter\u00edsticas sociais e educacionais semelhantes buscam trocar experi\u00eancias, planejar e trabalhar em conjunto &#8211; e n\u00e3o mais isoladamente, somando esfor\u00e7os, recursos e compet\u00eancias para solucionar conjuntamente as dificuldades na \u00e1rea da Educa\u00e7\u00e3o. <\/p>\n\n\n\n<p>A proposta dos Arranjos foi homologada pelo MEC em 2011, e inclu\u00edda como uma op\u00e7\u00e3o para o alcance de metas e estrat\u00e9gias previstas no Plano Nacional de Educa\u00e7\u00e3o, aprovado em 2014 (art. 7.\u00ba, par\u00e1grafo 7.\u00ba). <\/p>\n\n\n\n<p>Instituto Positivo<\/p>\n\n\n\n<p>O Instituto Positivo (IP) foi criado em 2012 para fazer a gest\u00e3o do investimento social de todo o Grupo Positivo em favor da comunidade. A miss\u00e3o do Instituto Positivo \u00e9 contribuir para a melhoria da qualidade da Educa\u00e7\u00e3o P\u00fablica do Brasil por meio do incentivo ao Regime de Colabora\u00e7\u00e3o. <\/p>\n\n\n\n<p>Para tornar isso poss\u00edvel, o IP incentiva e apoia a implanta\u00e7\u00e3o de Arranjos de Desenvolvimento da Educa\u00e7\u00e3o (ADE) em todo o pa\u00eds, desenvolve pesquisas e publica\u00e7\u00f5es sobre o tema e participa de discuss\u00f5es em inst\u00e2ncias como MEC, CNE, Senado e C\u00e2mara de Deputados a fim de contribuir em propostas de lei e resolu\u00e7\u00f5es que favore\u00e7am esse modelo de Regime de Colabora\u00e7\u00e3o.<\/p>\n\n\n\n<p> O Instituto tamb\u00e9m \u00e9 respons\u00e1vel pela gest\u00e3o do Centro de Educa\u00e7\u00e3o Infantil Maria Am\u00e9lia, em Curitiba, que atende gratuitamente cerca de 100 crian\u00e7as em situa\u00e7\u00e3o de vulnerabilidade social. Para ter mais informa\u00e7\u00f5es, acesse o site do Instituto Positivo: instituto.positivo.com.br.<\/p>\n\n\n\n<p>Assessoria<\/p>\n","protected":false},"excerpt":{"rendered":"<p>Encontro tem como objetivo fortalecer habilidades t\u00e9cnicas dos profissionais nas \u00e1reas de educa\u00e7\u00e3o, gest\u00e3o administrativa, or\u00e7ament\u00e1ria, financeira, recursos humanos, insumos e log\u00edstica Caderno, caneta, sala de aula e carteira. Dirigentes municipais de Educa\u00e7\u00e3o do litoral paranaense voltam para as salas de aula, juntos, a partir da pr\u00f3xima segunda-feira, dia 10 de julho. Sete dos munic\u00edpios [&hellip;]<\/p>\n","protected":false},"author":2,"featured_media":51821,"comment_status":"open","ping_status":"open","sticky":false,"template":"","format":"standard","meta":{"advanced_seo_description":"","jetpack_seo_html_title":"","jetpack_seo_noindex":false,"_jetpack_memberships_contains_paid_content":false,"footnotes":""},"categories":[40],"tags":[],"class_list":{"0":"post-51820","1":"post","2":"type-post","3":"status-publish","4":"format-standard","5":"has-post-thumbnail","7":"category-destaques"},"jetpack_featured_media_url":"https:\/\/www.paranapraia.com.br\/wp-content\/uploads\/2023\/07\/foto3-scaled.jpeg","jetpack_sharing_enabled":true,"_links":{"self":[{"href":"https:\/\/www.paranapraia.com.br\/index.php\/wp-json\/wp\/v2\/posts\/51820"}],"collection":[{"href":"https:\/\/www.paranapraia.com.br\/index.php\/wp-json\/wp\/v2\/posts"}],"about":[{"href":"https:\/\/www.paranapraia.com.br\/index.php\/wp-json\/wp\/v2\/types\/post"}],"author":[{"embeddable":true,"href":"https:\/\/www.paranapraia.com.br\/index.php\/wp-json\/wp\/v2\/users\/2"}],"replies":[{"embeddable":true,"href":"https:\/\/www.paranapraia.com.br\/index.php\/wp-json\/wp\/v2\/comments?post=51820"}],"version-history":[{"count":1,"href":"https:\/\/www.paranapraia.com.br\/index.php\/wp-json\/wp\/v2\/posts\/51820\/revisions"}],"predecessor-version":[{"id":51823,"href":"https:\/\/www.paranapraia.com.br\/index.php\/wp-json\/wp\/v2\/posts\/51820\/revisions\/51823"}],"wp:featuredmedia":[{"embeddable":true,"href":"https:\/\/www.paranapraia.com.br\/index.php\/wp-json\/wp\/v2\/media\/51821"}],"wp:attachment":[{"href":"https:\/\/www.paranapraia.com.br\/index.php\/wp-json\/wp\/v2\/media?parent=51820"}],"wp:term":[{"taxonomy":"category","embeddable":true,"href":"https:\/\/www.paranapraia.com.br\/index.php\/wp-json\/wp\/v2\/categories?post=51820"},{"taxonomy":"post_tag","embeddable":true,"href":"https:\/\/www.paranapraia.com.br\/index.php\/wp-json\/wp\/v2\/tags?post=51820"}],"curies":[{"name":"wp","href":"https:\/\/api.w.org\/{rel}","templated":true}]}}