{"id":51812,"date":"2023-07-11T11:13:19","date_gmt":"2023-07-11T14:13:19","guid":{"rendered":"https:\/\/www.paranapraia.com.br\/?p=51812"},"modified":"2023-07-11T11:13:49","modified_gmt":"2023-07-11T14:13:49","slug":"ferias-de-julho-e-festivais-lotam-hoteis-e-aquecem-a-economia-do-litoral-do-parana","status":"publish","type":"post","link":"https:\/\/www.paranapraia.com.br\/index.php\/2023\/07\/11\/ferias-de-julho-e-festivais-lotam-hoteis-e-aquecem-a-economia-do-litoral-do-parana\/","title":{"rendered":"F\u00e9rias de julho e festivais lotam hot\u00e9is e aquecem a economia do Litoral do Paran\u00e1"},"content":{"rendered":"\n<p><em>M\u00eas come\u00e7ou quente, com atra\u00e7\u00f5es como Festival de Inverno &#8211; Jogos da Natureza. Programa\u00e7\u00e3o se estende at\u00e9 o fim de julho com festas religiosas, festa julina, caminhadas na natureza e eventos de pesca e de esportes n\u00e1uticos.<\/em><\/p>\n\n\n\n<p>As f\u00e9rias escolares de julho impactam as cidades do Litoral do Paran\u00e1, que recebem o Festival de Inverno e em alguns dias chegam a registrar movimento de alta temporada.<\/p>\n\n\n\n<p> O tempo carrancudo, com pouco sol, n\u00e3o intimida turistas das mais diversas regi\u00f5es do Paran\u00e1 e tamb\u00e9m de outros estados que chegam para desfrutar as v\u00e1rias op\u00e7\u00f5es de lazer que a regi\u00e3o oferece nesta \u00e9poca do ano, principalmente, para as fam\u00edlias.\u201cEstamos com todos os leitos ocupados\u201d, disse Bruno Moraes, propriet\u00e1rio do Hotel Cabana Su\u00ed\u00e7a, o mais antigo de Guaratuba.<\/p>\n\n\n\n<p> \u201cH\u00e1 alguns eventos no inverno que colaboram muito com o desenvolvimento do nosso Litoral. Aquecem a economia e garantem a ocupa\u00e7\u00e3o tamb\u00e9m durante a semana\u201d.<\/p>\n\n\n\n<p>A movimenta\u00e7\u00e3o foi intensa no grupo de empres\u00e1rios do qual faz parte j\u00e1 neste final de semana, o primeiro do Festival, que contou com competi\u00e7\u00f5es de BMX, pesca embarcada, kart, triathlon, canoagem, patina\u00e7\u00e3o, balonismo, beach tennis e taekwondo. \u201cUm ajudando o outro para acomodar visitantes que procuravam vagas nas pousadas e hot\u00e9is lotados. A gente se ajuda e ningu\u00e9m fica na m\u00e3o\u201d, prosseguiu.<\/p>\n\n\n\n<p>Ele refor\u00e7ou a import\u00e2ncia dos investimentos do Governo do Estado e falou sobre as expectativas promissoras para o turismo no Litoral. O empres\u00e1rio destacou o alargamento da faixa de areia da Praia de Matinhos e a futura Ponte de Guaratuba. Entende que se um munic\u00edpio cresce os outros seguem o mesmo caminho. \u201cIsso vai gerar um grande retorno para a regi\u00e3o, atraindo investidores e mais turistas. E o mais interessante \u00e9 essa vis\u00e3o do governo estadual, sempre buscando o crescimento alinhado \u00e0 conserva\u00e7\u00e3o da natureza. \u00c9 o futuro\u201d, complementou.<\/p>\n\n\n\n<p>O secret\u00e1rio estadual do Turismo, M\u00e1rcio Nunes, lembra que com as temperaturas mais baixas os festivais de inverno do Litoral unem a atmosfera aconchegante ao cen\u00e1rio prop\u00edcio para eventos culturais, esportivos e gastron\u00f4micos, al\u00e9m da tranquilidade das praias e as belezas naturais da regi\u00e3o. <\/p>\n\n\n\n<p>\u201cO m\u00eas de julho tem sido intenso, com o com\u00e9rcio movimentado, hot\u00e9is com ocupa\u00e7\u00e3o m\u00e1xima e fam\u00edlias caminhando nas cal\u00e7adas cheias de sacolas de compras\u201d, afirmou.<\/p>\n\n\n\n<p>A regi\u00e3o est\u00e1 movimentada desde o in\u00edcio do m\u00eas. No \u00faltimo fim de semana, por exemplo, o fluxo de visitantes foi intenso em Guaratuba, Paranagu\u00e1 e Pontal do Paran\u00e1. Os eventos esportivos ajudaram a atrair os visitantes. O Campeonato Sul Brasileiro de Pesca Esportiva (Guaratuba) e os Jogos da Natureza (Paranagu\u00e1) esquentaram o Festival de Inverno, que teve Festa da Tainha, comida cai\u00e7ara, prova de kart, shows de motos e muitas atra\u00e7\u00f5es musicais.<\/p>\n\n\n\n<p>Quem se entusiasmou com o movimento do \u00faltimo fim de semana foi a feirante In\u00eas Aizawa, de Paranagu\u00e1. H\u00e1 mais de 20 anos na feira dos agricultores e de outras associa\u00e7\u00f5es de agricultura familiar, ela e a fam\u00edlia quase n\u00e3o venciam atender todos os pedidos na arena montada para os jogos.<\/p>\n\n\n\n<p>\u201cEsses eventos s\u00e3o de grande ajuda porque divulgam o nosso trabalho, aumentam o n\u00famero de turistas na cidade e a renda familiar\u201d, comentou.<\/p>\n\n\n\n<p>ATRA\u00c7\u00d5ES \u2013 Os pr\u00f3ximos dias ser\u00e3o intensos no Litoral. De 14 a 23 de julho Guaratuba recebe a Festa do Divino. Em Paranagu\u00e1, as atividades de comemora\u00e7\u00e3o aos 375 anos da cidade incluem a 6\u00aa Caminhada da Natureza \u2013 Circuito Serra da Prata, no dia 16; e a Fejupa \u2013 Festa Julina de Paranagu\u00e1 \u2013 que acontece entre os dias 21 e 29 de julho. <\/p>\n\n\n\n<p>Antonina tem a Festa do Bom Jesus do Saiv\u00e1 de 28 de julho a 6 de agosto e a Ilha do Mel se prepara para receber as fam\u00edlias na Lobafest, evento n\u00e1utico, esportivo, de entretenimento, cultural e art\u00edstico.<\/p>\n\n\n\n<p>Al\u00e9m disso, Antonina, Guaraque\u00e7aba, Matinhos, Guaratuba, Pontal do Paran\u00e1 e Ilha do Mel s\u00e3o destinos populares para turistas, com op\u00e7\u00f5es para todos os gostos, desde praias mais movimentadas e urbanizadas at\u00e9 ambientes mais tranquilos e preservados.<\/p>\n\n\n\n<p> Todos os segmentos tur\u00edsticos s\u00e3o movimentados nessa \u00e9poca do ano.\u00c9 poss\u00edvel aproveitar passeios de barco, percorrer trilhas ecol\u00f3gicas, observar aves e praticar pesca esportiva. <\/p>\n\n\n\n<p>Mas quem ainda pensa em viajar antes da volta \u00e0s aulas, \u00e9 preciso se programar com alguns dias de anteced\u00eancia para evitar dificuldade em encontrar acomoda\u00e7\u00f5es, principalmente nos fins de semana, quando acontecem os eventos do festival e os hot\u00e9is est\u00e3o lotados.<\/p>\n\n\n\n<p>Julho tamb\u00e9m tem diversas atra\u00e7\u00f5es em outros locais. Confira a agenda completa AQUI.<\/p>\n","protected":false},"excerpt":{"rendered":"<p>M\u00eas come\u00e7ou quente, com atra\u00e7\u00f5es como Festival de Inverno &#8211; Jogos da Natureza. Programa\u00e7\u00e3o se estende at\u00e9 o fim de julho com festas religiosas, festa julina, caminhadas na natureza e eventos de pesca e de esportes n\u00e1uticos. As f\u00e9rias escolares de julho impactam as cidades do Litoral do Paran\u00e1, que recebem o Festival de Inverno [&hellip;]<\/p>\n","protected":false},"author":2,"featured_media":51813,"comment_status":"open","ping_status":"open","sticky":false,"template":"","format":"standard","meta":{"advanced_seo_description":"","jetpack_seo_html_title":"","jetpack_seo_noindex":false,"_jetpack_memberships_contains_paid_content":false,"footnotes":""},"categories":[40],"tags":[],"class_list":{"0":"post-51812","1":"post","2":"type-post","3":"status-publish","4":"format-standard","5":"has-post-thumbnail","7":"category-destaques"},"jetpack_featured_media_url":"https:\/\/www.paranapraia.com.br\/wp-content\/uploads\/2023\/07\/20230708_104343-scaled.jpg","jetpack_sharing_enabled":true,"_links":{"self":[{"href":"https:\/\/www.paranapraia.com.br\/index.php\/wp-json\/wp\/v2\/posts\/51812"}],"collection":[{"href":"https:\/\/www.paranapraia.com.br\/index.php\/wp-json\/wp\/v2\/posts"}],"about":[{"href":"https:\/\/www.paranapraia.com.br\/index.php\/wp-json\/wp\/v2\/types\/post"}],"author":[{"embeddable":true,"href":"https:\/\/www.paranapraia.com.br\/index.php\/wp-json\/wp\/v2\/users\/2"}],"replies":[{"embeddable":true,"href":"https:\/\/www.paranapraia.com.br\/index.php\/wp-json\/wp\/v2\/comments?post=51812"}],"version-history":[{"count":1,"href":"https:\/\/www.paranapraia.com.br\/index.php\/wp-json\/wp\/v2\/posts\/51812\/revisions"}],"predecessor-version":[{"id":51814,"href":"https:\/\/www.paranapraia.com.br\/index.php\/wp-json\/wp\/v2\/posts\/51812\/revisions\/51814"}],"wp:featuredmedia":[{"embeddable":true,"href":"https:\/\/www.paranapraia.com.br\/index.php\/wp-json\/wp\/v2\/media\/51813"}],"wp:attachment":[{"href":"https:\/\/www.paranapraia.com.br\/index.php\/wp-json\/wp\/v2\/media?parent=51812"}],"wp:term":[{"taxonomy":"category","embeddable":true,"href":"https:\/\/www.paranapraia.com.br\/index.php\/wp-json\/wp\/v2\/categories?post=51812"},{"taxonomy":"post_tag","embeddable":true,"href":"https:\/\/www.paranapraia.com.br\/index.php\/wp-json\/wp\/v2\/tags?post=51812"}],"curies":[{"name":"wp","href":"https:\/\/api.w.org\/{rel}","templated":true}]}}