{"id":51566,"date":"2023-07-06T17:57:49","date_gmt":"2023-07-06T20:57:49","guid":{"rendered":"https:\/\/www.paranapraia.com.br\/?p=51566"},"modified":"2023-07-06T17:57:50","modified_gmt":"2023-07-06T20:57:50","slug":"durante-sessao-especial-em-paranagua-assembleia-recebe-reivindicacoes-da-populacao-do-litoral","status":"publish","type":"post","link":"https:\/\/www.paranapraia.com.br\/index.php\/2023\/07\/06\/durante-sessao-especial-em-paranagua-assembleia-recebe-reivindicacoes-da-populacao-do-litoral\/","title":{"rendered":"Durante Sess\u00e3o Especial em Paranagu\u00e1, Assembleia recebe reivindica\u00e7\u00f5es da popula\u00e7\u00e3o do Litoral"},"content":{"rendered":"\n<p><em>Solenidade ocorreu no in\u00edcio da noite desta quarta-feira (5), durante a 11\u00aa Festa Nacional da Tainha. Cr\u00e9ditos fotos:Orlando Kissner\/Alep<\/em><\/p>\n\n\n\n<p>A terceira edi\u00e7\u00e3o do projeto Assembleia Itinerante foi marcada por uma intensa troca de experi\u00eancias entre os deputados estaduais, a sociedade civil organizada e a popula\u00e7\u00e3o que visitou a 11\u00aa Festa Nacional da Tainha, em Paranagu\u00e1, nesta quarta-feira (05). <\/p>\n\n\n\n<p>O trabalho culminou em uma s\u00e9rie de reivindica\u00e7\u00f5es elaboradas por representantes de associa\u00e7\u00f5es comerciais, entidades de classe, sindicatos, institutos, conselhos e membros da sociedade civil organizada do Litoral paranaense. Os documentos entregues \u00e0 Assembleia Legislativa do Paran\u00e1 foram recebidos pelo primeiro-secret\u00e1rio, deputado Alexandre Curi (PSD), e pelos parlamentares que representam a regi\u00e3o no Poder Legislativo.As demandas foram entregues pelo prefeito de Paranagu\u00e1, Marcelo Roque. Assim, o projeto da Assembleia Legislativa do Paran\u00e1 que aproxima o cidad\u00e3o dos parlamentares deixa a cidade de Paranagu\u00e1 levando para o Poder Legislativo uma s\u00e9rie de reivindica\u00e7\u00f5es, sugest\u00f5es e propostas que visam melhorar a vida da popula\u00e7\u00e3o. <\/p>\n\n\n\n<p>Durante a solenidade, mais de 30 pessoas de destaque na sociedade do Litoral receberam diplomas de men\u00e7\u00e3o honrosa confeccionados pela Assembleia Legislativa.<\/p>\n\n\n\n<p>O primeiro secret\u00e1rio do Legislativo, deputado Alexandre Curi, presidiu a Sess\u00e3o Especial de interioriza\u00e7\u00e3o na regi\u00e3o. Ele refor\u00e7ou o car\u00e1ter democr\u00e1tico da iniciativa, que transforma as demandas populares e da sociedade civil organizada em respostas. \u201cO grande objetivo da Assembleia Itinerante \u00e9 estarmos mais pr\u00f3ximos da popula\u00e7\u00e3o, ouvindo a reivindica\u00e7\u00f5es e demandas. Nesta terceira edi\u00e7\u00e3o, estamos na cidade que exporta toda nossa produ\u00e7\u00e3o agr\u00edcola. Esta \u00e9 uma regi\u00e3o que vive um grande momento, com obras importantes no Porto, o projeto de constru\u00e7\u00e3o da ponte de Guaratuba e da engorda da praia de Matinhos. Quem conhece o litoral e sabe o que precisamos ouvir \u00e9 quem mora aqui. Em Maring\u00e1 e Londrina sa\u00edmos com mais de 500 reivindica\u00e7\u00f5es. N\u00e3o tenho d\u00favidas de que vamos sair com muitas mais sugest\u00f5es. Temos uma equipe dentro da Assembleia analisando cada uma delas. Estas s\u00e3o encaminhadas ao governo do Estado ou aos secret\u00e1rios. Tamb\u00e9m poder\u00e3o se tornar requerimentos legislativos ou projetos de lei. Ningu\u00e9m vai ficar sem resposta\u201d, afirmou.<\/p>\n\n\n\n<p>O prefeito de Paranagu\u00e1, Marcelo Roque, destacou a import\u00e2ncia dos parlamentares estarem na cidade. &#8220;Quero dizer que esta interioriza\u00e7\u00e3o ocorre por causa de todos os prefeitos. Esta sess\u00e3o acontece pela credibilidade de cada prefeito dos munic\u00edpios do Litoral. \u00c9 uma honra entregar estas reivindica\u00e7\u00f5es, que poder\u00e3o se tornar requerimentos ou projetos de lei importantes para o desenvolvimento do nosso Litoral. Por isso os deputados s\u00e3o t\u00e3o importantes, eles s\u00e3o o elo entre os munic\u00edpios e o governo do Paran\u00e1&#8221;, refor\u00e7ou.<\/p>\n\n\n\n<p>Principais demandas<\/p>\n\n\n\n<p>Entre as principais demandas recebidas pelo Legislativo est\u00e3o uma s\u00e9rie de obras de infraestrutura, melhoria da seguran\u00e7a p\u00fablica e do atendimento \u00e0 sa\u00fade. A melhoria da infraestrutura de acesso ao Porto de Paranagu\u00e1, com obras na BR-277, destaca-se entre os pedidos. As entidades tamb\u00e9m pedem o fortalecimento do efetivo e da estrutura f\u00edsica do 9\u00b0 Batalh\u00e3o da Pol\u00edcia Militar e da Pol\u00edcia Civil de Paranagu\u00e1, al\u00e9m da implanta\u00e7\u00e3o de c\u00e2meras de seguran\u00e7a e o aumento de policiamento na regi\u00e3o central. O fortalecimento da seguran\u00e7a no transporte de cargas tamb\u00e9m est\u00e1 na lista. No turismo, a implanta\u00e7\u00e3o de pol\u00edticas e a elabora\u00e7\u00e3o de cursos de capacita\u00e7\u00e3o empresarial e da m\u00e3o-de-obra local tamb\u00e9m est\u00e3o entre as sugest\u00f5es.<\/p>\n\n\n\n<p>Os documentos com as sugest\u00f5es foram encaminhadas pela Associa\u00e7\u00e3o Comercial, Industrial e Agr\u00edcola de Paranagu\u00e1 (Aciap), pela C\u00e2mara de Vereadores de Paranagu\u00e1, pelo Sindicato dos Transportadores Rodovi\u00e1rios Aut\u00f4nomas de Bens de Paranagu\u00e1 (Sindicam), pelo Conselho da Mulher Empreendedora e da Cultura, pelo Comit\u00ea Territorial de Desenvolvimento do Litoral do Paran\u00e1, pelo Instituto de Turismo e Eventos de Paranagu\u00e1, pela Associa\u00e7\u00e3o Comercial e Empresarial de Matinhos, pela a Frente Intersindical de Paranagu\u00e1 e pela a Universidade Estadual do Paran\u00e1 (Unespar). <\/p>\n\n\n\n<p>Representa\u00e7\u00e3o<\/p>\n\n\n\n<p>Os deputados que representam o Litoral paranaense participaram da solenidade destacando a import\u00e2ncia da Assembleia Itinerante para os munic\u00edpios da regi\u00e3o. O deputado Alisson Wandscheer (Solidariedade) frisou a import\u00e2ncia da interioriza\u00e7\u00e3o. \u201cQuanto mais pr\u00f3ximo das pessoas, mais longe do erro n\u00f3s estamos. Por isso essa a\u00e7\u00e3o da Assembleia Itinerante \u00e9 fundamental para olharmos no olho da popula\u00e7\u00e3o do Litoral do Paran\u00e1\u201d.<\/p>\n\n\n\n<p>O deputado Anibelli Neto (MDB) lembrou que a Assembleia Itinerante proporciona dois momentos importantes. Al\u00e9m de receber as sugest\u00f5es da popula\u00e7\u00e3o, permite homenagear personalidades de destaque. \u201cGostamos muito dessa proposta de discutir com a sociedade e mostrar para as pessoas como a Assembleia trabalha. Temos de ter ideias e receber sugest\u00f5es. Aqui, a Assembleia se coloca perante a sociedade absorvendo boas a ideias. Al\u00e9m disso, \u00e9 um momento para fazer uma justa homenagem \u00e0s pessoas importantes destes munic\u00edpios. Este \u00e9 um momento ficar\u00e1 marcado na mem\u00f3ria de toda popula\u00e7\u00e3o\u201d.<\/p>\n\n\n\n<p>J\u00e1 o deputado Gilberto Ribeiro (PL) parabenizou Paranagu\u00e1 pelo anivers\u00e1rio de 374 anos, que ser\u00e3o completados no pr\u00f3ximo dia 29 de julho. Ele tamb\u00e9m lembrou a import\u00e2ncia do Porto de Paranagu\u00e1 para o Litoral paranaense. &#8220;Crescendo o Porto, cresce o Litoral do Paran\u00e1. Parabenizo tamb\u00e9m todos os funcion\u00e1rios do Porto, que contribuem para o crescimento da regi\u00e3o&#8221;, disse.<\/p>\n\n\n\n<p>O deputado Gilson de Souza (PL) aproveitou a oportunidade para ouvir a popula\u00e7\u00e3o. \u201cEstamos aproveitando o momento para conversar com prefeitos, vereadores e lideran\u00e7as, recebendo sugest\u00f5es e solicita\u00e7\u00f5es da sociedade. Realmente a iniciativa da Mesa Executiva de criar a Assembleia Itinerante \u00e9 um acerto, trazendo o Poder Legislativo para perto do povo. \u00c9 uma alegria muito grande estar no Litoral ouvindo as pessoas de perto. \u00c9 preciso enaltecer a Assembleia Itinerante por estar onde o povo est\u00e1. E n\u00f3s deputados somos servos dessas pessoas estamos na Casa de Leis e presente nos munic\u00edpios, para fazer um Paran\u00e1 melhor e um Litoral melhor\u201d, comentou.<\/p>\n\n\n\n<p>J\u00e1 o deputado Requi\u00e3o Filho (PT) destacou que \u00e9 importante mais uma vez a Assembleia estar ouvindo as pessoas no local em que elas vivem. \u201cO Litoral merece a presen\u00e7a da Assembleia. Essa regi\u00e3o n\u00e3o existe apenas no ver\u00e3o. Temos muita gente s\u00e9ria trabalhando o ano todo. Precisamos de investimento nas escolas, nos hospitais, em empregos. Temos que voltar a cuidar do Litoral com um pouco mais de respeito. O ber\u00e7o deste estado incr\u00edvel precisa de aten\u00e7\u00e3o, com pol\u00edticas efetivas para que todos tenham oportunidade de crescimentos. Estamos aqui para escutar o que o Litoral precisa\u201d, frisou.<\/p>\n\n\n\n<p>Para o deputado Ney Leprevost (Uni\u00e3o) a iniciativa permite com que o povo do Litoral paranaense exer\u00e7a a cidadania, apresentando reivindica\u00e7\u00f5es de todas as comunidades da regi\u00e3o. \u201cA Assembleia vai, com certeza, encampar essas demandas. Nas grandes obras do Litoral paranaense, n\u00f3s deputados est\u00e1vamos ao lado do povo para garantir essas conquistas. Temos que ir onde o povo est\u00e1\u201d, afirmou.<\/p>\n\n\n\n<p>O deputado Artag\u00e3o Junior (PSD) enfatizou a import\u00e2ncia da Assembleia para o desenvolvimento do Estado. &#8220;Hoje o Estado do Paran\u00e1 tem conquistado marcas importantes que traz orgulhos a todos n\u00f3s. \u00c9 o mesmo orgulho que temos pela hist\u00f3ria de Paranagu\u00e1. Estas marcas t\u00eam o apoio da Assembleia Legislativa, com a aprova\u00e7\u00e3o de leis. Temos na Assembleia hoje a pioneira iniciativa de interioriza\u00e7\u00e3o. Esta uma \u00e9 uma demonstra\u00e7\u00e3o de compromisso e sensibilidade no sentido de estar pr\u00f3ximo de sua popula\u00e7\u00e3o e avan\u00e7armos com muito mais conquistas&#8221;, disse.<\/p>\n\n\n\n<p>Para o deputado Nelson Justus (Uni\u00e3o), a oportunidade permite escutar quem importa. \u201cTemos de usar este momento para ouvir muito mais do que falar. Temos de aprender com aqueles que nos reivindicam. Esse \u00e9 o papel do deputado. Vir \u00e0s cidades, pegar as encomendas e ir atr\u00e1s delas. Quanto mais escutarmos as pessoas, seja a opini\u00e3o que tiverem, temos dever de escut\u00e1-las. Elas t\u00eam muito a contribuir\u201d, avaliou o parlamentar.A deputada Cantora Mara Lima (Republicanos) saudou a participa\u00e7\u00e3o feminina na reuni\u00e3o. <\/p>\n\n\n\n<p>\u201cEm nome das mulheres deputadas, deixamos a Assembleia Legislativa \u00e1 disposi\u00e7\u00e3o de Paranagu\u00e1 e de todos os munic\u00edpios do Litoral\u201d, disse.<\/p>\n\n\n\n<p>Homenageados<\/p>\n\n\n\n<p>Como ocorre em todas as sess\u00f5es especiais da Assembleia Itinerante, os parlamentares homenageiam personalidades de destaque na sociedade das regi\u00f5es onde a interioriza\u00e7\u00e3o \u00e9 realizada. Os nomes s\u00e3o escolhidos pelos deputados que representam a regi\u00e3o. No Litoral, os eleitos para receber diplomas de men\u00e7\u00e3o honrosa confeccionados pela Assembleia Legislativa se destacam em diversas \u00e1reas, que v\u00e3o desde a empresarial, passando pela gastronomia e pol\u00edtica.<\/p>\n\n\n\n<p>O deputado Alexandre Curi homenageou o engenheiro e empres\u00e1rio Marlon Ilg, o funcion\u00e1rio dos Portos de Paranagu\u00e1 e Antonina Nilson Viana, o montanhista e ambientalista Henrique Schimidlin, o empres\u00e1rio do ramo log\u00edstico Maykool Roberto Barbosa de Oliveira e a bi\u00f3loga Rafaela Takasaki Corr\u00eaa.<\/p>\n\n\n\n<p>O deputado Alisson Wandscheer homenageou o pastor Ananias Francisco dos Santos Rodrigues, a empreendedora Darianny Letnar, o historiador e professor \u00c9ric Joubert Hunzicker, o economista Luiz Fernando Garcia da Silva e o advogado Maur\u00edcio Vitor Leone de Souza.<\/p>\n\n\n\n<p>O deputado Anibelli Neto prestou homenagens ao ex-prefeito de Guaraque\u00e7aba, Ant\u00f4nio Fel\u00edcio Ramos Filho (In Memoriam), ao ex-prefeito de Guaratuba, Jos\u00e9 Ananias dos Santos, ao coordenador do projeto Amigos da Bola Jos\u00e9 Roberto Batista, ao ex-prefeito de Pontal do Paran\u00e1, Rudisney Gimenes (In Memoriam), e ao m\u00e9dico Jonatan Loschener.<\/p>\n\n\n\n<p>O deputado Gilberto Ribeiro concedeu a honraria \u00e0 empres\u00e1ria do ramo da gastronomia Alzira Rigonatto de Souza, ao porteiro e coordenador de projeto dedicado \u00e0s crian\u00e7as Eliseu dos Santos, ao pediatra Jhonatan Wilian de S\u00e1 Aredes, ao policial e professor de artes marciais para jovens Rog\u00e9rio Fernando Fran\u00e7a; e ao empres\u00e1rio do ramo da gastronomia Rubimar Pedrotti.<\/p>\n\n\n\n<p>O deputado Gilson de Souza homenageou o superintendente de Governan\u00e7a dos Portos de Paranagu\u00e1 e Antonina Carlos Eidam de Assis, o major Cristiano Stocco Rosa, subcomandante do 9\u00b0BPM; o sargento Pedro Santos da Silva e o pastor Robisnei Alves de Sousa.<\/p>\n\n\n\n<p>O deputado Nelson Justus prestou homenagens ao empres\u00e1rio Felipe Nascimento, ao padre Ant\u00f4nio Carlos da Silva, ao empres\u00e1rio Roberto Jorge Machado Souza, ao vereador de Matinhos Rodrigo Greg\u00f3rio dos Santos e ao vereador de Parangu\u00e1 Jozias da Negui.<\/p>\n\n\n\n<p>O deputado Ney Leprevost entregou as men\u00e7\u00f5es m\u00fasico Luis Ant\u00f4nio Machado da Silva, ao pescador Adail Jo\u00e3o Pinto, ao pescador Jair Crisanto da Silva, ao presidente de Associa\u00e7\u00e3o de moradores de Paranagu\u00e1 Osmail Pereira do Ros\u00e1rio e ao diretor empresarial da Folha do Litoral Ant\u00f4nio Saad Gebran Sobrinho.<\/p>\n\n\n\n<p>O deputado Requi\u00e3o Filho homenageou o ex-presidente do Sintraport Gerson do Ros\u00e1rio Antunes, a vereadora de Guaraque\u00e7aba Nair de Siqueira, a empres\u00e1ria do ramo gastron\u00f4mico Jurema Campos Alcobas, o ex-secret\u00e1rio municipal de Itera\u00e7\u00e3o Portu\u00e1ria Carlos de Oliveira da Velha Filho (In Memoriam) e o surfista e ambientalista Serginho Laus.<\/p>\n\n\n\n<p>O deputado Lu\u00eds Claudio Romanelli prestou homenagem ao ex-prefeito de Matinhos, Jos\u00e9 Maria de Paula Correia.  <\/p>\n\n\n\n<p>Presen\u00e7as<\/p>\n\n\n\n<p>Tamb\u00e9m participaram da sess\u00e3o especial de interioriza\u00e7\u00e3o da Assembleia os deputados Lu\u00eds Claudio Romanelli (PSD), Cantora Mara Lima (Republicanos), Cloara Pinheiro (PSD), Artag\u00e3o Junior (PSD), Flavia Francischini (Uni\u00e3o), Lu\u00eds Corti (PSB), Lu\u00eds Fernando Guerra (Uni\u00e3o), M\u00e1rcia Hu\u00e7ulak (PSD), F\u00e1bio Oliveira (PODE) e Moacyr Fadel (PSD).Ainda participaram da solenidade ex-governador do Paran\u00e1, Orlando Pessuti, o secret\u00e1rio de Seguran\u00e7a P\u00fablica do Estado, Coronel Hudson Teixeira, e os prefeitos de Guaraque\u00e7aba, Lilian Ramos Narloch, de Matinhos, Jos\u00e9 Carlos do Esp\u00edrito Santo, de Morretes, Junior Brindarolli, de Antonina, Jos\u00e9 Paulo Vieira Azim, de Pontal do Paran\u00e1, Rud\u00e3o Gimenes, e de Guaratuba, Roberto Cordeiro Justus, al\u00e9m do ex-deputado Galo e o vereador de Paranagu\u00e1, e presidente da C\u00e2mara Munipal, F\u00e1bio Santos. O prefeito de Maring\u00e1, Ulisses Maia, tamb\u00e9m esteve presente no evento.<\/p>\n\n\n\n<p>ALEP<\/p>\n","protected":false},"excerpt":{"rendered":"<p>Solenidade ocorreu no in\u00edcio da noite desta quarta-feira (5), durante a 11\u00aa Festa Nacional da Tainha. Cr\u00e9ditos fotos:Orlando Kissner\/Alep A terceira edi\u00e7\u00e3o do projeto Assembleia Itinerante foi marcada por uma intensa troca de experi\u00eancias entre os deputados estaduais, a sociedade civil organizada e a popula\u00e7\u00e3o que visitou a 11\u00aa Festa Nacional da Tainha, em Paranagu\u00e1, [&hellip;]<\/p>\n","protected":false},"author":2,"featured_media":51567,"comment_status":"open","ping_status":"open","sticky":false,"template":"","format":"standard","meta":{"advanced_seo_description":"","jetpack_seo_html_title":"","jetpack_seo_noindex":false,"_jetpack_memberships_contains_paid_content":false,"footnotes":""},"categories":[32],"tags":[],"class_list":{"0":"post-51566","1":"post","2":"type-post","3":"status-publish","4":"format-standard","5":"has-post-thumbnail","7":"category-politica"},"jetpack_featured_media_url":"https:\/\/www.paranapraia.com.br\/wp-content\/uploads\/2023\/07\/w9kJbSBpmIgX7GfZTUo5i6snEyekbfxX82Z4s0jg.jpg","jetpack_sharing_enabled":true,"_links":{"self":[{"href":"https:\/\/www.paranapraia.com.br\/index.php\/wp-json\/wp\/v2\/posts\/51566"}],"collection":[{"href":"https:\/\/www.paranapraia.com.br\/index.php\/wp-json\/wp\/v2\/posts"}],"about":[{"href":"https:\/\/www.paranapraia.com.br\/index.php\/wp-json\/wp\/v2\/types\/post"}],"author":[{"embeddable":true,"href":"https:\/\/www.paranapraia.com.br\/index.php\/wp-json\/wp\/v2\/users\/2"}],"replies":[{"embeddable":true,"href":"https:\/\/www.paranapraia.com.br\/index.php\/wp-json\/wp\/v2\/comments?post=51566"}],"version-history":[{"count":1,"href":"https:\/\/www.paranapraia.com.br\/index.php\/wp-json\/wp\/v2\/posts\/51566\/revisions"}],"predecessor-version":[{"id":51568,"href":"https:\/\/www.paranapraia.com.br\/index.php\/wp-json\/wp\/v2\/posts\/51566\/revisions\/51568"}],"wp:featuredmedia":[{"embeddable":true,"href":"https:\/\/www.paranapraia.com.br\/index.php\/wp-json\/wp\/v2\/media\/51567"}],"wp:attachment":[{"href":"https:\/\/www.paranapraia.com.br\/index.php\/wp-json\/wp\/v2\/media?parent=51566"}],"wp:term":[{"taxonomy":"category","embeddable":true,"href":"https:\/\/www.paranapraia.com.br\/index.php\/wp-json\/wp\/v2\/categories?post=51566"},{"taxonomy":"post_tag","embeddable":true,"href":"https:\/\/www.paranapraia.com.br\/index.php\/wp-json\/wp\/v2\/tags?post=51566"}],"curies":[{"name":"wp","href":"https:\/\/api.w.org\/{rel}","templated":true}]}}