{"id":51560,"date":"2023-07-06T17:45:31","date_gmt":"2023-07-06T20:45:31","guid":{"rendered":"https:\/\/www.paranapraia.com.br\/?p=51560"},"modified":"2023-07-06T17:45:32","modified_gmt":"2023-07-06T20:45:32","slug":"matinhos-cumpre-meta-da-primeira-etapa-do-programa-o-esporte-que-queremos-e-recebe-certificado","status":"publish","type":"post","link":"https:\/\/www.paranapraia.com.br\/index.php\/2023\/07\/06\/matinhos-cumpre-meta-da-primeira-etapa-do-programa-o-esporte-que-queremos-e-recebe-certificado\/","title":{"rendered":"Matinhos cumpre meta da primeira etapa do programa \u201cO Esporte que Queremos\u201d e recebe certificado"},"content":{"rendered":"\n<p>Matinhos recebeu o selo bronze do programa \u201cO Esporte que Queremos\u201d. O certificado foi entregue nesta quinta-feira (06) ao prefeito Z\u00e9 da Ecler por representantes da Paran\u00e1 Esporte. O munic\u00edpio cumpriu a meta da primeira etapa do programa, que \u00e9 destinado a todos os 399 munic\u00edpios do Paran\u00e1.<\/p>\n\n\n\n<p>Repassaram o certificado ao prefeito os coordenadores regionais da Paran\u00e1 Esporte, Vinicius Brainta e Paulo C\u00e9sar Cardoso. Na reuni\u00e3o tamb\u00e9m foram abordadas outras quest\u00f5es, como os Jogos de Aventura e Natureza, que come\u00e7am neste fim de semana em Matinhos. O coordenador dos jogos na cidade, Murilo Lazarotto, tamb\u00e9m acompanhou a entrega da certifica\u00e7\u00e3o.<\/p>\n\n\n\n<p>\u201cO Esporte que Queremos\u201d \u00e9 promovido pelo Governo do Estado, por meio da Superintend\u00eancia do Esporte, junto com o Instituto de Pesquisa Intelig\u00eancia Esportiva da UFPR. O programa incentiva os gestores p\u00fablicos a proporem uma legisla\u00e7\u00e3o pr\u00f3pria no setor, a Pol\u00edtica Municipal de Esportes (PME), seguindo a Lei Geral do Esporte. O objetivo \u00e9 criar uma estrutura para aprimoramento das pol\u00edticas p\u00fablicas de aux\u00edlio \u00e0 \u00e1rea esportiva nas cidades.<\/p>\n\n\n\n<figure class=\"wp-block-gallery has-nested-images columns-1 is-cropped wp-block-gallery-1 is-layout-flex wp-block-gallery-is-layout-flex\">\n<figure class=\"wp-block-image size-large\"><img loading=\"lazy\" decoding=\"async\" width=\"1024\" height=\"576\" data-id=\"51563\" src=\"https:\/\/www.paranapraia.com.br\/wp-content\/uploads\/2023\/07\/FB_IMG_1688676233837-1024x576.jpg\" alt=\"\" class=\"wp-image-51563\" srcset=\"https:\/\/www.paranapraia.com.br\/wp-content\/uploads\/2023\/07\/FB_IMG_1688676233837-1024x576.jpg 1024w, https:\/\/www.paranapraia.com.br\/wp-content\/uploads\/2023\/07\/FB_IMG_1688676233837-300x169.jpg 300w, https:\/\/www.paranapraia.com.br\/wp-content\/uploads\/2023\/07\/FB_IMG_1688676233837-768x432.jpg 768w, https:\/\/www.paranapraia.com.br\/wp-content\/uploads\/2023\/07\/FB_IMG_1688676233837-696x392.jpg 696w, https:\/\/www.paranapraia.com.br\/wp-content\/uploads\/2023\/07\/FB_IMG_1688676233837-1068x601.jpg 1068w, https:\/\/www.paranapraia.com.br\/wp-content\/uploads\/2023\/07\/FB_IMG_1688676233837-746x420.jpg 746w, https:\/\/www.paranapraia.com.br\/wp-content\/uploads\/2023\/07\/FB_IMG_1688676233837.jpg 1080w\" sizes=\"(max-width: 1024px) 100vw, 1024px\" \/><\/figure>\n\n\n\n<figure class=\"wp-block-image size-large\"><img loading=\"lazy\" decoding=\"async\" width=\"1024\" height=\"576\" data-id=\"51562\" src=\"https:\/\/www.paranapraia.com.br\/wp-content\/uploads\/2023\/07\/FB_IMG_1688676243325-1024x576.jpg\" alt=\"\" class=\"wp-image-51562\" srcset=\"https:\/\/www.paranapraia.com.br\/wp-content\/uploads\/2023\/07\/FB_IMG_1688676243325-1024x576.jpg 1024w, https:\/\/www.paranapraia.com.br\/wp-content\/uploads\/2023\/07\/FB_IMG_1688676243325-300x169.jpg 300w, https:\/\/www.paranapraia.com.br\/wp-content\/uploads\/2023\/07\/FB_IMG_1688676243325-768x432.jpg 768w, https:\/\/www.paranapraia.com.br\/wp-content\/uploads\/2023\/07\/FB_IMG_1688676243325-696x392.jpg 696w, https:\/\/www.paranapraia.com.br\/wp-content\/uploads\/2023\/07\/FB_IMG_1688676243325-1068x601.jpg 1068w, https:\/\/www.paranapraia.com.br\/wp-content\/uploads\/2023\/07\/FB_IMG_1688676243325-746x420.jpg 746w, https:\/\/www.paranapraia.com.br\/wp-content\/uploads\/2023\/07\/FB_IMG_1688676243325.jpg 1080w\" sizes=\"(max-width: 1024px) 100vw, 1024px\" \/><\/figure>\n\n\n\n<figure class=\"wp-block-image size-large\"><img loading=\"lazy\" decoding=\"async\" width=\"1024\" height=\"576\" data-id=\"51564\" src=\"https:\/\/www.paranapraia.com.br\/wp-content\/uploads\/2023\/07\/FB_IMG_1688676236233-1024x576.jpg\" alt=\"\" class=\"wp-image-51564\" srcset=\"https:\/\/www.paranapraia.com.br\/wp-content\/uploads\/2023\/07\/FB_IMG_1688676236233-1024x576.jpg 1024w, https:\/\/www.paranapraia.com.br\/wp-content\/uploads\/2023\/07\/FB_IMG_1688676236233-300x169.jpg 300w, https:\/\/www.paranapraia.com.br\/wp-content\/uploads\/2023\/07\/FB_IMG_1688676236233-768x432.jpg 768w, https:\/\/www.paranapraia.com.br\/wp-content\/uploads\/2023\/07\/FB_IMG_1688676236233-696x392.jpg 696w, https:\/\/www.paranapraia.com.br\/wp-content\/uploads\/2023\/07\/FB_IMG_1688676236233-1068x601.jpg 1068w, https:\/\/www.paranapraia.com.br\/wp-content\/uploads\/2023\/07\/FB_IMG_1688676236233-746x420.jpg 746w, https:\/\/www.paranapraia.com.br\/wp-content\/uploads\/2023\/07\/FB_IMG_1688676236233.jpg 1080w\" sizes=\"(max-width: 1024px) 100vw, 1024px\" \/><\/figure>\n<\/figure>\n\n\n\n<p>Ainda estavam no gabinete o secret\u00e1rio de Educa\u00e7\u00e3o, M\u00e1rio Braga; o chefe de Gabinete, Carlos Valderi; o diretor de Esportes, Marco Ant\u00f4nio Felisberto; e o diretor administrativo da Procuradoria Municipal, Murilo Mendes.<\/p>\n\n\n\n<p>Departamento de Comunica\u00e7\u00e3o<br>Prefeitura de Matinhos<\/p>\n\n\n\n<p>Acesse o nosso portal: https:\/\/matinhos.atende.net\/cidadao\/noticia\/matinhos-cumpre-meta-da-primeira-etapa-do-programa-o-esporte-que-queremos-e-recebe-certificado<\/p>\n","protected":false},"excerpt":{"rendered":"<p>Matinhos recebeu o selo bronze do programa \u201cO Esporte que Queremos\u201d. O certificado foi entregue nesta quinta-feira (06) ao prefeito Z\u00e9 da Ecler por representantes da Paran\u00e1 Esporte. O munic\u00edpio cumpriu a meta da primeira etapa do programa, que \u00e9 destinado a todos os 399 munic\u00edpios do Paran\u00e1. Repassaram o certificado ao prefeito os coordenadores [&hellip;]<\/p>\n","protected":false},"author":2,"featured_media":51561,"comment_status":"open","ping_status":"open","sticky":false,"template":"","format":"standard","meta":{"advanced_seo_description":"","jetpack_seo_html_title":"","jetpack_seo_noindex":false,"_jetpack_memberships_contains_paid_content":false,"footnotes":""},"categories":[88],"tags":[],"class_list":{"0":"post-51560","1":"post","2":"type-post","3":"status-publish","4":"format-standard","5":"has-post-thumbnail","7":"category-matinhos"},"jetpack_featured_media_url":"https:\/\/www.paranapraia.com.br\/wp-content\/uploads\/2023\/07\/FB_IMG_1688676229520.jpg","jetpack_sharing_enabled":true,"_links":{"self":[{"href":"https:\/\/www.paranapraia.com.br\/index.php\/wp-json\/wp\/v2\/posts\/51560"}],"collection":[{"href":"https:\/\/www.paranapraia.com.br\/index.php\/wp-json\/wp\/v2\/posts"}],"about":[{"href":"https:\/\/www.paranapraia.com.br\/index.php\/wp-json\/wp\/v2\/types\/post"}],"author":[{"embeddable":true,"href":"https:\/\/www.paranapraia.com.br\/index.php\/wp-json\/wp\/v2\/users\/2"}],"replies":[{"embeddable":true,"href":"https:\/\/www.paranapraia.com.br\/index.php\/wp-json\/wp\/v2\/comments?post=51560"}],"version-history":[{"count":1,"href":"https:\/\/www.paranapraia.com.br\/index.php\/wp-json\/wp\/v2\/posts\/51560\/revisions"}],"predecessor-version":[{"id":51565,"href":"https:\/\/www.paranapraia.com.br\/index.php\/wp-json\/wp\/v2\/posts\/51560\/revisions\/51565"}],"wp:featuredmedia":[{"embeddable":true,"href":"https:\/\/www.paranapraia.com.br\/index.php\/wp-json\/wp\/v2\/media\/51561"}],"wp:attachment":[{"href":"https:\/\/www.paranapraia.com.br\/index.php\/wp-json\/wp\/v2\/media?parent=51560"}],"wp:term":[{"taxonomy":"category","embeddable":true,"href":"https:\/\/www.paranapraia.com.br\/index.php\/wp-json\/wp\/v2\/categories?post=51560"},{"taxonomy":"post_tag","embeddable":true,"href":"https:\/\/www.paranapraia.com.br\/index.php\/wp-json\/wp\/v2\/tags?post=51560"}],"curies":[{"name":"wp","href":"https:\/\/api.w.org\/{rel}","templated":true}]}}