{"id":51557,"date":"2023-07-06T17:42:30","date_gmt":"2023-07-06T20:42:30","guid":{"rendered":"https:\/\/www.paranapraia.com.br\/?p=51557"},"modified":"2023-07-06T17:42:31","modified_gmt":"2023-07-06T20:42:31","slug":"demandas-do-litoral-entregues-a-assembleia-incluem-melhorias-nas-areas-de-infraestrutura-e-seguranca-publica","status":"publish","type":"post","link":"https:\/\/www.paranapraia.com.br\/index.php\/2023\/07\/06\/demandas-do-litoral-entregues-a-assembleia-incluem-melhorias-nas-areas-de-infraestrutura-e-seguranca-publica\/","title":{"rendered":"Demandas do Litoral entregues \u00e0 Assembleia incluem melhorias nas \u00e1reas de infraestrutura e seguran\u00e7a p\u00fablica"},"content":{"rendered":"\n<p><em>Documenta\u00e7\u00e3o foi recebida pelo primeiro-secret\u00e1rio, deputado Alexandre Curi (PSD), e pelos parlamentares que representam a regi\u00e3o no Poder Legislativo. As demandas foram entregues pelo prefeito de Paranagu\u00e1, Marcelo Roque. Cr\u00e9ditos foto:Orlando Kissner\/Alep<\/em><\/p>\n\n\n\n<p>A Assembleia Itinerante, projeto da Assembleia Legislativa do Paran\u00e1 que aproxima o cidad\u00e3o dos parlamentares, deixa a cidade de Paranagu\u00e1, no Litoral do Estado, trazendo ao Poder Legislativo uma s\u00e9rie de reivindica\u00e7\u00f5es, sugest\u00f5es e propostas que visam melhorar a vida da popula\u00e7\u00e3o. Os documentos s\u00e3o assinados por representantes de associa\u00e7\u00f5es comerciais, entidades de classe, sindicatos, institutos, conselhos e membros da sociedade civil organizada. A documenta\u00e7\u00e3o foi recebida pelo primeiro-secret\u00e1rio, deputado Alexandre Curi (PSD), e pelos parlamentares que representam a regi\u00e3o no Poder Legislativo. As demandas foram entregues pelo prefeito de Paranagu\u00e1, Marcelo Roque.<\/p>\n\n\n\n<p>A Associa\u00e7\u00e3o Comercial, Industrial e Agr\u00edcola de Paranagu\u00e1 (Aciap) foi uma das entidades que encaminharam listas de demandas. Na \u00e1rea de infraestrutura, a Aciap reivindica melhoria da infraestrutura de acesso ao Porto de Paranagu\u00e1, com obras na BR-277 (incluindo terceira faixa ap\u00f3s termino da Serra do Mar); a amplia\u00e7\u00e3o, remodela\u00e7\u00e3o e recupera\u00e7\u00e3o das Avenidas Ayrton Senna da Silva e Bento Rocha; al\u00e9m da evolu\u00e7\u00e3o e melhoramento do modal ferrovi\u00e1rio. Na sa\u00fade, a entidade pede melhorias e investimentos no Hospital Regional do Litoral, a constru\u00e7\u00e3o de um Centro de Especialidades de Sa\u00fade e a implanta\u00e7\u00e3o de um espa\u00e7o de recupera\u00e7\u00e3o para dependentes de \u00e1lcool e drogas. <\/p>\n\n\n\n<p>J\u00e1 para a seguran\u00e7a, \u00e9 solicitado o fortalecimento do efetivo e da estrutura f\u00edsica do 9\u00b0 Batalh\u00e3o da Pol\u00edcia Militar e da Pol\u00edcia Civil de Paranagu\u00e1, al\u00e9m da implanta\u00e7\u00e3o de c\u00e2meras de seguran\u00e7a e o aumento de policiamento na regi\u00e3o central.Para o segmento da juventude, educa\u00e7\u00e3o e esportes, a Associa\u00e7\u00e3o Comercial, Industrial e Agr\u00edcola de Paranagu\u00e1 apresenta como demanda a constru\u00e7\u00e3o de escolas profissionalizantes, a implanta\u00e7\u00e3o de ensino integral e atividades complementares de contraturno e a constru\u00e7\u00e3o de escolas em comunidades pesqueiras. <\/p>\n\n\n\n<p>Para o meio ambiente, a entidade pede a revis\u00e3o do ICMS ecol\u00f3gico, a altera\u00e7\u00e3o das atribui\u00e7\u00f5es do Conselho de Desenvolvimento do Litoral Paranaense (Colit) e a destina\u00e7\u00e3o de verbas para constru\u00e7\u00e3o de um aterro sanit\u00e1rio em Paranagu\u00e1. Por fim, para o setor do turismo, \u00e9 solicitada a cria\u00e7\u00e3o de pol\u00edticas para incentivo ao turismo n\u00e1utico, o fortalecimento e apoio ao turismo religioso e a constru\u00e7\u00e3o de um portal na entrada de Paranagu\u00e1.<\/p>\n\n\n\n<p>A C\u00e2mara de Vereadores de Paranagu\u00e1 tamb\u00e9m encaminhou uma s\u00e9rie de sugest\u00f5es durante a Assembleia Itinerante. Entre elas est\u00e1 a conclus\u00e3o das obras do entorno do Aqu\u00e1rio Municipal e do Centro da Juventude, a amplia\u00e7\u00e3o do contingente da Pol\u00edcia Militar e do Efetivo da Pol\u00edcia Judici\u00e1ria no munic\u00edpio, a elabora\u00e7\u00e3o de programas e a\u00e7\u00f5es voltadas ao turismo n\u00e1utico, rural e gastron\u00f4mico. Os vereadores tamb\u00e9m pedem a realiza\u00e7\u00e3o de obras de recupera\u00e7\u00e3o e de amplia\u00e7\u00e3o das vias de acesso ao Porto e a viabiliza\u00e7\u00e3o de projeto executivo acerca da viabilidade e custos para rebaixamento da ferrovia na Avenida Roque Vernalha.<\/p>\n\n\n\n<p>Os representantes do legislativo de Paranagu\u00e1 tamb\u00e9m solicitam a implanta\u00e7\u00e3o de um centro para tratamento de dependentes qu\u00edmicos; a instala\u00e7\u00e3o de base operacional da Pol\u00edcia Militar e Corpo de Bombeiros na Ilha dos Valadares; a aquisi\u00e7\u00e3o de novos equipamentos e melhoria na estrutura de atendimento do Hospital Paranagu\u00e1, al\u00e9m de uma ambul\u00e2ncia para o distrito de Alexandra. Entre as demandas tamb\u00e9m est\u00e1 a reforma do Col\u00e9gio Estadual de Alexandra; a reforma e ocupa\u00e7\u00e3o do Complexo Mario Lobo, na Ilha dos Valadares; e a constru\u00e7\u00e3o de nova escola estadual na Ilha dos Valadares.<\/p>\n\n\n\n<p>J\u00e1 o Sindicato dos Transportadores Rodovi\u00e1rios Aut\u00f4nomas de Bens de Paranagu\u00e1 (Sindicam) solicita mais seguran\u00e7a no transporte de cargas e melhoria na qualidade da malha vi\u00e1ria no acesso ao Porto de Paranagu\u00e1, com sinaliza\u00e7\u00e3o adequada, limpeza e ilumina\u00e7\u00e3o das vias, amplia\u00e7\u00e3o das faixas de rolagem e constru\u00e7\u00e3o de t\u00faneis e viadutos.<\/p>\n\n\n\n<p> O sindicato tamb\u00e9m pede a constru\u00e7\u00e3o de estacionamentos e p\u00e1tios para abrigar transportadores.Para o Conselho da Mulher Empreendedora e da Cultura \u00e9 necess\u00e1ria a implanta\u00e7\u00e3o de uma Delegacia da Mulher em Paranagu\u00e1, garantindo que as v\u00edtimas sejam acolhidas por delegadas mulheres, especializadas no atendimento a casos de viol\u00eancia de g\u00eanero.<\/p>\n\n\n\n<p>J\u00e1 entre as demandas elencadas pelo Comit\u00ea Territorial de Desenvolvimento do Litoral do Paran\u00e1 est\u00e1 a constru\u00e7\u00e3o da Ponte de Guaratuba; a pavimenta\u00e7\u00e3o asf\u00e1ltica da estrada de Guaraque\u00e7aba \u00e0 Antonina; a duplica\u00e7\u00e3o da rodovia entre Paranagu\u00e1 e Praia de Leste, no munic\u00edpio de Pontal do Paran\u00e1; a constru\u00e7\u00e3o de uma nova estrada ligando a cidade de Antonina \u00e0 BR-277; a constru\u00e7\u00e3o de uma faixa de infraestrutura em Pontal do Paran\u00e1 para desafogar a PR-412, ligando a PR-407 \u00e0 Pontal do Sul; a duplica\u00e7\u00e3o da rodovia entre Guaratuba e Garuva; e a cria\u00e7\u00e3o de uma nova estrada de ferro ligando Curitiba \u00e0 Paranagu\u00e1.<\/p>\n\n\n\n<p>O Instituto de Turismo e Eventos de Paranagu\u00e1 reivindica a revitaliza\u00e7\u00e3o da BR-277 na \u00e1rea urbana; a melhoria da seguran\u00e7a p\u00fablica e da infraestrutura do centro hist\u00f3rico; a implanta\u00e7\u00e3o de pol\u00edticas e cursos de capacita\u00e7\u00e3o empresarial e da m\u00e3o-de-obra local; al\u00e9m de obras de revitaliza\u00e7\u00e3o na regi\u00e3o tur\u00edstica de Paranagu\u00e1, como o terminal hidrovi\u00e1rio, o Mercado do Peixe, o Aqu\u00e1rio, os trapiches, o complexo Tur\u00edstico Mega Rocio, entre outros.<\/p>\n\n\n\n<p>Demais sugest\u00f5es<\/p>\n\n\n\n<p>A Associa\u00e7\u00e3o Comercial e Empresarial de Matinhos reivindica apoio para a finaliza\u00e7\u00e3o das obras de duplica\u00e7\u00e3o da Avenida Juscelino K. de Oliveira e a reforma da orla da praia no trecho entre os balne\u00e1rios de Praia Grande e Fl\u00f3rida. <\/p>\n\n\n\n<p>J\u00e1 a Associa\u00e7\u00e3o Amigos Protetores elaborou propostas para diminuir o abandono e sofrimento dos animais, sugerindo a realiza\u00e7\u00e3o de campanhas de castra\u00e7\u00e3o gratuita e a chipagem de c\u00e3es e gatos pertencentes \u00e0 popula\u00e7\u00e3o das ilhas de Paranagu\u00e1 e a vacina\u00e7\u00e3o dos animais.Entre outras propostas, a Frente Intersindical de Paranagu\u00e1, que re\u00fane diversos sindicatos de trabalhadores portu\u00e1rios do Litoral, pede apoio dos parlamentares para a busca da amplia\u00e7\u00e3o do mercado de trabalho dos trabalhadores portu\u00e1rios avulsos nas opera\u00e7\u00f5es do Porto de Paranagu\u00e1. Al\u00e9m disso, solicita viabiliza\u00e7\u00e3o dos investimentos necess\u00e1rios para modernizar a infraestrutura portu\u00e1ria. J\u00e1 a Universidade Estadual do Paran\u00e1 (Unespar) &#8211; Campus de Paranagu\u00e1 solicita apoio para implanta\u00e7\u00e3o do curso de enfermagem no local.<\/p>\n\n\n\n<p>ALEP<\/p>\n","protected":false},"excerpt":{"rendered":"<p>Documenta\u00e7\u00e3o foi recebida pelo primeiro-secret\u00e1rio, deputado Alexandre Curi (PSD), e pelos parlamentares que representam a regi\u00e3o no Poder Legislativo. As demandas foram entregues pelo prefeito de Paranagu\u00e1, Marcelo Roque. Cr\u00e9ditos foto:Orlando Kissner\/Alep A Assembleia Itinerante, projeto da Assembleia Legislativa do Paran\u00e1 que aproxima o cidad\u00e3o dos parlamentares, deixa a cidade de Paranagu\u00e1, no Litoral do [&hellip;]<\/p>\n","protected":false},"author":2,"featured_media":51558,"comment_status":"open","ping_status":"open","sticky":false,"template":"","format":"standard","meta":{"advanced_seo_description":"","jetpack_seo_html_title":"","jetpack_seo_noindex":false,"_jetpack_memberships_contains_paid_content":false,"footnotes":""},"categories":[40],"tags":[],"class_list":{"0":"post-51557","1":"post","2":"type-post","3":"status-publish","4":"format-standard","5":"has-post-thumbnail","7":"category-destaques"},"jetpack_featured_media_url":"https:\/\/www.paranapraia.com.br\/wp-content\/uploads\/2023\/07\/OTN5iFmmYlFi5NzNuwlLoM63fJvR63AENhLdsTU3.jpg","jetpack_sharing_enabled":true,"_links":{"self":[{"href":"https:\/\/www.paranapraia.com.br\/index.php\/wp-json\/wp\/v2\/posts\/51557"}],"collection":[{"href":"https:\/\/www.paranapraia.com.br\/index.php\/wp-json\/wp\/v2\/posts"}],"about":[{"href":"https:\/\/www.paranapraia.com.br\/index.php\/wp-json\/wp\/v2\/types\/post"}],"author":[{"embeddable":true,"href":"https:\/\/www.paranapraia.com.br\/index.php\/wp-json\/wp\/v2\/users\/2"}],"replies":[{"embeddable":true,"href":"https:\/\/www.paranapraia.com.br\/index.php\/wp-json\/wp\/v2\/comments?post=51557"}],"version-history":[{"count":1,"href":"https:\/\/www.paranapraia.com.br\/index.php\/wp-json\/wp\/v2\/posts\/51557\/revisions"}],"predecessor-version":[{"id":51559,"href":"https:\/\/www.paranapraia.com.br\/index.php\/wp-json\/wp\/v2\/posts\/51557\/revisions\/51559"}],"wp:featuredmedia":[{"embeddable":true,"href":"https:\/\/www.paranapraia.com.br\/index.php\/wp-json\/wp\/v2\/media\/51558"}],"wp:attachment":[{"href":"https:\/\/www.paranapraia.com.br\/index.php\/wp-json\/wp\/v2\/media?parent=51557"}],"wp:term":[{"taxonomy":"category","embeddable":true,"href":"https:\/\/www.paranapraia.com.br\/index.php\/wp-json\/wp\/v2\/categories?post=51557"},{"taxonomy":"post_tag","embeddable":true,"href":"https:\/\/www.paranapraia.com.br\/index.php\/wp-json\/wp\/v2\/tags?post=51557"}],"curies":[{"name":"wp","href":"https:\/\/api.w.org\/{rel}","templated":true}]}}