{"id":51552,"date":"2023-07-06T16:48:56","date_gmt":"2023-07-06T19:48:56","guid":{"rendered":"https:\/\/www.paranapraia.com.br\/?p=51552"},"modified":"2023-07-06T16:48:57","modified_gmt":"2023-07-06T19:48:57","slug":"obras-na-rede-de-distribuicao-de-agua-afetam-abastecimento-em-bairros-de-londrina-na-proxima-semana","status":"publish","type":"post","link":"https:\/\/www.paranapraia.com.br\/index.php\/2023\/07\/06\/obras-na-rede-de-distribuicao-de-agua-afetam-abastecimento-em-bairros-de-londrina-na-proxima-semana\/","title":{"rendered":"Obras na rede de distribui\u00e7\u00e3o de \u00e1gua afetam abastecimento em bairros de Londrina na pr\u00f3xima semana"},"content":{"rendered":"\n<p><em>As interliga\u00e7\u00f5es ser\u00e3o feitas na ter\u00e7a-feira (11), quarta-feira (12), quinta-feira (13) e domingo (16). Pode haver\u00a0desabastecimento\u00a0e\/ou oscila\u00e7\u00e3o de press\u00e3o\u00a0na rede\u00a0neste per\u00edodo.\u00a0Nos quatro dias de trabalho, os servi\u00e7os iniciam \u00e0s 8 horas e devem ser conclu\u00eddos at\u00e9 as 18 horas.<\/em><\/p>\n\n\n\n<p>A Sanepar informa que, na pr\u00f3xima semana, far\u00e1 diversas interliga\u00e7\u00f5es no sistema de distribui\u00e7\u00e3o em Londrina. Para a realiza\u00e7\u00e3o dos servi\u00e7os ser\u00e1 necess\u00e1rio interromper o fornecimento de \u00e1gua em bairros da cidade. As interliga\u00e7\u00f5es ser\u00e3o feitas na ter\u00e7a-feira (11), quarta-feira (12), quinta-feira (13) e domingo (16). Pode haver desabastecimento e\/ou oscila\u00e7\u00e3o de press\u00e3o na rede neste per\u00edodo.<\/p>\n\n\n\n<p> Nos quatro dias de trabalho, os servi\u00e7os iniciam \u00e0s 8 horas e devem ser conclu\u00eddos at\u00e9 as 18 horas. A previs\u00e3o \u00e9 de normaliza\u00e7\u00e3o no abastecimento at\u00e9 as 23h50, de forma gradativa. No caso de servi\u00e7os programados, eles podem ser cancelados e\/ou adiados dependendo das condi\u00e7\u00f5es clim\u00e1ticas ou por raz\u00f5es t\u00e9cnicas.<\/p>\n\n\n\n<p>Confira a programa\u00e7\u00e3o:<\/p>\n\n\n\n<p>Ter\u00e7a-feira: interliga\u00e7\u00f5es na Avenida Jamil Scaff, esquina com Avenida M\u00e1ximo Perez Garcia. Pode haver desabastecimento e\/ou oscila\u00e7\u00e3o de press\u00e3o na rede nos bairros Chamonix, Alexandre Urbanas, Abussafe, Tau\u00e1 e MRV.Quarta-feira: interliga\u00e7\u00f5es e obras nas ruas Ivone Freitas Lopes, Luis Batista da Silva (esquina com Tatsuo Koyashiki), Lelio Orlando Policastro, Celso Agn\u00e9lio Teodoro de Paula, Francisca Hosken de Farias Castro e Av. Presidente Eurico Gaspar Dutra. Pode haver desabastecimento e\/ou oscila\u00e7\u00e3o de press\u00e3o na rede nos bairros Tarob\u00e1, Tito Carneiro, Atlanta e Ponte Seca.Quinta-feira: interliga\u00e7\u00f5es na Avenida Santa M\u00f4nica, da esquina da Rua Santa Terezinha at\u00e9 a esquina da Rua Mangan\u00eas. Pode haver desabastecimento e\/ou oscila\u00e7\u00e3o de press\u00e3o na rede na Vila Yara, Vila Casoni, Jd. Shinzato, Jd. Castelo e Waldemar Hauer.Domingo: interliga\u00e7\u00f5es e instala\u00e7\u00e3o de equipamentos na rua Rio Grande do Sul (esquina com rua Bel\u00e9m), na Av. Jorge Casoni (esquina com rua Bel\u00e9m) e na Av. Duque de Caxias (esquina com rua Amap\u00e1). <\/p>\n\n\n\n<p>Pode haver desabastecimento e\/ou oscila\u00e7\u00e3o de press\u00e3o na rede nos seguintes locais: Parque Industrial Bras\u00edlia, Jardim Felicidade, Conjunto Habitacional Novo Amparo, CH Santa Luzia, Habitten Santa Regina, Jd. Indusville 1 e 2, Residencial Lindoia, CH Jesualdo Garcia Pessoa, CH Mister Arthur Thomas, CH Jos\u00e9 Maur\u00edcio Barroso, Parque Nacional, Jd. Jeronnymo, Portal Norte, CH Farid Libos, Jd. Moema, Jd. Tropical e Tropical 2, Jd. Pacaembu 2, Jd. Luiz Miguel, Jd. Lago Norte, Jd. Nova Alian\u00e7a, Parque Residencial Elizabeth, CH Villa Antonio Benzoni Vicentini, Pq. Res. Liberdade, Jd. da Urca, Jd. Rita C. Fernandes, Res. Vila Romana, Jd. Alemanha, Vila Izabel, Parque Tecnol\u00f3gico Francisco Sciarra, Pq. Waldemar Hauer A e B, Pq. das Ind\u00fastrias Leves, Vila Yara, Res. Garden Park, Jd. Portal de Itamarac\u00e1, Ch\u00e1caras, Jd. Terra Roxa, Jd. Montecatini, Jd. Mirassol, Pq. S\u00e3o Gabriel, Jd. Ouro Preto, Jd. S\u00e3o Jos\u00e9, Jd. S\u00e3o Jo\u00e3o, Jd. Shinzato, Jd. Castelo, Pq. Oriente, Jd. Am\u00e1lia, Jd. Eliza 1 e 2, Jd. Tsukamoto, Vila Santi, Jd. Fujiyama, Jd. Souza Coelho, Jd. Social, Jd. Arabela, Jd. Kase, Jd. Mar\u00edzia, Jd. Mar\u00edzia 1 e 2, Jd. Progresso, Jd. Paschoal, Jd. Fortaleza, Jd. Paulista, Jd. Gabriela, Pq. Com. Quati, Jd. Quati, Pq. ABC 2, Pq. Ind. Betel, Ch\u00e1caras Novo Mundo, Vila S\u00e3o Paulo, Vila Matsunaga, Vila Casoni, Pq. Guaratuba, Pq. Rosale, Jd. Barra Grande, Pq. das \u00c1guas, Vila Galv\u00e3o, Pq. S\u00e3o Louren\u00e7o, Vila Matarazzo, Vila Rica, Pq. Bom Retiro, CH Barra Vento, Vila Portuguesa, Vila S\u00e3o Caetano, Vila Recreio, Vila Zanetti, Jd. Vania, Jd. Guapor\u00e9, Jd. Yoshikawa, Vila Primavera, Jd. Real, Vila Balarotti, Jd. Ideal, Jd. Santa In\u00eas, Jd. Itaiou, Vila Franchelo, Vila Santa Terezinha, Vila Amaral, Jd. Espanha, Jd. Fran\u00e7a, Jd. S\u00e3o Luiz, Jd. Paran\u00e1, Vila Gois e Vila Independ\u00eancia.<\/p>\n\n\n\n<p>Podem ficar sem \u00e1gua clientes que n\u00e3o possuem caixa-d\u2019\u00e1gua domiciliar. A Sanepar lembra que, de acordo com norma da Associa\u00e7\u00e3o Brasileira de Normas T\u00e9cnicas (ABNT), cada im\u00f3vel deve ter caixa-d\u2019\u00e1gua com capacidade para atender as necessidades dos moradores por, no m\u00ednimo, 24 horas. <\/p>\n\n\n\n<p>O reservat\u00f3rio domiciliar deve armazenar pelo menos 500 litros.<\/p>\n\n\n\n<p>A Sanepar pede a colabora\u00e7\u00e3o de todos e orienta para que a popula\u00e7\u00e3o utilize a \u00e1gua com racionalidade, evitando desperd\u00edcios.<\/p>\n\n\n\n<p>O Servi\u00e7o de Atendimento ao Cliente Sanepar \u00e9 feito pelo telefone 0800 200 0115. Ao ligar, tenha em m\u00e3os a conta de \u00e1gua ou o n\u00famero de sua matr\u00edcula. Para consultar esta e outras informa\u00e7\u00f5es, use o aplicativo para celular Sanepar Mobile ou acesse o site da Sanepar.<\/p>\n\n\n\n<p>AEN<\/p>\n","protected":false},"excerpt":{"rendered":"<p>As interliga\u00e7\u00f5es ser\u00e3o feitas na ter\u00e7a-feira (11), quarta-feira (12), quinta-feira (13) e domingo (16). Pode haver\u00a0desabastecimento\u00a0e\/ou oscila\u00e7\u00e3o de press\u00e3o\u00a0na rede\u00a0neste per\u00edodo.\u00a0Nos quatro dias de trabalho, os servi\u00e7os iniciam \u00e0s 8 horas e devem ser conclu\u00eddos at\u00e9 as 18 horas. A Sanepar informa que, na pr\u00f3xima semana, far\u00e1 diversas interliga\u00e7\u00f5es no sistema de distribui\u00e7\u00e3o em Londrina. [&hellip;]<\/p>\n","protected":false},"author":2,"featured_media":28564,"comment_status":"open","ping_status":"open","sticky":false,"template":"","format":"standard","meta":{"advanced_seo_description":"","jetpack_seo_html_title":"","jetpack_seo_noindex":false,"_jetpack_memberships_contains_paid_content":false,"footnotes":""},"categories":[40],"tags":[],"class_list":{"0":"post-51552","1":"post","2":"type-post","3":"status-publish","4":"format-standard","5":"has-post-thumbnail","7":"category-destaques"},"jetpack_featured_media_url":"https:\/\/www.paranapraia.com.br\/wp-content\/uploads\/2020\/07\/noticia_529794_img1_corona-onibus-fernando-frazao-1.jpg","jetpack_sharing_enabled":true,"_links":{"self":[{"href":"https:\/\/www.paranapraia.com.br\/index.php\/wp-json\/wp\/v2\/posts\/51552"}],"collection":[{"href":"https:\/\/www.paranapraia.com.br\/index.php\/wp-json\/wp\/v2\/posts"}],"about":[{"href":"https:\/\/www.paranapraia.com.br\/index.php\/wp-json\/wp\/v2\/types\/post"}],"author":[{"embeddable":true,"href":"https:\/\/www.paranapraia.com.br\/index.php\/wp-json\/wp\/v2\/users\/2"}],"replies":[{"embeddable":true,"href":"https:\/\/www.paranapraia.com.br\/index.php\/wp-json\/wp\/v2\/comments?post=51552"}],"version-history":[{"count":1,"href":"https:\/\/www.paranapraia.com.br\/index.php\/wp-json\/wp\/v2\/posts\/51552\/revisions"}],"predecessor-version":[{"id":51553,"href":"https:\/\/www.paranapraia.com.br\/index.php\/wp-json\/wp\/v2\/posts\/51552\/revisions\/51553"}],"wp:featuredmedia":[{"embeddable":true,"href":"https:\/\/www.paranapraia.com.br\/index.php\/wp-json\/wp\/v2\/media\/28564"}],"wp:attachment":[{"href":"https:\/\/www.paranapraia.com.br\/index.php\/wp-json\/wp\/v2\/media?parent=51552"}],"wp:term":[{"taxonomy":"category","embeddable":true,"href":"https:\/\/www.paranapraia.com.br\/index.php\/wp-json\/wp\/v2\/categories?post=51552"},{"taxonomy":"post_tag","embeddable":true,"href":"https:\/\/www.paranapraia.com.br\/index.php\/wp-json\/wp\/v2\/tags?post=51552"}],"curies":[{"name":"wp","href":"https:\/\/api.w.org\/{rel}","templated":true}]}}