{"id":51546,"date":"2023-07-05T09:23:46","date_gmt":"2023-07-05T12:23:46","guid":{"rendered":"https:\/\/www.paranapraia.com.br\/?p=51546"},"modified":"2023-07-05T09:23:47","modified_gmt":"2023-07-05T12:23:47","slug":"pcpr-deflagra-operacao-contra-organizacao-responsavel-por-furtos-de-cargas-no-parana-e-em-santa-catarina","status":"publish","type":"post","link":"https:\/\/www.paranapraia.com.br\/index.php\/2023\/07\/05\/pcpr-deflagra-operacao-contra-organizacao-responsavel-por-furtos-de-cargas-no-parana-e-em-santa-catarina\/","title":{"rendered":"PCPR deflagra opera\u00e7\u00e3o contra organiza\u00e7\u00e3o respons\u00e1vel por furtos de cargas no Paran\u00e1 e em Santa Catarina"},"content":{"rendered":"\n<p><em>S\u00e3o 12 mandados de pris\u00e3o preventiva, 12 bloqueios de contas, 14 mandados de busca e apreens\u00e3o e um sequestro de ve\u00edculo,. A opera\u00e7\u00e3o acontece simultaneamente na capital paranaense e em cidades catarinenses<\/em><\/p>\n\n\n\n<p>A Pol\u00edcia Civil do Paran\u00e1 (PCPR) est\u00e1 nas ruas desde as primeiras horas da manh\u00e3 desta quarta-feira (5) para cumprir 39 ordens judiciais contra uma organiza\u00e7\u00e3o criminosa ligada a pelo menos dez furtos de cargas no Paran\u00e1 e em Santa Catarina.<\/p>\n\n\n\n<p> A a\u00e7\u00e3o conta com o apoio da Pol\u00edcia Civil de Santa Catarina. S\u00e3o 12 mandados de pris\u00e3o preventiva, 12 bloqueios de contas, 14 mandados de busca e apreens\u00e3o e um sequestro de ve\u00edculo. A opera\u00e7\u00e3o acontece simultaneamente na capital paranaense e em Barra Velha, Joinville, Santa Rosa do Sul, S\u00e3o Francisco, Tijucas e Morro da Fuma\u00e7a, em Santa Catarina. Durante as investiga\u00e7\u00f5es, a PCPR apurou que a organiza\u00e7\u00e3o criminosa aliciava motoristas para que simulassem roubo de cargas e, posteriormente, furtavam as cargas e os caminh\u00f5es. <\/p>\n\n\n\n<p>Os motoristas iam at\u00e9 a delegacia para registrar o boletim de ocorr\u00eancia, mas na realidade tinham entregado as cargas. <\/p>\n\n\n\n<p>\u201cIdentificamos que a organiza\u00e7\u00e3o criminosa era bem dividida, com uma organiza\u00e7\u00e3o de tarefas bem n\u00edtida. Os l\u00edderes eram respons\u00e1veis por acompanhar os motoristas at\u00e9 o local onde iriam dormir, enquanto outro integrante desligava o sistema de rastreamento e permanecia com eles at\u00e9 a carga ser ocultada e eles irem \u00e0 delegacia fazer o falso registro\u201d, afirma o delegado Andr\u00e9 Feltes.<\/p>\n\n\n\n<p> Os suspeitos s\u00e3o investigados por organiza\u00e7\u00e3o criminosa, falsa comunica\u00e7\u00e3o de crime, adultera\u00e7\u00e3o de sinal identificador de ve\u00edculo automotor e furto qualificado.<\/p>\n\n\n\n<p>AEN<\/p>\n","protected":false},"excerpt":{"rendered":"<p>S\u00e3o 12 mandados de pris\u00e3o preventiva, 12 bloqueios de contas, 14 mandados de busca e apreens\u00e3o e um sequestro de ve\u00edculo,. A opera\u00e7\u00e3o acontece simultaneamente na capital paranaense e em cidades catarinenses A Pol\u00edcia Civil do Paran\u00e1 (PCPR) est\u00e1 nas ruas desde as primeiras horas da manh\u00e3 desta quarta-feira (5) para cumprir 39 ordens judiciais [&hellip;]<\/p>\n","protected":false},"author":2,"featured_media":46427,"comment_status":"open","ping_status":"open","sticky":false,"template":"","format":"standard","meta":{"advanced_seo_description":"","jetpack_seo_html_title":"","jetpack_seo_noindex":false,"_jetpack_memberships_contains_paid_content":false,"footnotes":""},"categories":[33],"tags":[],"class_list":{"0":"post-51546","1":"post","2":"type-post","3":"status-publish","4":"format-standard","5":"has-post-thumbnail","7":"category-policia"},"jetpack_featured_media_url":"https:\/\/www.paranapraia.com.br\/wp-content\/uploads\/2023\/05\/pcprfoz-1.jpg","jetpack_sharing_enabled":true,"_links":{"self":[{"href":"https:\/\/www.paranapraia.com.br\/index.php\/wp-json\/wp\/v2\/posts\/51546"}],"collection":[{"href":"https:\/\/www.paranapraia.com.br\/index.php\/wp-json\/wp\/v2\/posts"}],"about":[{"href":"https:\/\/www.paranapraia.com.br\/index.php\/wp-json\/wp\/v2\/types\/post"}],"author":[{"embeddable":true,"href":"https:\/\/www.paranapraia.com.br\/index.php\/wp-json\/wp\/v2\/users\/2"}],"replies":[{"embeddable":true,"href":"https:\/\/www.paranapraia.com.br\/index.php\/wp-json\/wp\/v2\/comments?post=51546"}],"version-history":[{"count":1,"href":"https:\/\/www.paranapraia.com.br\/index.php\/wp-json\/wp\/v2\/posts\/51546\/revisions"}],"predecessor-version":[{"id":51547,"href":"https:\/\/www.paranapraia.com.br\/index.php\/wp-json\/wp\/v2\/posts\/51546\/revisions\/51547"}],"wp:featuredmedia":[{"embeddable":true,"href":"https:\/\/www.paranapraia.com.br\/index.php\/wp-json\/wp\/v2\/media\/46427"}],"wp:attachment":[{"href":"https:\/\/www.paranapraia.com.br\/index.php\/wp-json\/wp\/v2\/media?parent=51546"}],"wp:term":[{"taxonomy":"category","embeddable":true,"href":"https:\/\/www.paranapraia.com.br\/index.php\/wp-json\/wp\/v2\/categories?post=51546"},{"taxonomy":"post_tag","embeddable":true,"href":"https:\/\/www.paranapraia.com.br\/index.php\/wp-json\/wp\/v2\/tags?post=51546"}],"curies":[{"name":"wp","href":"https:\/\/api.w.org\/{rel}","templated":true}]}}