{"id":51543,"date":"2023-07-05T09:18:55","date_gmt":"2023-07-05T12:18:55","guid":{"rendered":"https:\/\/www.paranapraia.com.br\/?p=51543"},"modified":"2023-07-05T09:18:55","modified_gmt":"2023-07-05T12:18:55","slug":"parceria-entre-estado-e-itaipu-vai-permitir-renovacao-de-mobiliario-de-286-escolas","status":"publish","type":"post","link":"https:\/\/www.paranapraia.com.br\/index.php\/2023\/07\/05\/parceria-entre-estado-e-itaipu-vai-permitir-renovacao-de-mobiliario-de-286-escolas\/","title":{"rendered":"Parceria entre Estado e Itaipu vai permitir renova\u00e7\u00e3o de mobili\u00e1rio de 286 escolas"},"content":{"rendered":"\n<p><em>Unidades estaduais de educa\u00e7\u00e3o beneficiadas est\u00e3o distribu\u00eddas em 55 munic\u00edpios das regi\u00f5es Noroeste, Oeste e Sudoeste do Paran\u00e1. O projeto, intitulado de Itaipu para a Educa\u00e7\u00e3o, foi iniciado dezembro de 2022, em tratativas entre a empresa e a administra\u00e7\u00e3o estadual.<\/em><\/p>\n\n\n\n<p>Uma parceria formalizada nesta ter\u00e7a-feira (04) entre o Governo do Paran\u00e1 e a Itaipu Binacional vai beneficiar 286 escolas estaduais de 55 munic\u00edpios da regi\u00e3o de abrang\u00eancia da usina. Elas receber\u00e3o um investimento de R$ 17,1 milh\u00f5es para a aquisi\u00e7\u00e3o de novos equipamentos e mobili\u00e1rios, beneficiando alunos, professores e demais funcion\u00e1rios que atuam nas unidades escolares.<\/p>\n\n\n\n<p>O conv\u00eanio foi assinado em Foz do Igua\u00e7u pelo vice-governador Darci Piana, o presidente Luiz In\u00e1cio Lula da Silva, o presidente da Itaipu Binacional, Enio Verri, e o secret\u00e1rio de Estado da Educa\u00e7\u00e3o, Roni Miranda.Segundo Piana, este \u00e9 apenas o primeiro fruto da articula\u00e7\u00e3o entre o Governo do Estado com a nova gest\u00e3o da Itaipu. <\/p>\n\n\n\n<p>\u201cHoje, tivemos uma conversa muito boa com o presidente da Itaipu e o secret\u00e1rio Roni Miranda para um segundo acordo voltado \u00e0 \u00e1rea educacional com um valor ainda maior e que dever\u00e1 ser assinado na sequ\u00eancia\u201d, revelou.<\/p>\n\n\n\n<p>Para o vice-governador, investimentos como esse, viabilizados em parceria com outros \u00f3rg\u00e3os p\u00fablicos, assim como aqueles viabilizados com recursos pr\u00f3prios do tesouro estadual, ajudam a explicar os motivos do Paran\u00e1 ter avan\u00e7ado do s\u00e9timo lugar para a lideran\u00e7a nacional no \u00cdndice de Desenvolvimento da Educa\u00e7\u00e3o B\u00e1sica (IDEB) no Ensino M\u00e9dio nos \u00faltimos quatro anos e meio.<\/p>\n\n\n\n<p>\u201cO Paran\u00e1 tem atualmente a primeira educa\u00e7\u00e3o do Pa\u00eds e continuaremos a trabalhar para nos tornarmos tamb\u00e9m a melhor da Am\u00e9rica Latina, igualando o n\u00edvel de ensino dos pa\u00edses europeus\u201d, acrescentou o vice-governador.<\/p>\n\n\n\n<p>RECURSOS \u2013 O projeto, intitulado de Itaipu para a Educa\u00e7\u00e3o, foi iniciado dezembro de 2022, em tratativas entre a empresa e a administra\u00e7\u00e3o estadual. Os recursos a serem repassados foram obtidos a partir da comercializa\u00e7\u00e3o de im\u00f3veis ociosos que pertenciam \u00e0 usina.<\/p>\n\n\n\n<p>As institui\u00e7\u00f5es de ensino p\u00fablico paranaense beneficiadas pela iniciativa est\u00e3o distribu\u00eddas nos chamados munic\u00edpios lindeiros \u2013 aqueles que de alguma forma foram afetados pelas mudan\u00e7as causadas pela constru\u00e7\u00e3o da represa, como a perda territorial \u2013 distribu\u00eddas nos N\u00facleos Regionais de Educa\u00e7\u00e3o de Assis Chateaubriand, Cascavel, Foz do Igua\u00e7u, Goioer\u00ea, Laranjeiras do Sul, Toledo e Umuarama.<\/p>\n\n\n\n<p>Entre outros itens, o dinheiro ser\u00e1 utilizado para a compra de novos arm\u00e1rios e estantes em a\u00e7o para uso administrativo e nas bibliotecas, mesas e cadeiras para os alunos, incluindo mesas acess\u00edveis para cadeirantes, conjuntos para refeit\u00f3rio tamb\u00e9m com acessibilidade e banquetas para uso em laborat\u00f3rios.<\/p>\n\n\n\n<p>A previs\u00e3o \u00e9 de que os materiais comecem a ser entregues para os col\u00e9gios dentro de 60 dias, estando \u00e0 disposi\u00e7\u00e3o da comunidade escolar ainda neste ano letivo, conforme explicou o presidente da Itaipu. <\/p>\n\n\n\n<p>\u201cA transfer\u00eancia de recursos para a Secretaria de Estado da Educa\u00e7\u00e3o, cujos recursos ser\u00e3o aplicadas em 278 escolas p\u00fablicas da regi\u00e3o, demostra o nosso compromisso com a forma\u00e7\u00e3o da comunidade do Paran\u00e1\u201d, declarou Verri.<\/p>\n\n\n\n<p>EDUCA\u00c7\u00c3O DE REFER\u00caNCIA \u2013 De acordo com o secret\u00e1rio de Educa\u00e7\u00e3o do Paran\u00e1, o novo conv\u00eanio que est\u00e1 sendo negociado com a Itaipu ser\u00e1 focado em estruturas complementares \u00e0s escolas, como equipamentos de gera\u00e7\u00e3o de energia solar, biodigestores e estruturas para a instala\u00e7\u00e3o de estufas nas escolas, com um investimento estimado em R$ 24 milh\u00f5es.<\/p>\n\n\n\n<p>Miranda citou ainda outras a\u00e7\u00f5es que s\u00e3o coordenadas pela pasta e que ajudam a melhorar a qualidade do ensino p\u00fablico paranaense.<\/p>\n\n\n\n<p> \u201cEssa \u00e9 mais uma a\u00e7\u00e3o, a exemplo da substitui\u00e7\u00e3o de todas as antigas salas de aula de madeira que ainda existiam no Estado, a distribui\u00e7\u00e3o de mais de 50 mil tablets, quase 40 mil computadores, al\u00e9m de 18 notebooks e kits de rob\u00f3tica\u201d, contou.<\/p>\n\n\n\n<p>\u201cEstas medidas fazem com que o Paran\u00e1 seja o estado que mais investiu em educa\u00e7\u00e3o em 2023, o que traz qualidade e conforto aos estudantes, professores e toda a comunidade escolar, demonstrando que o Governo do Paran\u00e1 trabalha em prol dos alunos paranaenses&#8221;, complementou.<\/p>\n\n\n\n<p>OUTROS INVESTIMENTOS \u2013 Durante o evento, o governo federal tamb\u00e9m anunciou a retomada das obras da sede da Universidade Federal da Integra\u00e7\u00e3o Latino-Americana (Unila), que estavam paradas h\u00e1 nove anos e devem ser conclu\u00eddas nos pr\u00f3ximos tr\u00eas. A Uni\u00e3o tamb\u00e9m anunciou a constru\u00e7\u00e3o de 200 casas populares em Foz do Igua\u00e7u e deu posse \u00e0 nova reitora da Unila, a professora Diana Ara\u00fajo Pereira.<\/p>\n\n\n\n<p>AEN<\/p>\n","protected":false},"excerpt":{"rendered":"<p>Unidades estaduais de educa\u00e7\u00e3o beneficiadas est\u00e3o distribu\u00eddas em 55 munic\u00edpios das regi\u00f5es Noroeste, Oeste e Sudoeste do Paran\u00e1. O projeto, intitulado de Itaipu para a Educa\u00e7\u00e3o, foi iniciado dezembro de 2022, em tratativas entre a empresa e a administra\u00e7\u00e3o estadual. Uma parceria formalizada nesta ter\u00e7a-feira (04) entre o Governo do Paran\u00e1 e a Itaipu Binacional [&hellip;]<\/p>\n","protected":false},"author":2,"featured_media":51544,"comment_status":"open","ping_status":"open","sticky":false,"template":"","format":"standard","meta":{"advanced_seo_description":"","jetpack_seo_html_title":"","jetpack_seo_noindex":false,"_jetpack_memberships_contains_paid_content":false,"footnotes":""},"categories":[40],"tags":[],"class_list":{"0":"post-51543","1":"post","2":"type-post","3":"status-publish","4":"format-standard","5":"has-post-thumbnail","7":"category-destaques"},"jetpack_featured_media_url":"https:\/\/www.paranapraia.com.br\/wp-content\/uploads\/2023\/07\/am_3238-scaled.jpg","jetpack_sharing_enabled":true,"_links":{"self":[{"href":"https:\/\/www.paranapraia.com.br\/index.php\/wp-json\/wp\/v2\/posts\/51543"}],"collection":[{"href":"https:\/\/www.paranapraia.com.br\/index.php\/wp-json\/wp\/v2\/posts"}],"about":[{"href":"https:\/\/www.paranapraia.com.br\/index.php\/wp-json\/wp\/v2\/types\/post"}],"author":[{"embeddable":true,"href":"https:\/\/www.paranapraia.com.br\/index.php\/wp-json\/wp\/v2\/users\/2"}],"replies":[{"embeddable":true,"href":"https:\/\/www.paranapraia.com.br\/index.php\/wp-json\/wp\/v2\/comments?post=51543"}],"version-history":[{"count":1,"href":"https:\/\/www.paranapraia.com.br\/index.php\/wp-json\/wp\/v2\/posts\/51543\/revisions"}],"predecessor-version":[{"id":51545,"href":"https:\/\/www.paranapraia.com.br\/index.php\/wp-json\/wp\/v2\/posts\/51543\/revisions\/51545"}],"wp:featuredmedia":[{"embeddable":true,"href":"https:\/\/www.paranapraia.com.br\/index.php\/wp-json\/wp\/v2\/media\/51544"}],"wp:attachment":[{"href":"https:\/\/www.paranapraia.com.br\/index.php\/wp-json\/wp\/v2\/media?parent=51543"}],"wp:term":[{"taxonomy":"category","embeddable":true,"href":"https:\/\/www.paranapraia.com.br\/index.php\/wp-json\/wp\/v2\/categories?post=51543"},{"taxonomy":"post_tag","embeddable":true,"href":"https:\/\/www.paranapraia.com.br\/index.php\/wp-json\/wp\/v2\/tags?post=51543"}],"curies":[{"name":"wp","href":"https:\/\/api.w.org\/{rel}","templated":true}]}}