{"id":51536,"date":"2023-07-04T19:52:36","date_gmt":"2023-07-04T22:52:36","guid":{"rendered":"https:\/\/www.paranapraia.com.br\/?p=51536"},"modified":"2023-07-04T19:52:37","modified_gmt":"2023-07-04T22:52:37","slug":"conclusao-da-obra-de-revitalizacao-da-orla-em-matinhos-e-reivindicada-em-manifestacao","status":"publish","type":"post","link":"https:\/\/www.paranapraia.com.br\/index.php\/2023\/07\/04\/conclusao-da-obra-de-revitalizacao-da-orla-em-matinhos-e-reivindicada-em-manifestacao\/","title":{"rendered":"Conclus\u00e3o da obra de revitaliza\u00e7\u00e3o da orla em Matinhos \u00e9 reivindicada em manifesta\u00e7\u00e3o"},"content":{"rendered":"\n<p>Uma manifesta\u00e7\u00e3o de moradores, comerciantes e representantes da sociedade civil aconteceu na manh\u00e3 desta ter\u00e7a-feira (04) em Matinhos. O ato teve o objetivo de chamar a aten\u00e7\u00e3o para a conclus\u00e3o urgente da obra de revitaliza\u00e7\u00e3o da orla nos balne\u00e1rios Praia Grande e Fl\u00f3rida.<\/p>\n\n\n\n<p>Os manifestantes alegam que faltam apenas 600 metros para os trabalhos serem conclu\u00eddos. A obra est\u00e1 parada por conta de uma den\u00fancia feita junto \u00e0 autoridade p\u00fablica, em fun\u00e7\u00e3o de suposto dano ambiental e preju\u00edzo aos resqu\u00edcios de restinga que existiam no local. Esta den\u00fancia gerou um embargo aos trabalhos, feito pelo IBAMA.<\/p>\n\n\n\n<figure class=\"wp-block-gallery has-nested-images columns-default is-cropped wp-block-gallery-1 is-layout-flex wp-block-gallery-is-layout-flex\">\n<figure class=\"wp-block-image size-large\"><img loading=\"lazy\" decoding=\"async\" width=\"1024\" height=\"576\" data-id=\"51538\" src=\"https:\/\/www.paranapraia.com.br\/wp-content\/uploads\/2023\/07\/FB_IMG_1688511029492-1024x576.jpg\" alt=\"\" class=\"wp-image-51538\" srcset=\"https:\/\/www.paranapraia.com.br\/wp-content\/uploads\/2023\/07\/FB_IMG_1688511029492-1024x576.jpg 1024w, https:\/\/www.paranapraia.com.br\/wp-content\/uploads\/2023\/07\/FB_IMG_1688511029492-300x169.jpg 300w, https:\/\/www.paranapraia.com.br\/wp-content\/uploads\/2023\/07\/FB_IMG_1688511029492-768x432.jpg 768w, https:\/\/www.paranapraia.com.br\/wp-content\/uploads\/2023\/07\/FB_IMG_1688511029492-696x392.jpg 696w, https:\/\/www.paranapraia.com.br\/wp-content\/uploads\/2023\/07\/FB_IMG_1688511029492-1068x601.jpg 1068w, https:\/\/www.paranapraia.com.br\/wp-content\/uploads\/2023\/07\/FB_IMG_1688511029492-746x420.jpg 746w, https:\/\/www.paranapraia.com.br\/wp-content\/uploads\/2023\/07\/FB_IMG_1688511029492.jpg 1080w\" sizes=\"(max-width: 1024px) 100vw, 1024px\" \/><figcaption class=\"wp-element-caption\">DCIM\\105MEDIA\\DJI_0916.JPG<\/figcaption><\/figure>\n\n\n\n<figure class=\"wp-block-image size-large\"><img loading=\"lazy\" decoding=\"async\" width=\"1024\" height=\"576\" data-id=\"51539\" src=\"https:\/\/www.paranapraia.com.br\/wp-content\/uploads\/2023\/07\/FB_IMG_1688511024063-1024x576.jpg\" alt=\"\" class=\"wp-image-51539\" srcset=\"https:\/\/www.paranapraia.com.br\/wp-content\/uploads\/2023\/07\/FB_IMG_1688511024063-1024x576.jpg 1024w, https:\/\/www.paranapraia.com.br\/wp-content\/uploads\/2023\/07\/FB_IMG_1688511024063-300x169.jpg 300w, https:\/\/www.paranapraia.com.br\/wp-content\/uploads\/2023\/07\/FB_IMG_1688511024063-768x432.jpg 768w, https:\/\/www.paranapraia.com.br\/wp-content\/uploads\/2023\/07\/FB_IMG_1688511024063-696x392.jpg 696w, https:\/\/www.paranapraia.com.br\/wp-content\/uploads\/2023\/07\/FB_IMG_1688511024063-1068x601.jpg 1068w, https:\/\/www.paranapraia.com.br\/wp-content\/uploads\/2023\/07\/FB_IMG_1688511024063-746x420.jpg 746w, https:\/\/www.paranapraia.com.br\/wp-content\/uploads\/2023\/07\/FB_IMG_1688511024063.jpg 1080w\" sizes=\"(max-width: 1024px) 100vw, 1024px\" \/><figcaption class=\"wp-element-caption\">DCIM\\105MEDIA\\DJI_0913.JPG<\/figcaption><\/figure>\n<\/figure>\n\n\n\n<p>Segundo os moradores da regi\u00e3o, as fortes ressacas destru\u00edram ao longo dos anos o cal\u00e7amento e o asfalto, invadindo resid\u00eancias e pontos comerciais. Eles tamb\u00e9m alegam que a vegeta\u00e7\u00e3o existente n\u00e3o cumpre as fun\u00e7\u00f5es de restinga. Ainda de acordo com os manifestantes, a vegeta\u00e7\u00e3o mais elevada serve de ref\u00fagio a malfeitores e desocupados.<\/p>\n\n\n\n<p>Nesta semana, um protesto foi feito pelo embargo do IBAMA \u00e0 obra de revitaliza\u00e7\u00e3o da orla. Banners foram colocados na faixa de areia, solicitando ao \u00f3rg\u00e3o federal explica\u00e7\u00f5es a respeito da continuidade do projeto.<\/p>\n\n\n\n<p>Al\u00e9m dessas manifesta\u00e7\u00f5es, uma peti\u00e7\u00e3o p\u00fablica est\u00e1 dispon\u00edvel na internet para solicitar a retomada da obra. Quem quiser aderir pode acessar o link <a href=\"https:\/\/peticaopublica.com.br\/?pi=BR130627&amp;fbclid=IwAR2hHfxoZmi--yRIolEY1hVpFSPqeUODTaHWk65D5omx6IjEH0Y2JcQxs\" target=\"_blank\" rel=\"noreferrer noopener\">https:\/\/peticaopublica.com.br\/?pi=BR130627&amp;fbclid=IwAR2hHfxoZmi&#8211;yRIolEY1hVpFSPqeUODTaHWk65D5omx6IjEH0Y2JcQxs<\/a>.<\/p>\n\n\n\n<p>Departamento de Comunica\u00e7\u00e3o<br>Prefeitura de Matinhos<\/p>\n\n\n\n<p>Acesse o nosso portal: https:\/\/matinhos.atende.net\/cidadao\/noticia\/conclusao-da-obra-de-revitalizacao-da-orla-e-reivindicada-em-manifestacao<\/p>\n","protected":false},"excerpt":{"rendered":"<p>Uma manifesta\u00e7\u00e3o de moradores, comerciantes e representantes da sociedade civil aconteceu na manh\u00e3 desta ter\u00e7a-feira (04) em Matinhos. O ato teve o objetivo de chamar a aten\u00e7\u00e3o para a conclus\u00e3o urgente da obra de revitaliza\u00e7\u00e3o da orla nos balne\u00e1rios Praia Grande e Fl\u00f3rida. Os manifestantes alegam que faltam apenas 600 metros para os trabalhos serem [&hellip;]<\/p>\n","protected":false},"author":2,"featured_media":51537,"comment_status":"open","ping_status":"open","sticky":false,"template":"","format":"standard","meta":{"advanced_seo_description":"","jetpack_seo_html_title":"","jetpack_seo_noindex":false,"_jetpack_memberships_contains_paid_content":false,"footnotes":""},"categories":[1],"tags":[],"class_list":{"0":"post-51536","1":"post","2":"type-post","3":"status-publish","4":"format-standard","5":"has-post-thumbnail","7":"category-sem-categoria"},"jetpack_featured_media_url":"https:\/\/www.paranapraia.com.br\/wp-content\/uploads\/2023\/07\/FB_IMG_1688511037609.jpg","jetpack_sharing_enabled":true,"_links":{"self":[{"href":"https:\/\/www.paranapraia.com.br\/index.php\/wp-json\/wp\/v2\/posts\/51536"}],"collection":[{"href":"https:\/\/www.paranapraia.com.br\/index.php\/wp-json\/wp\/v2\/posts"}],"about":[{"href":"https:\/\/www.paranapraia.com.br\/index.php\/wp-json\/wp\/v2\/types\/post"}],"author":[{"embeddable":true,"href":"https:\/\/www.paranapraia.com.br\/index.php\/wp-json\/wp\/v2\/users\/2"}],"replies":[{"embeddable":true,"href":"https:\/\/www.paranapraia.com.br\/index.php\/wp-json\/wp\/v2\/comments?post=51536"}],"version-history":[{"count":1,"href":"https:\/\/www.paranapraia.com.br\/index.php\/wp-json\/wp\/v2\/posts\/51536\/revisions"}],"predecessor-version":[{"id":51540,"href":"https:\/\/www.paranapraia.com.br\/index.php\/wp-json\/wp\/v2\/posts\/51536\/revisions\/51540"}],"wp:featuredmedia":[{"embeddable":true,"href":"https:\/\/www.paranapraia.com.br\/index.php\/wp-json\/wp\/v2\/media\/51537"}],"wp:attachment":[{"href":"https:\/\/www.paranapraia.com.br\/index.php\/wp-json\/wp\/v2\/media?parent=51536"}],"wp:term":[{"taxonomy":"category","embeddable":true,"href":"https:\/\/www.paranapraia.com.br\/index.php\/wp-json\/wp\/v2\/categories?post=51536"},{"taxonomy":"post_tag","embeddable":true,"href":"https:\/\/www.paranapraia.com.br\/index.php\/wp-json\/wp\/v2\/tags?post=51536"}],"curies":[{"name":"wp","href":"https:\/\/api.w.org\/{rel}","templated":true}]}}