{"id":51532,"date":"2023-07-04T19:39:37","date_gmt":"2023-07-04T22:39:37","guid":{"rendered":"https:\/\/www.paranapraia.com.br\/?p=51532"},"modified":"2023-07-04T19:39:38","modified_gmt":"2023-07-04T22:39:38","slug":"operacao-de-buscas-por-aeronave-que-caiu-na-serra-do-mar-continua-major-do-cb-fala-detalhes","status":"publish","type":"post","link":"https:\/\/www.paranapraia.com.br\/index.php\/2023\/07\/04\/operacao-de-buscas-por-aeronave-que-caiu-na-serra-do-mar-continua-major-do-cb-fala-detalhes\/","title":{"rendered":"Opera\u00e7\u00e3o de buscas por aeronave que caiu na Serra do Mar continua. Major do CB fala detalhes"},"content":{"rendered":"\n<p>As buscas terrestres do Corpo de Bombeiros se prolongaram pelo dia todo. Foi percorrida a localiza\u00e7\u00e3o da Estrada do Limeira, na Serra da Prata, e pontos pr\u00f3ximos no intuito de localizar a aeronave desaparecida, mas nada foi encontrado. Tamb\u00e9m foram coletadas informa\u00e7\u00f5es de moradores da regi\u00e3o, o que vai subsidiar novas a\u00e7\u00f5es. \u00c1udio abaixo: <\/p>\n\n\n\n<p>As buscas a\u00e9reas realizadas pela FAB, que comanda a opera\u00e7\u00e3o, pelo BPMOA e pela Casa Militar, com um total de cinco aeronaves empregadas, tamb\u00e9m se prolongaram ao longo de toda a tarde.<\/p>\n\n\n\n<p>Para esta quarta-feira ser\u00e1 montado um Posto de Comando mais pr\u00f3ximo \u00e0 regi\u00e3o de Limeira, com utiliza\u00e7\u00e3o de novo efetivo terrestre e mais drones para melhorar a visualiza\u00e7\u00e3o do local, que \u00e9 de dif\u00edcil acesso e de mata fechada.<\/p>\n\n\n\n<p>Informa\u00e7\u00e3o mais completas foram concedidas em entrevista coletiva pelo comandante do Corpo de Bombeiros do Litoral, major Fabr\u00edcio Frazatto dos Santos. Segue o \u00e1udio:<\/p>\n\n\n\n<figure class=\"wp-block-audio\"><audio controls src=\"https:\/\/www.paranapraia.com.br\/wp-content\/uploads\/2023\/07\/AUD-20230704-WA0080.mp3\"><\/audio><\/figure>\n","protected":false},"excerpt":{"rendered":"<p>As buscas terrestres do Corpo de Bombeiros se prolongaram pelo dia todo. Foi percorrida a localiza\u00e7\u00e3o da Estrada do Limeira, na Serra da Prata, e pontos pr\u00f3ximos no intuito de localizar a aeronave desaparecida, mas nada foi encontrado. Tamb\u00e9m foram coletadas informa\u00e7\u00f5es de moradores da regi\u00e3o, o que vai subsidiar novas a\u00e7\u00f5es. \u00c1udio abaixo: As [&hellip;]<\/p>\n","protected":false},"author":2,"featured_media":51534,"comment_status":"open","ping_status":"open","sticky":false,"template":"","format":"standard","meta":{"advanced_seo_description":"","jetpack_seo_html_title":"","jetpack_seo_noindex":false,"_jetpack_memberships_contains_paid_content":false,"footnotes":""},"categories":[40],"tags":[],"class_list":{"0":"post-51532","1":"post","2":"type-post","3":"status-publish","4":"format-standard","5":"has-post-thumbnail","7":"category-destaques"},"jetpack_featured_media_url":"https:\/\/www.paranapraia.com.br\/wp-content\/uploads\/2023\/07\/IMG-20230704-WA0079.jpg","jetpack_sharing_enabled":true,"_links":{"self":[{"href":"https:\/\/www.paranapraia.com.br\/index.php\/wp-json\/wp\/v2\/posts\/51532"}],"collection":[{"href":"https:\/\/www.paranapraia.com.br\/index.php\/wp-json\/wp\/v2\/posts"}],"about":[{"href":"https:\/\/www.paranapraia.com.br\/index.php\/wp-json\/wp\/v2\/types\/post"}],"author":[{"embeddable":true,"href":"https:\/\/www.paranapraia.com.br\/index.php\/wp-json\/wp\/v2\/users\/2"}],"replies":[{"embeddable":true,"href":"https:\/\/www.paranapraia.com.br\/index.php\/wp-json\/wp\/v2\/comments?post=51532"}],"version-history":[{"count":1,"href":"https:\/\/www.paranapraia.com.br\/index.php\/wp-json\/wp\/v2\/posts\/51532\/revisions"}],"predecessor-version":[{"id":51535,"href":"https:\/\/www.paranapraia.com.br\/index.php\/wp-json\/wp\/v2\/posts\/51532\/revisions\/51535"}],"wp:featuredmedia":[{"embeddable":true,"href":"https:\/\/www.paranapraia.com.br\/index.php\/wp-json\/wp\/v2\/media\/51534"}],"wp:attachment":[{"href":"https:\/\/www.paranapraia.com.br\/index.php\/wp-json\/wp\/v2\/media?parent=51532"}],"wp:term":[{"taxonomy":"category","embeddable":true,"href":"https:\/\/www.paranapraia.com.br\/index.php\/wp-json\/wp\/v2\/categories?post=51532"},{"taxonomy":"post_tag","embeddable":true,"href":"https:\/\/www.paranapraia.com.br\/index.php\/wp-json\/wp\/v2\/tags?post=51532"}],"curies":[{"name":"wp","href":"https:\/\/api.w.org\/{rel}","templated":true}]}}