{"id":51513,"date":"2023-07-04T17:39:34","date_gmt":"2023-07-04T20:39:34","guid":{"rendered":"https:\/\/www.paranapraia.com.br\/?p=51513"},"modified":"2023-07-04T17:39:34","modified_gmt":"2023-07-04T20:39:34","slug":"copel-contrata-sistema-de-geracao-solar-para-comunidade-da-ilha-do-mel","status":"publish","type":"post","link":"https:\/\/www.paranapraia.com.br\/index.php\/2023\/07\/04\/copel-contrata-sistema-de-geracao-solar-para-comunidade-da-ilha-do-mel\/","title":{"rendered":"Copel contrata sistema de gera\u00e7\u00e3o solar para comunidade da Ilha do Mel"},"content":{"rendered":"\n<p><em>A solu\u00e7\u00e3o foi escolhida pela Copel por ser a tecnologia mais efetiva, sustent\u00e1vel e com menor impacto ambiental para fornecer energia \u00e0s fam\u00edlias da comunidade tradicional da Ponta Oeste, que se localiza em uma \u00c1rea de Prote\u00e7\u00e3o Ambiental.<\/em><\/p>\n\n\n\n<p>A Copel vai construir um sistema de gera\u00e7\u00e3o solar fotovoltaica para atender a comunidade tradicional da Ponta Oeste, na Ilha do Mel. A solu\u00e7\u00e3o foi escolhida por ser a tecnologia mais efetiva, sustent\u00e1vel e com menor impacto ambiental para fornecer energia \u00e0s fam\u00edlias desta comunidade, que se localiza em uma \u00c1rea de Prote\u00e7\u00e3o Ambiental (APA). <\/p>\n\n\n\n<p>Nesta segunda-feira (3), a companhia lan\u00e7ou o edital para contratar a empresa que ser\u00e1 respons\u00e1vel pela constru\u00e7\u00e3o das centrais solares.Sem custos de instala\u00e7\u00e3o para a popula\u00e7\u00e3o, o sistema ser\u00e1 formado por pain\u00e9is fotovoltaicos que totalizam 62 quilowatts-pico (kWp) \u2013 unidade que mede a capacidade m\u00e1xima de pot\u00eancia do sistema \u2013 e um cont\u00eainer com baterias que possuem 75 quilowatts (kW) de pot\u00eancia e capacidade para armazenar 450 (quilowatts-hora) kWh.<\/p>\n\n\n\n<p>Projetado para gerar energia renov\u00e1vel, sem emiss\u00e3o de poluentes e de forma a minimizar os impactos ambientais, o sistema ter\u00e1 capacidade para atender a localidade com energia e possibilitar, al\u00e9m da ilumina\u00e7\u00e3o, o uso de eletrodom\u00e9sticos, como geladeira, televis\u00e3o e ventilador, dentre outros.<\/p>\n\n\n\n<p>Conhecido tecnicamente como Microssistema de Distribui\u00e7\u00e3o de Gera\u00e7\u00e3o Distribu\u00edda (MIGDI), o conjunto formado pelas centrais solares e baterias proporciona gera\u00e7\u00e3o renov\u00e1vel e consiste em uma solu\u00e7\u00e3o moderna e adequada para atendimento com energia a \u00e1reas de prote\u00e7\u00e3o ambiental.<\/p>\n\n\n\n<p>\u201cPara armazenar a energia gerada ser\u00e1 instalado um sistema de baterias que poder\u00e1 atender a comunidade por alguns dias, mesmo que n\u00e3o haja sol\u201d, afirma o superintendente de Smart Grid e Projetos Especiais da Copel, J\u00falio Omori. <\/p>\n\n\n\n<p>\u201cTrata-se de um sistema de baterias de l\u00edtio que, al\u00e9m de atender a demanda da comunidade, conta com tecnologia que possibilita o acompanhamento remoto de seu funcionamento. Assim, um eventual problema poder\u00e1 ser identificado instantaneamente e solucionado com mais rapidez\u201d.<\/p>\n\n\n\n<p>Paralelamente, a Copel vai instalar um sistema para aquecimento de chuveiro junto a cada resid\u00eancia. A estrutura \u00e9 formada por um reservat\u00f3rio t\u00e9rmico de \u00e1gua (tamb\u00e9m conhecido como boiler) que utiliza o calor do sol para esquentar a \u00e1gua que ser\u00e1 utiliza pela ducha de cada casa, mantendo o aquecimento da \u00e1gua sem gasto adicional de energia.<\/p>\n\n\n\n<p>OUTRAS INICIATIVAS \u2013 Ao longo dos \u00faltimos anos, a Copel investiu para refor\u00e7ar o atendimento \u00e0 Ilha do Mel e minimizar o impacto ao meio ambiente. Em 2022, a companhia substituiu uma rede convencional por rede compacta na Ilha do Mel. Foram investidos R$ 302,93 mil na instala\u00e7\u00e3o de postes de fibra e na substitui\u00e7\u00e3o de 4,17 km de cabos. <\/p>\n\n\n\n<p>Os cabos compactos instalados s\u00e3o mais resistentes a galhos e outros objetos, garantindo maior qualidade no fornecimento de energia. A melhoria permite, ainda, reduzir a \u00e1rea de poda e o impacto sobre a arboriza\u00e7\u00e3o.<\/p>\n\n\n\n<p>A Ilha do Mel tamb\u00e9m ser\u00e1 beneficiada, em 2024, pelo programa Rede El\u00e9trica Inteligente, que vai trocar gratuitamente os medidores dos consumidores locais por medidores digitais inteligentes. Com os novos equipamentos, que se comunicam de forma remota com o Centro de Opera\u00e7\u00f5es na Copel, eventuais desligamentos ser\u00e3o restabelecidos mais rapidamente.<\/p>\n\n\n\n<p>A leitura do consumo, assim como o desligamento por inadimpl\u00eancia e a religa\u00e7\u00e3o ap\u00f3s o pagamento das contas s\u00e3o feitos a dist\u00e2ncia, sem a necessidade de deslocamento de um profissional at\u00e9 o domic\u00edlio do cliente. At\u00e9 agora, o programa instalou mais de 500 mil medidores em quase 80 munic\u00edpios de todo o Paran\u00e1.<\/p>\n\n\n\n<p>AEN<\/p>\n","protected":false},"excerpt":{"rendered":"<p>A solu\u00e7\u00e3o foi escolhida pela Copel por ser a tecnologia mais efetiva, sustent\u00e1vel e com menor impacto ambiental para fornecer energia \u00e0s fam\u00edlias da comunidade tradicional da Ponta Oeste, que se localiza em uma \u00c1rea de Prote\u00e7\u00e3o Ambiental. A Copel vai construir um sistema de gera\u00e7\u00e3o solar fotovoltaica para atender a comunidade tradicional da Ponta [&hellip;]<\/p>\n","protected":false},"author":2,"featured_media":51514,"comment_status":"open","ping_status":"open","sticky":false,"template":"","format":"standard","meta":{"advanced_seo_description":"","jetpack_seo_html_title":"","jetpack_seo_noindex":false,"_jetpack_memberships_contains_paid_content":false,"footnotes":""},"categories":[40],"tags":[],"class_list":{"0":"post-51513","1":"post","2":"type-post","3":"status-publish","4":"format-standard","5":"has-post-thumbnail","7":"category-destaques"},"jetpack_featured_media_url":"https:\/\/www.paranapraia.com.br\/wp-content\/uploads\/2023\/07\/img_6425-scaled.jpg","jetpack_sharing_enabled":true,"_links":{"self":[{"href":"https:\/\/www.paranapraia.com.br\/index.php\/wp-json\/wp\/v2\/posts\/51513"}],"collection":[{"href":"https:\/\/www.paranapraia.com.br\/index.php\/wp-json\/wp\/v2\/posts"}],"about":[{"href":"https:\/\/www.paranapraia.com.br\/index.php\/wp-json\/wp\/v2\/types\/post"}],"author":[{"embeddable":true,"href":"https:\/\/www.paranapraia.com.br\/index.php\/wp-json\/wp\/v2\/users\/2"}],"replies":[{"embeddable":true,"href":"https:\/\/www.paranapraia.com.br\/index.php\/wp-json\/wp\/v2\/comments?post=51513"}],"version-history":[{"count":1,"href":"https:\/\/www.paranapraia.com.br\/index.php\/wp-json\/wp\/v2\/posts\/51513\/revisions"}],"predecessor-version":[{"id":51515,"href":"https:\/\/www.paranapraia.com.br\/index.php\/wp-json\/wp\/v2\/posts\/51513\/revisions\/51515"}],"wp:featuredmedia":[{"embeddable":true,"href":"https:\/\/www.paranapraia.com.br\/index.php\/wp-json\/wp\/v2\/media\/51514"}],"wp:attachment":[{"href":"https:\/\/www.paranapraia.com.br\/index.php\/wp-json\/wp\/v2\/media?parent=51513"}],"wp:term":[{"taxonomy":"category","embeddable":true,"href":"https:\/\/www.paranapraia.com.br\/index.php\/wp-json\/wp\/v2\/categories?post=51513"},{"taxonomy":"post_tag","embeddable":true,"href":"https:\/\/www.paranapraia.com.br\/index.php\/wp-json\/wp\/v2\/tags?post=51513"}],"curies":[{"name":"wp","href":"https:\/\/api.w.org\/{rel}","templated":true}]}}