{"id":51510,"date":"2023-07-04T14:59:19","date_gmt":"2023-07-04T17:59:19","guid":{"rendered":"https:\/\/www.paranapraia.com.br\/?p=51510"},"modified":"2023-07-04T14:59:20","modified_gmt":"2023-07-04T17:59:20","slug":"pcpr-comemora-sete-anos-do-grupamento-de-operacoes-aereas","status":"publish","type":"post","link":"https:\/\/www.paranapraia.com.br\/index.php\/2023\/07\/04\/pcpr-comemora-sete-anos-do-grupamento-de-operacoes-aereas\/","title":{"rendered":"PCPR comemora sete anos do Grupamento de Opera\u00e7\u00f5es A\u00e9reas"},"content":{"rendered":"\n<p>A Pol\u00edcia Civil do Paran\u00e1 (PCPR) comemora sete anos de cria\u00e7\u00e3o do seu Grupamento de Opera\u00e7\u00f5es A\u00e9reas (GOA) nesta ter\u00e7a-feira (4). O grupamento realiza voos de policiamento de repress\u00e3o qualificada.<\/p>\n\n\n\n<p>Durante os \u00faltimos sete anos, o grupamento possibilitou que a PCPR expandisse a sua atua\u00e7\u00e3o atrav\u00e9s do refor\u00e7o a\u00e9reo, participando de opera\u00e7\u00f5es exclusivas e programadas para cumprimento de mandados por todo o Paran\u00e1.<\/p>\n\n\n\n<p>No \u00faltimo ano, o GOA aumentou em 39,6% o n\u00famero de miss\u00f5es realizadas ao longo de 2022, na compara\u00e7\u00e3o com o ano anterior. Houve 539 apoios \u00e0s opera\u00e7\u00f5es da pr\u00f3pria institui\u00e7\u00e3o e da Pol\u00edcia Federal, al\u00e9m do transporte de \u00f3rg\u00e3os em conjunto com a Divis\u00e3o de Transporte A\u00e9reo da Casa Militar. Em 2021, foram 386 miss\u00f5es contabilizadas.<\/p>\n\n\n\n<p>O delegado da PCPR e chefe do GOA, Renato Coelho de Jesus, conta que o grupamento de opera\u00e7\u00f5es a\u00e9reas tem realizado in\u00fameros apoios as unidades de execu\u00e7\u00e3o da pol\u00edcia judici\u00e1ria.<\/p>\n\n\n\n<p>\u201cN\u00f3s conseguimos atrav\u00e9s das aeronaves prestar apoio no cumprimento de mandados de busca e aprens\u00e3o, mandados de pris\u00e3o, persegui\u00e7\u00f5es policiais diversas atividades fins da Pol\u00edcia Civil. \u00c9 um recurso extremamente \u00e1gil que possibilita imediato cumprimento de medidas por parte das autoridades policiais\u201d, afirma Coelho.<\/p>\n\n\n\n<p>ESTRUTURA- Desde que iniciou os trabalhos, em 2016, a unidade disp\u00f5e de dois helic\u00f3pteros R44, um helic\u00f3ptero Bell 407, um avi\u00e3o Beecheraft modelo Baron B58 e um helic\u00f3ptero Eurocopter AS 350, locado.<\/p>\n\n\n\n<p>Atualmente, o GOA conta com tr\u00eas comandantes, cinco copilotos e tr\u00eas operadores aerot\u00e1ticos para os helic\u00f3pteros. Al\u00e9m deles, s\u00e3o mais dois copilotos em ascens\u00e3o para comandantes de aeronave de asa fixa (avi\u00e3o).<\/p>\n\n\n\n<p>PCPR<\/p>\n","protected":false},"excerpt":{"rendered":"<p>A Pol\u00edcia Civil do Paran\u00e1 (PCPR) comemora sete anos de cria\u00e7\u00e3o do seu Grupamento de Opera\u00e7\u00f5es A\u00e9reas (GOA) nesta ter\u00e7a-feira (4). O grupamento realiza voos de policiamento de repress\u00e3o qualificada. Durante os \u00faltimos sete anos, o grupamento possibilitou que a PCPR expandisse a sua atua\u00e7\u00e3o atrav\u00e9s do refor\u00e7o a\u00e9reo, participando de opera\u00e7\u00f5es exclusivas e programadas [&hellip;]<\/p>\n","protected":false},"author":2,"featured_media":51511,"comment_status":"open","ping_status":"open","sticky":false,"template":"","format":"standard","meta":{"advanced_seo_description":"","jetpack_seo_html_title":"","jetpack_seo_noindex":false,"_jetpack_memberships_contains_paid_content":false,"footnotes":""},"categories":[33],"tags":[],"class_list":{"0":"post-51510","1":"post","2":"type-post","3":"status-publish","4":"format-standard","5":"has-post-thumbnail","7":"category-policia"},"jetpack_featured_media_url":"https:\/\/www.paranapraia.com.br\/wp-content\/uploads\/2023\/07\/anyconv.com_whatsapp_image_2023-07-04_at_12.33.46-scaled.jpg","jetpack_sharing_enabled":true,"_links":{"self":[{"href":"https:\/\/www.paranapraia.com.br\/index.php\/wp-json\/wp\/v2\/posts\/51510"}],"collection":[{"href":"https:\/\/www.paranapraia.com.br\/index.php\/wp-json\/wp\/v2\/posts"}],"about":[{"href":"https:\/\/www.paranapraia.com.br\/index.php\/wp-json\/wp\/v2\/types\/post"}],"author":[{"embeddable":true,"href":"https:\/\/www.paranapraia.com.br\/index.php\/wp-json\/wp\/v2\/users\/2"}],"replies":[{"embeddable":true,"href":"https:\/\/www.paranapraia.com.br\/index.php\/wp-json\/wp\/v2\/comments?post=51510"}],"version-history":[{"count":1,"href":"https:\/\/www.paranapraia.com.br\/index.php\/wp-json\/wp\/v2\/posts\/51510\/revisions"}],"predecessor-version":[{"id":51512,"href":"https:\/\/www.paranapraia.com.br\/index.php\/wp-json\/wp\/v2\/posts\/51510\/revisions\/51512"}],"wp:featuredmedia":[{"embeddable":true,"href":"https:\/\/www.paranapraia.com.br\/index.php\/wp-json\/wp\/v2\/media\/51511"}],"wp:attachment":[{"href":"https:\/\/www.paranapraia.com.br\/index.php\/wp-json\/wp\/v2\/media?parent=51510"}],"wp:term":[{"taxonomy":"category","embeddable":true,"href":"https:\/\/www.paranapraia.com.br\/index.php\/wp-json\/wp\/v2\/categories?post=51510"},{"taxonomy":"post_tag","embeddable":true,"href":"https:\/\/www.paranapraia.com.br\/index.php\/wp-json\/wp\/v2\/tags?post=51510"}],"curies":[{"name":"wp","href":"https:\/\/api.w.org\/{rel}","templated":true}]}}