{"id":51507,"date":"2023-07-04T14:52:05","date_gmt":"2023-07-04T17:52:05","guid":{"rendered":"https:\/\/www.paranapraia.com.br\/?p=51507"},"modified":"2023-07-04T14:52:06","modified_gmt":"2023-07-04T17:52:06","slug":"1o-semestre-curso-forma-240-servidores-para-aperfeicoamento-dos-servicos-penitenciarios","status":"publish","type":"post","link":"https:\/\/www.paranapraia.com.br\/index.php\/2023\/07\/04\/1o-semestre-curso-forma-240-servidores-para-aperfeicoamento-dos-servicos-penitenciarios\/","title":{"rendered":"1\u00ba semestre: curso forma 240 servidores para aperfei\u00e7oamento dos servi\u00e7os penitenci\u00e1rios"},"content":{"rendered":"\n<p>A Escola de Forma\u00e7\u00e3o e Aperfei\u00e7oamento Penitenci\u00e1rio (Espen), da Pol\u00edcia Penal do Paran\u00e1 (PPPR), fechou o primeiro semestre de 2023 com 240 policiais formados no Curso de Transi\u00e7\u00e3o para Opera\u00e7\u00f5es da Pol\u00edcia Penal (CTOPP). O Estado j\u00e1 alcan\u00e7a a marca de 803 servidores formados neste curso. O Paran\u00e1 conta atualmente com cerca de 2,3 mil policiais penais em atividade.\u00a0<\/p>\n\n\n\n<p>Esta forma\u00e7\u00e3o visa o alinhamento institucional e aperfei\u00e7oamento dos servi\u00e7os penitenci\u00e1rios, atrav\u00e9s da capacita\u00e7\u00e3o de todos os policiais penais paranaenses e suas respectivas novas atribui\u00e7\u00f5es, como escolta, muralha, seguran\u00e7a interna, seguran\u00e7a externa e gest\u00e3o do sistema prisional.<\/p>\n\n\n\n<p>Para o diretor-geral da Pol\u00edcia Penal do Paran\u00e1, Osvaldo Messias Machado, a capacita\u00e7\u00e3o tem grande representatividade, pois d\u00e1 ainda mais \u00eanfase na consolida\u00e7\u00e3o da Pol\u00edcia Penal enquanto institui\u00e7\u00e3o de seguran\u00e7a p\u00fablica.&nbsp;\u201cO curso \u00e9 de grande import\u00e2ncia para nossa institui\u00e7\u00e3o, pois forma nossos policiais para atuar desde o aspecto interno das unidades prisionais at\u00e9 mesmo em escoltas e capturas de pessoas foragidas. Este curso tem sido um avan\u00e7o importante para os servidores, consolidando a Pol\u00edcia Penal como uma for\u00e7a de seguran\u00e7a\u201d, salienta.<\/p>\n\n\n\n<p>O diretor-adjunto Maur\u00edcio Ferracini enfatiza que as mudan\u00e7as no desempenho das fun\u00e7\u00f5es s\u00e3o vis\u00edveis ap\u00f3s o curso e representam uma importante ascens\u00e3o profissional na carreira dos servidores. \u201cHabilita o profissional em todas as t\u00e9cnicas policiais e impacta positivamente na qualidade do trabalho da Pol\u00edcia Penal, na seguran\u00e7a de nossas unidades e apresenta um avan\u00e7o para todo o corpo institucional como uma nova forma de trabalho\u201d, diz.<\/p>\n\n\n\n<p>No total, foram oito turmas formadas neste primeiro semestre, sendo duas de Curitiba. Tamb\u00e9m foram contempladas as regionais de Cascavel, Londrina, Maring\u00e1, Cruzeiro do Oeste, Foz do Igua\u00e7u e Guarapuava. Cada turma contou com 30 servidores, em m\u00e9dia. Os cursos tiveram in\u00edcio em mar\u00e7o, com dura\u00e7\u00e3o de 14 dias.<\/p>\n\n\n\n<p><strong>ETAPAS<\/strong>&nbsp;\u2013 A forma\u00e7\u00e3o \u00e9 dividida em duas etapas, uma presencial de teor ostensivo, com dura\u00e7\u00e3o de 144 horas, ligada \u00e0 pr\u00e1tica de seguran\u00e7a interna e externa das unidades prisionais, escolta, dire\u00e7\u00e3o defensiva, t\u00e9cnicas n\u00e3o letais, armamento, entre outro, sempre com a supervis\u00e3o da Espen.&nbsp;<\/p>\n\n\n\n<p>A outra etapa ocorre na modalidade de ensino a dist\u00e2ncia, realizada atrav\u00e9s da plataforma exclusiva de estudo da Espen, com carga hor\u00e1ria de 172 horas e 19 disciplinas, envolvendo quest\u00f5es te\u00f3ricas importantes para o trabalho policial de ressocializa\u00e7\u00e3o de pessoas privadas de liberdade (PPL) no sistema penitenci\u00e1rio paranaense. Entre elas est\u00e3o gerenciamento de crise, justi\u00e7a restaurativa, gest\u00e3o da monitora\u00e7\u00e3o eletr\u00f4nica, Lei de Execu\u00e7\u00f5es Penais.<\/p>\n\n\n\n<p>O diretor da Espen, Rodrigo Alves Favaro, destaca que esta forma\u00e7\u00e3o torna os policiais penais mais preparados para as atividades do dia a dia, estando habilitados e cientes da nova conduta e responsabilidade em fazer parte da institui\u00e7\u00e3o.<\/p>\n\n\n\n<p>\u201cO Paran\u00e1 pode se orgulhar de que, junto com a sua institucionaliza\u00e7\u00e3o, a Pol\u00edcia Penal, atrav\u00e9s da Espen, tem feito a forma\u00e7\u00e3o de seus policiais para que eles operem com mais seguran\u00e7a e legalidade\u201d, disse Favaro. \u201cA Espen deve um agradecimentos aos coordenadores regionais, diretores de unidades, dire\u00e7\u00e3o de departamento e, em especial, aos nossos instrutores que se deslocarem para outros locais em prol de uma Pol\u00edcia Penal mais qualificada\u201d.<\/p>\n\n\n\n<p><strong>ESCOLA&nbsp;<\/strong>\u2013 A Espen \u00e9 composta por uma equipe multidisciplinar de policiais penais, t\u00e9cnicos administrativos, psic\u00f3logos e pedagogos, especialistas das \u00e1reas de Tecnologia, Gest\u00e3o de Pessoas, Direito, Educa\u00e7\u00e3o e Engenharia, entre outras.<\/p>\n\n\n\n<p>Para o segundo semestre deste ano j\u00e1 est\u00e3o programadas novas turmas que contemplam todas as nove regionais administrativas. No m\u00eas de julho ser\u00e3o realizados os cursos em Francisco Beltr\u00e3o e Ponta Grossa; em agosto, em Cascavel e Curitiba; e em setembro, em Maring\u00e1 e uma nova turma em Curitiba. Em outubro os cursos ocorrer\u00e3o em Londrina e Cruzeiro do Oeste; em novembro, em Foz do Igua\u00e7u e Guarapuava, e, fechando o ano, em dezembro em Ponta Grossa.<\/p>\n\n\n\n<p>AEN<\/p>\n","protected":false},"excerpt":{"rendered":"<p>A Escola de Forma\u00e7\u00e3o e Aperfei\u00e7oamento Penitenci\u00e1rio (Espen), da Pol\u00edcia Penal do Paran\u00e1 (PPPR), fechou o primeiro semestre de 2023 com 240 policiais formados no Curso de Transi\u00e7\u00e3o para Opera\u00e7\u00f5es da Pol\u00edcia Penal (CTOPP). O Estado j\u00e1 alcan\u00e7a a marca de 803 servidores formados neste curso. O Paran\u00e1 conta atualmente com cerca de 2,3 mil [&hellip;]<\/p>\n","protected":false},"author":2,"featured_media":51508,"comment_status":"open","ping_status":"open","sticky":false,"template":"","format":"standard","meta":{"advanced_seo_description":"","jetpack_seo_html_title":"","jetpack_seo_noindex":false,"_jetpack_memberships_contains_paid_content":false,"footnotes":""},"categories":[40,33],"tags":[],"class_list":{"0":"post-51507","1":"post","2":"type-post","3":"status-publish","4":"format-standard","5":"has-post-thumbnail","7":"category-destaques","8":"category-policia"},"jetpack_featured_media_url":"https:\/\/www.paranapraia.com.br\/wp-content\/uploads\/2023\/07\/ctopp_maringa-scaled.jpg","jetpack_sharing_enabled":true,"_links":{"self":[{"href":"https:\/\/www.paranapraia.com.br\/index.php\/wp-json\/wp\/v2\/posts\/51507"}],"collection":[{"href":"https:\/\/www.paranapraia.com.br\/index.php\/wp-json\/wp\/v2\/posts"}],"about":[{"href":"https:\/\/www.paranapraia.com.br\/index.php\/wp-json\/wp\/v2\/types\/post"}],"author":[{"embeddable":true,"href":"https:\/\/www.paranapraia.com.br\/index.php\/wp-json\/wp\/v2\/users\/2"}],"replies":[{"embeddable":true,"href":"https:\/\/www.paranapraia.com.br\/index.php\/wp-json\/wp\/v2\/comments?post=51507"}],"version-history":[{"count":1,"href":"https:\/\/www.paranapraia.com.br\/index.php\/wp-json\/wp\/v2\/posts\/51507\/revisions"}],"predecessor-version":[{"id":51509,"href":"https:\/\/www.paranapraia.com.br\/index.php\/wp-json\/wp\/v2\/posts\/51507\/revisions\/51509"}],"wp:featuredmedia":[{"embeddable":true,"href":"https:\/\/www.paranapraia.com.br\/index.php\/wp-json\/wp\/v2\/media\/51508"}],"wp:attachment":[{"href":"https:\/\/www.paranapraia.com.br\/index.php\/wp-json\/wp\/v2\/media?parent=51507"}],"wp:term":[{"taxonomy":"category","embeddable":true,"href":"https:\/\/www.paranapraia.com.br\/index.php\/wp-json\/wp\/v2\/categories?post=51507"},{"taxonomy":"post_tag","embeddable":true,"href":"https:\/\/www.paranapraia.com.br\/index.php\/wp-json\/wp\/v2\/tags?post=51507"}],"curies":[{"name":"wp","href":"https:\/\/api.w.org\/{rel}","templated":true}]}}