{"id":51501,"date":"2023-07-04T14:03:28","date_gmt":"2023-07-04T17:03:28","guid":{"rendered":"https:\/\/www.paranapraia.com.br\/?p=51501"},"modified":"2023-07-04T14:03:28","modified_gmt":"2023-07-04T17:03:28","slug":"secretaria-de-saude-promove-semana-de-acoes-de-enfrentamento-do-uso-do-tabaco","status":"publish","type":"post","link":"https:\/\/www.paranapraia.com.br\/index.php\/2023\/07\/04\/secretaria-de-saude-promove-semana-de-acoes-de-enfrentamento-do-uso-do-tabaco\/","title":{"rendered":"Secretaria de Sa\u00fade promove semana de a\u00e7\u00f5es de enfrentamento do uso do tabaco"},"content":{"rendered":"\n<p>Com objetivo de fortalecer a fiscaliza\u00e7\u00e3o e dar sequ\u00eancia nas a\u00e7\u00f5es educativas e legislativas para o controle do tabaco no Brasil e no Paran\u00e1, a Secretaria de Estado da Sa\u00fade (Sesa) promove nesta semana, em Curitiba, na sede da PRF-PR, a 2\u00aa Etapa do Projeto de Sustentabilidade e Aprimoramento da Pol\u00edtica Nacional de Controle do Tabaco no Brasil. <\/p>\n\n\n\n<p>O evento, que iniciou na segunda-feira (3) com uma reuni\u00e3o junto aos varejistas do ramo de tabaco, segue nesta ter\u00e7a-feira (4) com a capacita\u00e7\u00e3o: &#8220;Legisla\u00e7\u00e3o e Fiscaliza\u00e7\u00e3o em Controle do Tabaco\u201d e vai at\u00e9 sexta-feira (7).O Paran\u00e1 foi escolhido para representar o Sul juntamente com outros quatro estados (Para\u00edba, Tocantins, Rio de Janeiro e Goi\u00e1s) de outras regi\u00f5es no Projeto de Aprimoramento da Pol\u00edtica Nacional de Controle do Tabaco. <\/p>\n\n\n\n<p>O objetivo \u00e9 aperfei\u00e7oar as pol\u00edticas p\u00fablicas existentes para o controle do tabaco em todo o Pa\u00eds. Os assuntos abordados durante esta semana ser\u00e3o replicados para os outros estados.  Cerca de 260 t\u00e9cnicos das Regionais do Programa Nacional de Controle do Tabagismo (PNCT), Vigil\u00e2ncias Sanit\u00e1rias e Departamento Estadual de Prote\u00e7\u00e3o e Defesa do Consumidor (Procon) dos munic\u00edpios participam do evento, que \u00e9 uma parceria com a Organiza\u00e7\u00e3o Pan-americana de Sa\u00fade (Opas), Instituto Nacional de C\u00e2ncer (INCA) e Ag\u00eancia Nacional de Vigil\u00e2ncia Sanit\u00e1ria (Anvisa).<\/p>\n\n\n\n<p>\u201cO tabagismo \u00e9 um grave problema de sa\u00fade p\u00fablica e pode ser fator determinante para o desenvolvimento de doen\u00e7as cr\u00f4nicas como o c\u00e2ncer, doen\u00e7as pulmonares e cardiovasculares. Precisamos reduzir o n\u00famero de pessoas que desenvolvem essas doen\u00e7as, assim como as mortes ocasionadas pelo tabaco. A atua\u00e7\u00e3o das equipes da vigil\u00e2ncia sanit\u00e1ria \u00e9 muito importante para atingirmos esse objetivo\u201d, alertou o secret\u00e1rio de Estado da Sa\u00fade, Beto Preto.<\/p>\n\n\n\n<p>Segundo a Organiza\u00e7\u00e3o Mundial da Sa\u00fade (OMS), o tabagismo mata 8 milh\u00f5es de pessoas todos os anos. Dessas, 156 mil ocorrem no Brasil. De acordo com pesquisas do Instituto de Estudos em Sa\u00fade Coletiva (IESC\/UFRJ), o tabaco e seus derivados geram cerca de 125 bilh\u00f5es de preju\u00edzos anualmente ao Pa\u00eds, seja por custos com tratamento, adoecimento, invalidez e at\u00e9 mesmo morte por doen\u00e7as relacionadas ao tabaco. Apenas 10% desse valor \u00e9 arrecadado em impostos com produtos derivados de tabaco.<\/p>\n\n\n\n<p>ATENDIMENTO \u2013 O atendimento \u00e0 pessoa tabagista no Paran\u00e1 \u00e9 realizado por equipes multiprofissionais de sa\u00fade, prioritariamente na aten\u00e7\u00e3o prim\u00e1ria, tendo como eixo principal a abordagem cognitiva a qual prev\u00ea a mudan\u00e7a de comportamentos e escolha de h\u00e1bitos saud\u00e1veis de vida.Este cuidado prev\u00ea o acolhimento do usu\u00e1rio, estratifica\u00e7\u00e3o de risco, apoio ao tratamento, acesso a exames e medicamentos e a qualifica\u00e7\u00e3o dos profissionais de sa\u00fade.<\/p>\n\n\n\n<p>Atualmente, o Programa de Cessa\u00e7\u00e3o do Tabagismo \u00e9 ofertado em 291 munic\u00edpios. De acordo com a Sesa, 74% dos munic\u00edpios paranaenses contam com, ao menos, uma equipe que oferta tratamento do tabagismo, seja nas Unidades de Sa\u00fade da Aten\u00e7\u00e3o Prim\u00e1ria \u00e0 Sa\u00fade ou na Aten\u00e7\u00e3o Especializada. <\/p>\n\n\n\n<p>De acordo com levantamento da pasta, no ano passado cerca de 8.465 pessoas procuraram o tratamento. J\u00e1 neste ano, dados preliminares d\u00e3o conta que foram 3.660 usu\u00e1rios no primeiro quadrimestre \u2013 57% eram mulheres.<\/p>\n\n\n\n<p>Todas essas medidas geram um reflexo positivo na queda de preval\u00eancia de fumantes no Brasil. Dados da Pesquisa Nacional e Sa\u00fade (PNS\/2019) mostram que em todo o Brasil, cerca de 20 milh\u00f5es de pessoas s\u00e3o fumantes, sendo 13,7% no Paran\u00e1.<\/p>\n\n\n\n<p>AEN<\/p>\n","protected":false},"excerpt":{"rendered":"<p>Com objetivo de fortalecer a fiscaliza\u00e7\u00e3o e dar sequ\u00eancia nas a\u00e7\u00f5es educativas e legislativas para o controle do tabaco no Brasil e no Paran\u00e1, a Secretaria de Estado da Sa\u00fade (Sesa) promove nesta semana, em Curitiba, na sede da PRF-PR, a 2\u00aa Etapa do Projeto de Sustentabilidade e Aprimoramento da Pol\u00edtica Nacional de Controle do [&hellip;]<\/p>\n","protected":false},"author":2,"featured_media":51502,"comment_status":"open","ping_status":"open","sticky":false,"template":"","format":"standard","meta":{"advanced_seo_description":"","jetpack_seo_html_title":"","jetpack_seo_noindex":false,"_jetpack_memberships_contains_paid_content":false,"footnotes":""},"categories":[50],"tags":[],"class_list":{"0":"post-51501","1":"post","2":"type-post","3":"status-publish","4":"format-standard","5":"has-post-thumbnail","7":"category-saude"},"jetpack_featured_media_url":"https:\/\/www.paranapraia.com.br\/wp-content\/uploads\/2023\/07\/whatsapp_image_2023-07-04_at_08.50.44_1-scaled.jpg","jetpack_sharing_enabled":true,"_links":{"self":[{"href":"https:\/\/www.paranapraia.com.br\/index.php\/wp-json\/wp\/v2\/posts\/51501"}],"collection":[{"href":"https:\/\/www.paranapraia.com.br\/index.php\/wp-json\/wp\/v2\/posts"}],"about":[{"href":"https:\/\/www.paranapraia.com.br\/index.php\/wp-json\/wp\/v2\/types\/post"}],"author":[{"embeddable":true,"href":"https:\/\/www.paranapraia.com.br\/index.php\/wp-json\/wp\/v2\/users\/2"}],"replies":[{"embeddable":true,"href":"https:\/\/www.paranapraia.com.br\/index.php\/wp-json\/wp\/v2\/comments?post=51501"}],"version-history":[{"count":1,"href":"https:\/\/www.paranapraia.com.br\/index.php\/wp-json\/wp\/v2\/posts\/51501\/revisions"}],"predecessor-version":[{"id":51503,"href":"https:\/\/www.paranapraia.com.br\/index.php\/wp-json\/wp\/v2\/posts\/51501\/revisions\/51503"}],"wp:featuredmedia":[{"embeddable":true,"href":"https:\/\/www.paranapraia.com.br\/index.php\/wp-json\/wp\/v2\/media\/51502"}],"wp:attachment":[{"href":"https:\/\/www.paranapraia.com.br\/index.php\/wp-json\/wp\/v2\/media?parent=51501"}],"wp:term":[{"taxonomy":"category","embeddable":true,"href":"https:\/\/www.paranapraia.com.br\/index.php\/wp-json\/wp\/v2\/categories?post=51501"},{"taxonomy":"post_tag","embeddable":true,"href":"https:\/\/www.paranapraia.com.br\/index.php\/wp-json\/wp\/v2\/tags?post=51501"}],"curies":[{"name":"wp","href":"https:\/\/api.w.org\/{rel}","templated":true}]}}