{"id":51395,"date":"2023-07-02T12:16:15","date_gmt":"2023-07-02T15:16:15","guid":{"rendered":"https:\/\/www.paranapraia.com.br\/?p=51395"},"modified":"2023-07-02T12:16:15","modified_gmt":"2023-07-02T15:16:15","slug":"bebe-foca-surfista-faz-sucesso-na-praia-e-nas-redes-sociais-video","status":"publish","type":"post","link":"https:\/\/www.paranapraia.com.br\/index.php\/2023\/07\/02\/bebe-foca-surfista-faz-sucesso-na-praia-e-nas-redes-sociais-video\/","title":{"rendered":"Beb\u00ea foca surfista faz sucesso na praia e nas redes sociais; V\u00eddeo"},"content":{"rendered":"\n<p>Um mini surfista muito especial \u00e9 a estrela numa praia. \u00c9 o beb\u00ea foca chamado Sammy, como foi batizado pelos \u201camigos\u201d surfistas. E ele comporta-se como um atleta. Gosta mesmo \u00e9 de pegar carona na prancha alheia e vai trocando, de acordo com os desejos do momento.<\/p>\n\n\n\n<p> A foquinha virou uma celebridade.O espet\u00e1culo dela \u00e9 na praia de Tourmaline Surf Park, de San Diego, na Calif\u00f3rnia, nos Estados Unidos. O filhotinho n\u00e3o tem um amigo surfista ou prancha favoritos, gosta de todos. Pega carona e assim vai.<\/p>\n\n\n\n<p>Aparentemente trata-se de um filhotinho de foca \u00f3rf\u00e3o, capaz de subir em uma prancha de surf por cinco a dez minutos. Sempre pelas manh\u00e3s, seu hor\u00e1rio predileto do dia.<\/p>\n\n\n\n<p>Os amigos surfistas<\/p>\n\n\n\n<p>Os surfistas, habituados com as ondas e com o mar, se surpreenderam com o novo \u201camigo\u201d que chegou de repente e logo com intimidade.<\/p>\n\n\n\n<p>Acostumados com os mist\u00e9rios das \u00e1guas, os surfistas n\u00e3o tocam na foca e \u201cdeixam que ela fa\u00e7a o trabalho que deseja\u201d.N\u00e3o est\u00e1 claro por que a foca gosta de estar perto de humanos e aprender a surfar.<\/p>\n\n\n\n<figure class=\"wp-block-embed is-type-video is-provider-youtube wp-block-embed-youtube wp-embed-aspect-16-9 wp-has-aspect-ratio\"><div class=\"wp-block-embed__wrapper\">\n<iframe loading=\"lazy\" title=\"Video: Baby seal hangs out on surfboards in San Diego\" width=\"696\" height=\"392\" src=\"https:\/\/www.youtube.com\/embed\/MNQR5-G8y6Y?feature=oembed\" frameborder=\"0\" allow=\"accelerometer; autoplay; clipboard-write; encrypted-media; gyroscope; picture-in-picture; web-share\" allowfullscreen><\/iframe>\n<\/div><\/figure>\n\n\n\n<p>Tubar\u00e3o branco<\/p>\n\n\n\n<p>Hartel, o fot\u00f3grafo que registrou as primeiras imagens do mini surfista, disse que h\u00e1 relatos de que um grande tubar\u00e3o branco atacou a m\u00e3e do filhote de foca h\u00e1 uma semana.Desde ent\u00e3o, o filhote de foca est\u00e1 perto da costa perto do Tourmaline Park.<\/p>\n\n\n\n<p>Os socorristas do SeaWorld avaliaram o filhote de foca e descobriram que o animal n\u00e3o apresentava sinais de problemas de sa\u00fade ou sofrimento.<\/p>\n\n\n\n<p>Como a jovem foca est\u00e1 madura e saud\u00e1vel para viver de forma independente, as autoridades de resgate est\u00e3o deixando o animal em paz.<\/p>\n","protected":false},"excerpt":{"rendered":"<p>Um mini surfista muito especial \u00e9 a estrela numa praia. \u00c9 o beb\u00ea foca chamado Sammy, como foi batizado pelos \u201camigos\u201d surfistas. E ele comporta-se como um atleta. Gosta mesmo \u00e9 de pegar carona na prancha alheia e vai trocando, de acordo com os desejos do momento. A foquinha virou uma celebridade.O espet\u00e1culo dela \u00e9 [&hellip;]<\/p>\n","protected":false},"author":2,"featured_media":51396,"comment_status":"open","ping_status":"open","sticky":false,"template":"","format":"standard","meta":{"advanced_seo_description":"","jetpack_seo_html_title":"","jetpack_seo_noindex":false,"_jetpack_memberships_contains_paid_content":false,"footnotes":""},"categories":[34],"tags":[],"class_list":{"0":"post-51395","1":"post","2":"type-post","3":"status-publish","4":"format-standard","5":"has-post-thumbnail","7":"category-meio-ambiente"},"jetpack_featured_media_url":"https:\/\/www.paranapraia.com.br\/wp-content\/uploads\/2023\/07\/IMG-20230702-WA0006.jpg","jetpack_sharing_enabled":true,"_links":{"self":[{"href":"https:\/\/www.paranapraia.com.br\/index.php\/wp-json\/wp\/v2\/posts\/51395"}],"collection":[{"href":"https:\/\/www.paranapraia.com.br\/index.php\/wp-json\/wp\/v2\/posts"}],"about":[{"href":"https:\/\/www.paranapraia.com.br\/index.php\/wp-json\/wp\/v2\/types\/post"}],"author":[{"embeddable":true,"href":"https:\/\/www.paranapraia.com.br\/index.php\/wp-json\/wp\/v2\/users\/2"}],"replies":[{"embeddable":true,"href":"https:\/\/www.paranapraia.com.br\/index.php\/wp-json\/wp\/v2\/comments?post=51395"}],"version-history":[{"count":1,"href":"https:\/\/www.paranapraia.com.br\/index.php\/wp-json\/wp\/v2\/posts\/51395\/revisions"}],"predecessor-version":[{"id":51397,"href":"https:\/\/www.paranapraia.com.br\/index.php\/wp-json\/wp\/v2\/posts\/51395\/revisions\/51397"}],"wp:featuredmedia":[{"embeddable":true,"href":"https:\/\/www.paranapraia.com.br\/index.php\/wp-json\/wp\/v2\/media\/51396"}],"wp:attachment":[{"href":"https:\/\/www.paranapraia.com.br\/index.php\/wp-json\/wp\/v2\/media?parent=51395"}],"wp:term":[{"taxonomy":"category","embeddable":true,"href":"https:\/\/www.paranapraia.com.br\/index.php\/wp-json\/wp\/v2\/categories?post=51395"},{"taxonomy":"post_tag","embeddable":true,"href":"https:\/\/www.paranapraia.com.br\/index.php\/wp-json\/wp\/v2\/tags?post=51395"}],"curies":[{"name":"wp","href":"https:\/\/api.w.org\/{rel}","templated":true}]}}