{"id":51390,"date":"2023-07-02T10:28:46","date_gmt":"2023-07-02T13:28:46","guid":{"rendered":"https:\/\/www.paranapraia.com.br\/?p=51390"},"modified":"2023-07-02T10:28:47","modified_gmt":"2023-07-02T13:28:47","slug":"bairros-de-curitiba-e-colombo-estao-com-abastecimento-prejudicado-neste-domingo","status":"publish","type":"post","link":"https:\/\/www.paranapraia.com.br\/index.php\/2023\/07\/02\/bairros-de-curitiba-e-colombo-estao-com-abastecimento-prejudicado-neste-domingo\/","title":{"rendered":"Bairros de Curitiba e Colombo est\u00e3o com abastecimento prejudicado neste domingo"},"content":{"rendered":"\n<p><em>Houve falta de energia el\u00e9trica em equipamentos do sistema. Previs\u00e3o \u00e9 de normaliza\u00e7\u00e3o na madrugada de segunda-feira (3).<\/em><\/p>\n\n\n\n<p>A Sanepar informa que, neste domingo (2), bairros de Curitiba e Colombo est\u00e3o com o abastecimento de \u00e1gua prejudicado devido \u00e0 falta de energia el\u00e9trica em equipamentos do sistema. <\/p>\n\n\n\n<p>Em Curitiba, pode haver oscila\u00e7\u00e3o de press\u00e3o ou falta d\u2019\u00e1gua nas regi\u00f5es do Atuba e Santa C\u00e2ndida. Em Colombo, est\u00e3o com o abastecimento afetado a Vila Zumbi, Mau\u00e1, Guaraituba, Palmital, Guarani e Maracan\u00e3.A Copel j\u00e1 foi acionada e a previs\u00e3o \u00e9 a de que o abastecimento seja retomado at\u00e9 o in\u00edcio da noite de hoje, com normaliza\u00e7\u00e3o durante a madrugada de segunda-feira (3).<\/p>\n\n\n\n<p>A Sanepar orienta a popula\u00e7\u00e3o a fazer uso econ\u00f4mico da \u00e1gua tratada, priorizando higiene e alimenta\u00e7\u00e3o, evitando desperd\u00edcios. Atividades que demandam grande volume de \u00e1gua devem ser adiadas.Podem ficar sem \u00e1gua clientes que n\u00e3o possuem caixa-d\u2019\u00e1gua domiciliar.<\/p>\n\n\n\n<p> A Sanepar lembra que, de acordo com norma da Associa\u00e7\u00e3o Brasileira de Normas T\u00e9cnicas (ABNT), cada im\u00f3vel deve ter caixa-d\u2019\u00e1gua com capacidade para atender as necessidades dos moradores por, no m\u00ednimo, 24 horas. O reservat\u00f3rio domiciliar deve armazenar pelo menos 500 litros.<\/p>\n\n\n\n<p>O Servi\u00e7o de Atendimento ao Cliente Sanepar \u00e9 feito pelo telefone 0800 200 0115. Ao ligar, tenha em m\u00e3os a conta de \u00e1gua ou o n\u00famero de sua matr\u00edcula.Para consultar esta e outras informa\u00e7\u00f5es, use o aplicativo para celular Sanepar Mobile ou acesse sempre o site da Sanepar: www.sanepar.com.br.<\/p>\n\n\n\n<p>AEN<\/p>\n","protected":false},"excerpt":{"rendered":"<p>Houve falta de energia el\u00e9trica em equipamentos do sistema. Previs\u00e3o \u00e9 de normaliza\u00e7\u00e3o na madrugada de segunda-feira (3). A Sanepar informa que, neste domingo (2), bairros de Curitiba e Colombo est\u00e3o com o abastecimento de \u00e1gua prejudicado devido \u00e0 falta de energia el\u00e9trica em equipamentos do sistema. Em Curitiba, pode haver oscila\u00e7\u00e3o de press\u00e3o ou [&hellip;]<\/p>\n","protected":false},"author":2,"featured_media":28564,"comment_status":"open","ping_status":"open","sticky":false,"template":"","format":"standard","meta":{"advanced_seo_description":"","jetpack_seo_html_title":"","jetpack_seo_noindex":false,"_jetpack_memberships_contains_paid_content":false,"footnotes":""},"categories":[40],"tags":[],"class_list":{"0":"post-51390","1":"post","2":"type-post","3":"status-publish","4":"format-standard","5":"has-post-thumbnail","7":"category-destaques"},"jetpack_featured_media_url":"https:\/\/www.paranapraia.com.br\/wp-content\/uploads\/2020\/07\/noticia_529794_img1_corona-onibus-fernando-frazao-1.jpg","jetpack_sharing_enabled":true,"_links":{"self":[{"href":"https:\/\/www.paranapraia.com.br\/index.php\/wp-json\/wp\/v2\/posts\/51390"}],"collection":[{"href":"https:\/\/www.paranapraia.com.br\/index.php\/wp-json\/wp\/v2\/posts"}],"about":[{"href":"https:\/\/www.paranapraia.com.br\/index.php\/wp-json\/wp\/v2\/types\/post"}],"author":[{"embeddable":true,"href":"https:\/\/www.paranapraia.com.br\/index.php\/wp-json\/wp\/v2\/users\/2"}],"replies":[{"embeddable":true,"href":"https:\/\/www.paranapraia.com.br\/index.php\/wp-json\/wp\/v2\/comments?post=51390"}],"version-history":[{"count":1,"href":"https:\/\/www.paranapraia.com.br\/index.php\/wp-json\/wp\/v2\/posts\/51390\/revisions"}],"predecessor-version":[{"id":51391,"href":"https:\/\/www.paranapraia.com.br\/index.php\/wp-json\/wp\/v2\/posts\/51390\/revisions\/51391"}],"wp:featuredmedia":[{"embeddable":true,"href":"https:\/\/www.paranapraia.com.br\/index.php\/wp-json\/wp\/v2\/media\/28564"}],"wp:attachment":[{"href":"https:\/\/www.paranapraia.com.br\/index.php\/wp-json\/wp\/v2\/media?parent=51390"}],"wp:term":[{"taxonomy":"category","embeddable":true,"href":"https:\/\/www.paranapraia.com.br\/index.php\/wp-json\/wp\/v2\/categories?post=51390"},{"taxonomy":"post_tag","embeddable":true,"href":"https:\/\/www.paranapraia.com.br\/index.php\/wp-json\/wp\/v2\/tags?post=51390"}],"curies":[{"name":"wp","href":"https:\/\/api.w.org\/{rel}","templated":true}]}}